{"id":342444,"date":"2021-07-08T11:04:19","date_gmt":"2021-07-08T14:04:19","guid":{"rendered":"https:\/\/www.cnbb.org.br\/?p=342444"},"modified":"2021-07-08T11:04:54","modified_gmt":"2021-07-08T14:04:54","slug":"chamados-e-enviados","status":"publish","type":"post","link":"https:\/\/www.cnbb.org.br\/chamados-e-enviados\/","title":{"rendered":"Chamados e enviados"},"content":{"rendered":"<p style=\"text-align: right;\"><strong>Dom Adimir Antonio Mazali<br \/>\nBispo de Erexim (RS)<br \/>\n<\/strong><\/p>\n<p>&nbsp;<\/p>\n<p style=\"text-align: justify;\">\u00a0\u00a0\u00a0\u00a0\u00a0\u00a0\u00a0\u00a0\u00a0\u00a0\u00a0 Prezados irm\u00e3os e irm\u00e3s que acompanham Voz da Diocese, nossa sauda\u00e7\u00e3o e nosso carinho, no esp\u00edrito de nosso ano jubilar: 50 anos a servi\u00e7o da f\u00e9 e da vida.<\/p>\n<p style=\"text-align: justify;\">\u00a0\u00a0\u00a0\u00a0\u00a0\u00a0\u00a0\u00a0\u00a0\u00a0\u00a0 Nesta oportunidade, manifestamos nossa alegria ao completar 1 ano \u00e0 frente da Diocese de Erexim, estando esta miss\u00e3o em sintonia com a Palavra de Deus deste 15\u00ba Domingo do Tempo Comum. A liturgia nos revela a gra\u00e7a da miss\u00e3o que recebemos pelo batismo de anunciar e testemunhar o Evangelho. Tr\u00eas chamados s\u00e3o apresentados para nossa reflex\u00e3o.<\/p>\n<p style=\"text-align: justify;\">\u00a0\u00a0\u00a0\u00a0\u00a0\u00a0\u00a0\u00a0\u00a0\u00a0\u00a0 Recordando a primeira leitura, Amasias convida a Am\u00f3s a buscar um lugar para exercer a profecia e n\u00e3o permanecer em Betel. Am\u00f3s lhe responde: \u201cN\u00e3o sou profeta nem sou filho de profeta; sou pastor de gado e cultivo sic\u00f4moros. O Senhor chamou-me, quando eu tangia o rebanho, e o Senhor me disse: \u2018Vai profetizar para Israel meu povo\u2019\u201d. Portanto, Deus chama quem ele quer e onde ele quer para realizar uma miss\u00e3o. Usa de pessoas simples para fazer chegar sua palavra aos seus destinat\u00e1rios. Todos, pelo batismo somos chamados a ser profetas das na\u00e7\u00f5es.<\/p>\n<p style=\"text-align: justify;\">\u00a0\u00a0\u00a0\u00a0\u00a0\u00a0\u00a0\u00a0\u00a0\u00a0\u00a0 S\u00e3o Paulo, na segunda leitura, nos recorda que Deus nos escolheu \u201cantes da funda\u00e7\u00e3o do mundo\u201d, para sermos \u201csantos e irrepreens\u00edveis sob o seu olhar, no amor\u201d. Tamb\u00e9m chamados \u00e0 filia\u00e7\u00e3o divina em Jesus Cristo e \u201cmarcados com o selo do Esp\u00edrito\u201d&#8230; \u201cpara o louvor de sua gl\u00f3ria\u201d. Assim, chamados a conhecer a sua vontade e recuperando a nossa condi\u00e7\u00e3o filial no seu des\u00edgnio de amor, pela sua bondade, chamados a ser instrumentos de seu louvor e gl\u00f3ria.<\/p>\n<p style=\"text-align: justify;\">\u00a0\u00a0\u00a0\u00a0\u00a0\u00a0\u00a0\u00a0\u00a0\u00a0\u00a0 Recordando que todo chamado exige uma resposta e tem como consequ\u00eancia uma miss\u00e3o: chamados e enviados, no Evangelho, Jesus chamou os doze ap\u00f3stolos e os enviou \u201cdois a dois\u201d, dando-lhes sua recomenda\u00e7\u00e3o de como viver e o que fazer. \u201cEnt\u00e3o os doze partiram e pregaram que todos se convertessem. Expulsavam muitos dem\u00f4nios e curavam numerosos doentes, ungindo-os com \u00f3leo\u201d. Assim, chamados e enviados para anunciar a Boa Nova da salva\u00e7\u00e3o.<\/p>\n<p style=\"text-align: justify;\">\u00a0\u00a0\u00a0\u00a0\u00a0\u00a0\u00a0\u00a0\u00a0\u00a0\u00a0 Car\u00edssimos irm\u00e3os e irm\u00e3s. Todos n\u00f3s somos chamados e enviados. Para qu\u00ea? Para cuidar da vida; fazer o bem; alimentar a f\u00e9, a esperan\u00e7a e o amor. A quem? \u00c0queles que a n\u00f3s s\u00e3o confiados. Onde? Na fam\u00edlia, na Igreja e na sociedade. Quando? Em qualquer tempo e lugar. Por qu\u00ea? Porque todo batizado deve lembrar-se de sua participa\u00e7\u00e3o na vida e na miss\u00e3o de Cristo. Louvamos a Deus e agradecemos imensamente pela miss\u00e3o que nos foi confiada como batizados.<\/p>\n<p style=\"text-align: justify;\">Queremos ainda nesta oportunidade, ao completar um ano como Bispo nesta Diocese, compartilhar o sentimento de que formamos uma fam\u00edlia e apesar da pandemia pudemos percorrer todas as par\u00f3quias e munic\u00edpios que comp\u00f5em a Diocese. Olhar os desafios que est\u00e3o sempre \u00e0 frente, mas sem esquecer a gra\u00e7a de Deus que nos ajuda a responder, dentro dos limites do contexto, aos apelos e anseios de cada um.<\/p>\n<p style=\"text-align: justify;\">\u00a0\u00a0\u00a0\u00a0\u00a0\u00a0\u00a0\u00a0\u00a0\u00a0\u00a0 Agradecemos a acolhida, o carinho, o apoio e a colabora\u00e7\u00e3o de todos e todas que neste ano fizeram parte deste caminho j\u00e1 percorrido, na esperan\u00e7a de continuar respondendo \u00e0s mo\u00e7\u00f5es do Esp\u00edrito de Deus para compreender que o Senhor nos chama e envia sempre em miss\u00e3o. Com o prop\u00f3sito de ser \u201cSal da Terra e Luz do Mundo\u201d, deixamos nos guiar pelo Cristo, o Bom Pastor e esperan\u00e7osos, vislumbramos os sinais que o Senhor, na sua bondade, vai realizando em nossa vida e atrav\u00e9s de n\u00f3s.<\/p>\n<p style=\"text-align: justify;\">\u00a0\u00a0\u00a0\u00a0\u00a0\u00a0\u00a0\u00a0\u00a0\u00a0\u00a0 Somos uma Igreja em miss\u00e3o, seja em nossa a\u00e7\u00e3o evangelizadora, seja no acolhimento das necessidades da Igreja Universal. Agradecemos ao Monsenhor Cleocir Bonetti eleito Bispo de Ca\u00e7ador \u2013 SC pelo seu sim e ao Pe. Anderson Francisco Faenello chamado para os estudos diplom\u00e1ticos em Roma, pela sua coragem, al\u00e9m de contarmos com a disposi\u00e7\u00e3o do Pe. Maicon Andr\u00e9 Malacarne que parte para os estudos de especializa\u00e7\u00e3o em Roma. Aproveitamos para pedir ora\u00e7\u00f5es pelo nosso minist\u00e9rio episcopal e pelas voca\u00e7\u00f5es sacerdotais, religiosas e mission\u00e1rias. Queremos caminhar segundo a vontade de Deus e na generosidade de nossa entrega, tornar vis\u00edvel o Reino proposto por Jesus, vivendo a filia\u00e7\u00e3o divina, acolhendo o chamado e a disposi\u00e7\u00e3o de sermos enviados em miss\u00e3o.<\/p>\n<p style=\"text-align: justify;\">\u00a0\u00a0\u00a0\u00a0\u00a0\u00a0\u00a0\u00a0\u00a0\u00a0\u00a0 Pela intercess\u00e3o de S\u00e3o Jos\u00e9, nosso padroeiro e de Nossa Senhora do Ros\u00e1rio de F\u00e1tima, o Senhor nos aben\u00e7oe, nos guarde e nos conduza sempre no caminho de seu amor. Am\u00e9m!<\/p>\n<p style=\"text-align: justify;\">\n<p>&nbsp;<\/p>\n","protected":false},"excerpt":{"rendered":"<p>Dom Adimir Antonio Mazali Bispo de Erexim (RS) &nbsp; \u00a0\u00a0\u00a0\u00a0\u00a0\u00a0\u00a0\u00a0\u00a0\u00a0\u00a0 Prezados irm\u00e3os e irm\u00e3s que acompanham Voz da Diocese, nossa sauda\u00e7\u00e3o e nosso carinho, no esp\u00edrito de nosso ano jubilar: 50 anos a servi\u00e7o da f\u00e9 e da vida. \u00a0\u00a0\u00a0\u00a0\u00a0\u00a0\u00a0\u00a0\u00a0\u00a0\u00a0 Nesta oportunidade, manifestamos nossa alegria ao completar 1 ano \u00e0 frente da Diocese de Erexim, &hellip;<\/p>\n<p class=\"read-more\"> <a class=\"\" href=\"https:\/\/www.cnbb.org.br\/chamados-e-enviados\/\"> <span class=\"screen-reader-text\">Chamados e enviados<\/span> Leia mais &raquo;<\/a><\/p>\n","protected":false},"author":103,"featured_media":0,"comment_status":"open","ping_status":"open","sticky":false,"template":"","format":"standard","meta":{"site-sidebar-layout":"default","site-content-layout":"default","ast-global-header-display":"","ast-banner-title-visibility":"","ast-main-header-display":"","ast-hfb-above-header-display":"","ast-hfb-below-header-display":"","ast-hfb-mobile-header-display":"","site-post-title":"","ast-breadcrumbs-content":"","ast-featured-img":"","footer-sml-layout":"","theme-transparent-header-meta":"default","adv-header-id-meta":"","stick-header-meta":"","header-above-stick-meta":"","header-main-stick-meta":"","header-below-stick-meta":""},"categories":[758],"tags":[],"acf":[],"_links":{"self":[{"href":"https:\/\/www.cnbb.org.br\/cnbb-app\/wp\/v2\/posts\/342444"}],"collection":[{"href":"https:\/\/www.cnbb.org.br\/cnbb-app\/wp\/v2\/posts"}],"about":[{"href":"https:\/\/www.cnbb.org.br\/cnbb-app\/wp\/v2\/types\/post"}],"author":[{"embeddable":true,"href":"https:\/\/www.cnbb.org.br\/cnbb-app\/wp\/v2\/users\/103"}],"replies":[{"embeddable":true,"href":"https:\/\/www.cnbb.org.br\/cnbb-app\/wp\/v2\/comments?post=342444"}],"version-history":[{"count":0,"href":"https:\/\/www.cnbb.org.br\/cnbb-app\/wp\/v2\/posts\/342444\/revisions"}],"wp:attachment":[{"href":"https:\/\/www.cnbb.org.br\/cnbb-app\/wp\/v2\/media?parent=342444"}],"wp:term":[{"taxonomy":"category","embeddable":true,"href":"https:\/\/www.cnbb.org.br\/cnbb-app\/wp\/v2\/categories?post=342444"},{"taxonomy":"post_tag","embeddable":true,"href":"https:\/\/www.cnbb.org.br\/cnbb-app\/wp\/v2\/tags?post=342444"}],"curies":[{"name":"wp","href":"https:\/\/api.w.org\/{rel}","templated":true}]}}