{"id":34266,"date":"2019-05-22T00:00:00","date_gmt":"2019-05-22T03:00:00","guid":{"rendered":"https:\/\/www.cnbb.org.br\/papa-francisco-nomeia-novo-bispo-para-a-diocese-de-cachoeira-do-sul-no-rio-grande-do-sul\/"},"modified":"2019-05-22T00:00:00","modified_gmt":"2019-05-22T03:00:00","slug":"papa-francisco-nomeia-novo-bispo-para-a-diocese-de-cachoeira-do-sul-no-rio-grande-do-sul","status":"publish","type":"post","link":"https:\/\/www.cnbb.org.br\/papa-francisco-nomeia-novo-bispo-para-a-diocese-de-cachoeira-do-sul-no-rio-grande-do-sul\/","title":{"rendered":"Papa Francisco nomeia novo bispo para a diocese de Cachoeira do Sul, no Rio Grande do Sul"},"content":{"rendered":"<p style=\"text-align: justify\">O Papa Francisco nomeou nesta quarta-feira, 22 de maio, o novo bispo para a vacante diocese de Cachoeira do Sul (RS). O escolhido foi o padre Edson Batista de Mello, do clero de Novo Hamburgo (RS). A diocese estava vacante desde 6 de janeiro de 2018, quando faleceu dom Rem\u00eddio Bohn.<\/p>\n<p style=\"text-align: justify\">O bispo auxiliar da arquidiocese do Rio de Janeiro (RJ) e secret\u00e1rio-geral da Confer\u00eancia Nacional dos Bispos do Brasil (CNBB), dom Joel Portella Amado, enviou sauda\u00e7\u00e3o ao novo bispo: \u201ca CNBB se alegra com sua nomea\u00e7\u00e3o como novo bispo de Cachoeira do Sul (RS). Nossa gratid\u00e3o, neste momento, se endere\u00e7a ao cora\u00e7\u00e3o do Santo Padre, Papa Francisco, que olha com carinho para a Igreja no Brasil e envia novos pastores\u201d.<\/p>\n<p style=\"text-align: justify\"><strong><a href=\"https:\/\/www.cnbb.org.br\/papa-francisco-nomeia-novo-bispo-para-a-diocese-de-cachoeira-do-sul-no-rio-grande-do-sul\/pe-edson-batista-de-mello\/\" rel=\"attachment wp-att-220273\"><img decoding=\"async\" loading=\"lazy\" class=\" wp-image-220273 alignright\" src=\"https:\/\/www.cnbb.org.br\/wp-content\/uploads\/2020\/03\/Pe.-Edson-Batista-de-Mello-201x300.jpg\" alt=\"\" width=\"205\" height=\"306\" \/><\/a>Novo bispo<\/strong><br \/>\nPadre Edson Batista de Mello nasceu no dia 15 de dezembro de 1964, na cidade de S\u00e3o Leopoldo (RS), filho de Jorge Em\u00edlio de Mello, j\u00e1 falecido, e Renata Garcez de Mello. Seus estudos iniciais foram na Escola Municipal Borges de Medeiros e na Escola T\u00e9cnica Polisinos. O Ensino M\u00e9dio foi cursado na Escola T\u00e9cnica Frederico Schimidt, em S\u00e3o Leopoldo.<\/p>\n<p style=\"text-align: justify\">Em 1983, iniciou o curso de Engenharia Civil, na Unisinos. Neste per\u00edodo, ingressou no Ex\u00e9rcito Brasileiro, onde permaneceu como Oficial Tempor\u00e1rio at\u00e9 janeiro de 1990. No ano seguinte iniciou a forma\u00e7\u00e3o presbiteral, cursando Filosofia na Unisinos (1991 a 1993) e Teologia no Centro de Estudos Teol\u00f3gicos Jo\u00e3o Vianney, no Semin\u00e1rio de Viam\u00e3o (RS).<\/p>\n<p style=\"text-align: justify\">Foi ordenado di\u00e1cono em 30 de maio de 1997, na par\u00f3quia Santa Teresinha de Campo Bom. A ordena\u00e7\u00e3o sacerdotal foi no mesmo ano, no dia 5 de dezembro, na par\u00f3quia Santa Catarina, em S\u00e3o Leopoldo.<\/p>\n<p style=\"text-align: justify\"><strong>Atividades pastorais<br \/>\n<\/strong>Atuou como vig\u00e1rio paroquial na par\u00f3quia S\u00e3o Pedro, em Gramado (RS), foi p\u00e1roco da par\u00f3quia Santa Catarina, de 1998 a 2002, ano em que atuou como coordenador de Pastoral. Entre 2003 e 2005, foi formador no Semin\u00e1rio de Viam\u00e3o. De 2006 a 2010, padre Edson foi p\u00e1roco na par\u00f3quia Nossa Senhora de Lourdes, em Canela (RS).<\/p>\n<p style=\"text-align: justify\">De 2010 at\u00e9 2016, foi reitor do Semin\u00e1rio S\u00e3o Lu\u00eds Gonzaga, em Viam\u00e3o. Atualmente, \u00e9 p\u00e1roco na par\u00f3quia Nossa Senhora da Concei\u00e7\u00e3o, em S\u00e3o Leopoldo, e coordenador diocesano de Pastoral, desde janeiro de 2017.<\/p>\n<p>&nbsp;<\/p>\n<blockquote>\n<h3 style=\"text-align: center\">Sauda\u00e7\u00e3o da CNBB ao P. Edson Batista de Mello<\/h3>\n<p style=\"text-align: right\">Bras\u00edlia, 22 de maio de 2019<\/p>\n<p style=\"text-align: justify\">Prezado Irm\u00e3o, P. Edson Batista de Mello.<\/p>\n<p style=\"text-align: justify\">A Confer\u00eancia Nacional dos Bispos do Brasil (CNBB) se alegra com sua nomea\u00e7\u00e3o como novo bispo de Cachoeira do Sul (RS). Nossa gratid\u00e3o, neste momento, se endere\u00e7a ao cora\u00e7\u00e3o do Santo Padre, Papa Francisco, que olha com carinho para a Igreja no Brasil e envia novos pastores.<\/p>\n<p style=\"text-align: justify\">Sua experi\u00eancia na forma\u00e7\u00e3o do clero e sua dedica\u00e7\u00e3o pastoral podem ser consideradas como sinal da Provid\u00eancia Divina como prepara\u00e7\u00e3o para esta miss\u00e3o que a Igreja, agora, lhe confia.<\/p>\n<p style=\"text-align: justify\">Buscamos as palavras do Papa Francisco dirigida aos bispos da Am\u00e9rica Central, no in\u00edcio deste ano: <em>\u201cA Igreja, por sua natureza, \u00e9 M\u00e3e e, como tal, gera e resguarda a vida protegendo-a de tudo o que possa amea\u00e7ar o seu desenvolvimento: uma gesta\u00e7\u00e3o na liberdade e para a liberdade. Por isso, exorto-vos a promover programas e centros educativos que saibam acompanhar, apoiar e responsabilizar os vossos jovens; por favor, \u00abroubai-os\u00bb \u00e0 rua, antes que a cultura de morte, \u00abvendendo-lhes fumo\u00bb e solu\u00e7\u00f5es m\u00e1gicas, se apodere e aproveite da sua inquietude e da sua imagina\u00e7\u00e3o. Fazei-o, n\u00e3o com paternalismo, porque n\u00e3o o suportam, nem como quem olha de cima para baixo, pois tamb\u00e9m n\u00e3o \u00e9 isso o que o Senhor nos pede, mas como pais, como de irm\u00e3o para irm\u00e3o\u201d<\/em>.<\/p>\n<p style=\"text-align: justify\">Enviamos nossos votos de grande \u00eaxito na miss\u00e3o e nossas ora\u00e7\u00f5es pelo pastoreio do senhor.<\/p>\n<p style=\"text-align: justify\">Em Cristo,<\/p>\n<p style=\"text-align: center\"><strong>Dom Walmor Oliveira de Azevedo<\/strong><br \/>\nArcebispo de Belo Horizonte (MG)<br \/>\nPresidente da CNBB<\/p>\n<p style=\"text-align: center\"><strong>Dom Jaime Spengler<\/strong><br \/>\nArcebispo de Porto Alegre (RS)<br \/>\nPrimeiro Vice-Presidente da CNBB<\/p>\n<p style=\"text-align: center\"><strong>Dom M\u00e1rio Ant\u00f4nio da Silva<\/strong><br \/>\nBispo de Roraima (RR)<br \/>\nSegundo Vice-Presidente da CNBB<\/p>\n<p style=\"text-align: center\"><strong>Dom Joel Portella Amado<\/strong><br \/>\nBispo auxiliar da arquidiocese de S\u00e3o Sebasti\u00e3o do Rio de Janeiro (RJ)<br \/>\nSecret\u00e1rio-geral da CNBB<\/p>\n<\/blockquote>\n","protected":false},"excerpt":{"rendered":"<p>Padre Edson Batista de Mello, do clero de Novo Hamburgo, assumir\u00e1 o governo pastoral da diocese que estava vacante desde 6 de janeiro de 2018, quando faleceu dom Rem\u00eddio Bohn<\/p>\n","protected":false},"author":83,"featured_media":34267,"comment_status":"closed","ping_status":"open","sticky":false,"template":"","format":"standard","meta":{"site-sidebar-layout":"default","site-content-layout":"default","ast-global-header-display":"","ast-banner-title-visibility":"","ast-main-header-display":"","ast-hfb-above-header-display":"","ast-hfb-below-header-display":"","ast-hfb-mobile-header-display":"","site-post-title":"","ast-breadcrumbs-content":"","ast-featured-img":"","footer-sml-layout":"","theme-transparent-header-meta":"","adv-header-id-meta":"","stick-header-meta":"","header-above-stick-meta":"","header-main-stick-meta":"","header-below-stick-meta":""},"categories":[798],"tags":[1299],"acf":[],"_links":{"self":[{"href":"https:\/\/www.cnbb.org.br\/cnbb-app\/wp\/v2\/posts\/34266"}],"collection":[{"href":"https:\/\/www.cnbb.org.br\/cnbb-app\/wp\/v2\/posts"}],"about":[{"href":"https:\/\/www.cnbb.org.br\/cnbb-app\/wp\/v2\/types\/post"}],"author":[{"embeddable":true,"href":"https:\/\/www.cnbb.org.br\/cnbb-app\/wp\/v2\/users\/83"}],"replies":[{"embeddable":true,"href":"https:\/\/www.cnbb.org.br\/cnbb-app\/wp\/v2\/comments?post=34266"}],"version-history":[{"count":0,"href":"https:\/\/www.cnbb.org.br\/cnbb-app\/wp\/v2\/posts\/34266\/revisions"}],"wp:featuredmedia":[{"embeddable":true,"href":"https:\/\/www.cnbb.org.br\/cnbb-app\/wp\/v2\/media\/34267"}],"wp:attachment":[{"href":"https:\/\/www.cnbb.org.br\/cnbb-app\/wp\/v2\/media?parent=34266"}],"wp:term":[{"taxonomy":"category","embeddable":true,"href":"https:\/\/www.cnbb.org.br\/cnbb-app\/wp\/v2\/categories?post=34266"},{"taxonomy":"post_tag","embeddable":true,"href":"https:\/\/www.cnbb.org.br\/cnbb-app\/wp\/v2\/tags?post=34266"}],"curies":[{"name":"wp","href":"https:\/\/api.w.org\/{rel}","templated":true}]}}