{"id":34317,"date":"2019-06-01T00:00:00","date_gmt":"2019-06-01T03:00:00","guid":{"rendered":"https:\/\/www.cnbb.org.br\/ascensao-do-senhor\/"},"modified":"2019-06-01T00:00:00","modified_gmt":"2019-06-01T03:00:00","slug":"ascensao-do-senhor","status":"publish","type":"post","link":"https:\/\/www.cnbb.org.br\/ascensao-do-senhor\/","title":{"rendered":"Ascens\u00e3o do Senhor"},"content":{"rendered":"<p style=\"text-align: right\"><strong>Cardeal Orani Jo\u00e3o Tempesta<\/strong><strong><br \/>\nArcebispo Metropolitano de S\u00e3o Sebasti\u00e3o do Rio de Janeiro (RJ)<\/strong><\/p>\n<p style=\"text-align: justify\">Celebramos neste domingo a Ascens\u00e3o do Senhor: Cristo n\u00e3o somente foi ressuscitado pelo Pai, que derramou sobre Ele o Esp\u00edrito, mas tamb\u00e9m, neste mesmo Esp\u00edrito, recebeu do Pai, como verdadeiro homem, todo o poder no c\u00e9u e na terra.<\/p>\n<p style=\"text-align: justify\">O Senhor prometera aos seus disc\u00edpulos que, passado um pouco de tempo, estaria com eles para sempre. O Senhor cumpriu sua promessa nos dias em que permaneceu junto dos seus ap\u00f3s a Ressurrei\u00e7\u00e3o, mas essa presen\u00e7a n\u00e3o terminar\u00e1 quando subir com o seu Corpo glorioso ao Pai, pois pela sua Paix\u00e3o e Morte nos preparou um lugar na casa do Pai, \u201conde h\u00e1 muitas moradas\u201d (Jo 14,2). \u201cVoltarei e tomar-vos-ei comigo, para que, onde eu estou, estejais tamb\u00e9m v\u00f3s\u201d (Jo 14, 3).<\/p>\n<p style=\"text-align: justify\">Na ressurrei\u00e7\u00e3o, contemplamos o Cristo totalmente glorificado pelo Pai na for\u00e7a do Esp\u00edrito. Toda a sua natureza humana, corpo e alma, foi divinizada, impregnada pela vida divina, que \u00e9 o Esp\u00edrito Santo. Jesus \u00e9 o homem novo, totalmente \u201cespiritualizado\u201d, totalmente glorificado, divinizado na sua humanidade. \u00c9 este o mist\u00e9rio da ressurrei\u00e7\u00e3o. Mas, h\u00e1 mais: ao ser glorificado, ele, que \u00e9 uma pessoa divina, \u00e9 entronizado com todo o poder no c\u00e9u e na terra: ele, ressuscitado, \u00e9 constitu\u00eddo Senhor do universo, Senhor da hist\u00f3ria, Senhor da nossa vida. \u00c9 isto que a Escritura e a Tradi\u00e7\u00e3o querem dizer ao afirmar que ele est\u00e1 \u201csentado \u00e0 direita de Deus Pai\u201d: ele tem o mesmo poder do Pai, ele recebeu o senhorio sobre tudo. Ele o tinha como Verbo eterno e divino; mas, agora, \u00e9 o Verbo Encarnado, como Filho feito homem que recebe tal poder! Um de nossa ra\u00e7a est\u00e1 dentro da Trindade, um de nossa ra\u00e7a \u00e9 Senhor do c\u00e9u e da terra, um de nossa ra\u00e7a \u00e9 Senhor dos anjos, um de nossa ra\u00e7a est\u00e1 no topo de todas as coisas. \u00c9 o que dir\u00e1 a ora\u00e7\u00e3o ap\u00f3s a comunh\u00e3o da Missa de hoje: \u201cDeus eterno e todo-poderoso&#8230; fazei que nossos cora\u00e7\u00f5es se voltem para o alto, onde est\u00e1 junto de v\u00f3s a nossa humanidade\u201d.<\/p>\n<p style=\"text-align: justify\">A vida de Jesus na terra n\u00e3o termina com a sua morte na Cruz, mas com a Ascens\u00e3o aos c\u00e9us. \u00c9 o \u00faltimo mist\u00e9rio da vida do Senhor aqui na terra. \u00c9 um mist\u00e9rio redentor, que constitui, com a Paix\u00e3o, a Morte e a Ressurrei\u00e7\u00e3o, o mist\u00e9rio pascal. Convinha que os que tinham visto Cristo morrer na Cruz, entre os insultos, desprezos e esc\u00e1rnios, fossem testemunhas da sua exalta\u00e7\u00e3o suprema.<\/p>\n<p style=\"text-align: justify\">Comentando sobre a Ascens\u00e3o, ensina S\u00e3o Le\u00e3o Magno: \u201cHoje n\u00e3o s\u00f3 fomos constitu\u00eddos possuidores do para\u00edso, mas com Cristo ascendemos, m\u00edstica mais realmente, ao mais alto dos c\u00e9us, e conseguimos por Cristo uma gra\u00e7a mais inef\u00e1vel que a que hav\u00edamos perdido\u201d.<\/p>\n<p style=\"text-align: justify\">Ascens\u00e3o fortalece e estimula a nossa esperan\u00e7a de alcan\u00e7armos o C\u00e9u e incita-nos constantemente a levantar o cora\u00e7\u00e3o a fim de procurarmos as coisas que s\u00e3o do alto. Agora a nossa esperan\u00e7a \u00e9 muito grande, pois o pr\u00f3prio Cristo foi preparar-nos uma morada. A esperan\u00e7a do c\u00e9u encher\u00e1 de alegria o nosso peregrinar di\u00e1rio. Imitaremos os ap\u00f3stolos que, segundo S\u00e3o Le\u00e3o Magno, \u201ctiraram tanto proveito da Ascens\u00e3o do Senhor que tudo quanto antes lhes causava medo, depois se converteu em alegria. A partir daquele momento, elevaram toda a contempla\u00e7\u00e3o das suas almas \u00e0 divindade que est\u00e1 \u00e0 direita do Pai; a perda da vis\u00e3o do corpo do Senhor n\u00e3o foi obst\u00e1culo para que a intelig\u00eancia, iluminada pela f\u00e9 acreditasse que Cristo, mesmo descendo at\u00e9 n\u00f3s, n\u00e3o se tinha afastado do Pai e, com a sua Ascens\u00e3o, n\u00e3o se separou dos seus disc\u00edpulos\u201d.<\/p>\n<p style=\"text-align: justify\">S\u00e3o Lucas exprime esta realidade, nos Atos dos Ap\u00f3stolos, afirmando que Jesus <em>\u201cfoi elevado ao c\u00e9u\u201d <\/em><em>e <\/em><em>\u201cuma nuvem o encobriu, de forma que seus olhos n\u00e3o podiam mais v\u00ea-lo\u201d<\/em>. O \u201csubir\u201d, aqui, tem um sentido qualitativo: subiu para uma vida superior, para uma plenitude que n\u00e3o \u00e9 deste mundo. Ele, agora, est\u00e1 totalmente imerso no mundo de Deus. \u00c9 este o significado da nuvem que o encobre. Ela \u00e9 s\u00edmbolo do Esp\u00edrito que, divinizando-o completamente, coloca-o diretamente no \u00e2mbito de Deus Pai. Por isso j\u00e1 n\u00e3o podemos mais v\u00ea-lo com os olhos da carne.<\/p>\n<p style=\"text-align: justify\">Contudo, a felicidade da vida eterna consistir\u00e1 antes de tudo na vis\u00e3o direta e imediata de Deus. Esta vis\u00e3o n\u00e3o \u00e9 somente um conhecimento intelectual perfeit\u00edssimo, mas tamb\u00e9m comunh\u00e3o de vida com Deus, Uno e Trino. Ver a Deus \u00e9 encontrar-se com Ele, ser feliz N\u2019Ele. Da Contempla\u00e7\u00e3o amorosa das tr\u00eas Pessoas divinas brotar\u00e1 em n\u00f3s uma alegria ilimitada. Ser\u00e3o satisfeitas, sem termo e sem fim, todas as exig\u00eancias de felicidade e de amor do nosso pobre cora\u00e7\u00e3o.<\/p>\n","protected":false},"excerpt":{"rendered":"<p>Cardeal Orani Jo\u00e3o Tempesta Arcebispo Metropolitano de S\u00e3o Sebasti\u00e3o do Rio de Janeiro (RJ) Celebramos neste domingo a Ascens\u00e3o do Senhor: Cristo n\u00e3o somente foi ressuscitado pelo Pai, que derramou sobre Ele o Esp\u00edrito, mas tamb\u00e9m, neste mesmo Esp\u00edrito, recebeu do Pai, como verdadeiro homem, todo o poder no c\u00e9u e na terra. O Senhor &hellip;<\/p>\n<p class=\"read-more\"> <a class=\"\" href=\"https:\/\/www.cnbb.org.br\/ascensao-do-senhor\/\"> <span class=\"screen-reader-text\">Ascens\u00e3o do Senhor<\/span> Leia mais &raquo;<\/a><\/p>\n","protected":false},"author":31,"featured_media":0,"comment_status":"closed","ping_status":"open","sticky":false,"template":"","format":"standard","meta":{"site-sidebar-layout":"default","site-content-layout":"default","ast-global-header-display":"","ast-banner-title-visibility":"","ast-main-header-display":"","ast-hfb-above-header-display":"","ast-hfb-below-header-display":"","ast-hfb-mobile-header-display":"","site-post-title":"","ast-breadcrumbs-content":"","ast-featured-img":"","footer-sml-layout":"","theme-transparent-header-meta":"","adv-header-id-meta":"","stick-header-meta":"","header-above-stick-meta":"","header-main-stick-meta":"","header-below-stick-meta":""},"categories":[758],"tags":[],"acf":[],"_links":{"self":[{"href":"https:\/\/www.cnbb.org.br\/cnbb-app\/wp\/v2\/posts\/34317"}],"collection":[{"href":"https:\/\/www.cnbb.org.br\/cnbb-app\/wp\/v2\/posts"}],"about":[{"href":"https:\/\/www.cnbb.org.br\/cnbb-app\/wp\/v2\/types\/post"}],"author":[{"embeddable":true,"href":"https:\/\/www.cnbb.org.br\/cnbb-app\/wp\/v2\/users\/31"}],"replies":[{"embeddable":true,"href":"https:\/\/www.cnbb.org.br\/cnbb-app\/wp\/v2\/comments?post=34317"}],"version-history":[{"count":0,"href":"https:\/\/www.cnbb.org.br\/cnbb-app\/wp\/v2\/posts\/34317\/revisions"}],"wp:attachment":[{"href":"https:\/\/www.cnbb.org.br\/cnbb-app\/wp\/v2\/media?parent=34317"}],"wp:term":[{"taxonomy":"category","embeddable":true,"href":"https:\/\/www.cnbb.org.br\/cnbb-app\/wp\/v2\/categories?post=34317"},{"taxonomy":"post_tag","embeddable":true,"href":"https:\/\/www.cnbb.org.br\/cnbb-app\/wp\/v2\/tags?post=34317"}],"curies":[{"name":"wp","href":"https:\/\/api.w.org\/{rel}","templated":true}]}}