{"id":34338,"date":"2019-05-29T00:00:00","date_gmt":"2019-05-29T03:00:00","guid":{"rendered":"https:\/\/www.cnbb.org.br\/apresentado-no-novo-subsecretario-ajunto-geral-p-dirceu-de-oliveira-medeiros\/"},"modified":"2020-10-23T15:39:32","modified_gmt":"2020-10-23T18:39:32","slug":"apresentado-no-novo-subsecretario-ajunto-geral-p-dirceu-de-oliveira-medeiros","status":"publish","type":"post","link":"https:\/\/www.cnbb.org.br\/apresentado-no-novo-subsecretario-ajunto-geral-p-dirceu-de-oliveira-medeiros\/","title":{"rendered":"Apresentado ao Consep o novo subsecret\u00e1rio adjunto geral: padre Dirceu de Oliveira Medeiros"},"content":{"rendered":"<p style=\"text-align: justify\">Sucede o padre Ant\u00f4nio Silva da Paix\u00e3o, o padre Nequinho, na Subsecretaria Geral da Confer\u00eancia Nacional dos Bispos do Brasil (CNBB), o <strong>padre Dirceu de Oliveira Medeiros<\/strong>, da diocese mineira de S\u00e3o Jo\u00e3o del-Rei. Ele era o vig\u00e1rio geral da sua diocese e p\u00e1roco da par\u00f3quia Nossa Senhora da Concei\u00e7\u00e3o, em Prados (MG).<\/p>\n<p style=\"text-align: justify\">Padre Dirceu nasceu em Barroso (MG), cursou Filosofia e Teologia em Juiz de Fora (MG). Coordenou a Comiss\u00e3o de Bens Culturais do Regional Leste 2 da CNBB e, por 12 anos, foi vig\u00e1rio geral da diocese de S\u00e3o Jo\u00e3o del-Rei. Ultimamente, antes da nomea\u00e7\u00e3o de dom Jos\u00e9 Eudes, padre Dirceu tamb\u00e9m foi administrador diocesano.<\/p>\n<blockquote>\n<p style=\"text-align: justify\"><strong><em>&#8220;Sinto-me desafiado e grato pela confian\u00e7a em mim depositada por parte da presid\u00eancia, dom Walmor. Trata-se de uma miss\u00e3o nova, completamente nova e conto com a gra\u00e7a de Deus para que eu possa oferecer minha contribui\u00e7\u00e3o para uma entidade t\u00e3o importante como a CNBB&#8221;<\/em><\/strong>, disse.<\/p>\n<\/blockquote>\n<p>O novo subsecret\u00e1rio-geral disse ainda que est\u00e1 dispon\u00edvel para realizar a primeira parte de um servi\u00e7o que se presta na companhia de outras pessoas, que \u00e9 o de &#8220;conhecer a din\u00e2mica das coisas&#8221;.<\/p>\n<p style=\"text-align: justify\"><strong>Subsecretaria-geral<br \/>\n<\/strong>No Estatuto da Confer\u00eancia, art. 240, encontra-se a seguinte afirma\u00e7\u00e3o: &#8220;<em>segundo plano de organiza\u00e7\u00e3o do Secretariado Geral, o Secret\u00e1rio Geral repartir\u00e1 responsabilidades e tarefas espec\u00edficas com os Subsecret\u00e1rios Adjuntos e o Ec\u00f4nomo e com eles conferir\u00e1, com frequ\u00eancia, sobre o tudo o que se refere ao Secretariado Geral e \u00e0 sede da CNBB<\/em>&#8220;.<\/p>\n<figure id=\"attachment_220662\" aria-describedby=\"caption-attachment-220662\" style=\"width: 300px\" class=\"wp-caption alignleft\"><a href=\"https:\/\/www.cnbb.org.br\/apresentado-no-novo-subsecretario-ajunto-geral-p-dirceu-de-oliveira-medeiros\/padre-nequinho\/\" rel=\"attachment wp-att-220662\"><img decoding=\"async\" loading=\"lazy\" class=\"size-medium wp-image-220662\" src=\"https:\/\/www.cnbb.org.br\/wp-content\/uploads\/2020\/03\/Padre-Nequinho-300x197.jpg\" alt=\"\" width=\"300\" height=\"197\" \/><\/a><figcaption id=\"caption-attachment-220662\" class=\"wp-caption-text\"><em>Padre Nequinho | Foto: CNBB\/Daniel Flores<\/em><\/figcaption><\/figure>\n<p style=\"text-align: justify\"><strong>Subsecret\u00e1rio anterior<br \/>\n<\/strong>Padre Nequinho retornou \u00e0 arquidiocese de Mariana (MG), depois uma d\u00e9cada de servi\u00e7os prestados \u00e0 CNBB. Ele veio para Bras\u00edlia, em 2009, e foi secret\u00e1rio-executivo do Instituto Nacional de Pastoral (INP), organismo ligado ao Secretariado da Confer\u00eancia que organiza estudos, palestras e semin\u00e1rios em todo o pa\u00eds. Em mar\u00e7o de 2010, a convite de dom Dimas Lara &#8211; na \u00e9poca secret\u00e1rio-geral da CNBB &#8211; padre Nequinho assumiu a subsecretaria-geral, cargo que ocupou at\u00e9 maio deste ano.<\/p>\n","protected":false},"excerpt":{"rendered":"<p>O novo subsecret\u00e1rio-geral da CNBB \u00e9 membro do clero da diocese de S\u00e3o Jo\u00e3o del-Rei (MG). \u00c9 mineiro de Barroso, j\u00e1 coordenou a Comiss\u00e3o de Bens Culturais do Regional Leste 2, foi vig\u00e1rio geral por 12 anos e, atualmente, p\u00e1roco da par\u00f3quia Nossa Senhora da Concei\u00e7\u00e3o, em Prados (MG)<\/p>\n","protected":false},"author":83,"featured_media":34339,"comment_status":"closed","ping_status":"open","sticky":false,"template":"","format":"standard","meta":{"site-sidebar-layout":"default","site-content-layout":"default","ast-global-header-display":"","ast-banner-title-visibility":"","ast-main-header-display":"","ast-hfb-above-header-display":"","ast-hfb-below-header-display":"","ast-hfb-mobile-header-display":"","site-post-title":"","ast-breadcrumbs-content":"","ast-featured-img":"","footer-sml-layout":"","theme-transparent-header-meta":"","adv-header-id-meta":"","stick-header-meta":"","header-above-stick-meta":"","header-main-stick-meta":"","header-below-stick-meta":""},"categories":[841],"tags":[3048],"acf":[],"_links":{"self":[{"href":"https:\/\/www.cnbb.org.br\/cnbb-app\/wp\/v2\/posts\/34338"}],"collection":[{"href":"https:\/\/www.cnbb.org.br\/cnbb-app\/wp\/v2\/posts"}],"about":[{"href":"https:\/\/www.cnbb.org.br\/cnbb-app\/wp\/v2\/types\/post"}],"author":[{"embeddable":true,"href":"https:\/\/www.cnbb.org.br\/cnbb-app\/wp\/v2\/users\/83"}],"replies":[{"embeddable":true,"href":"https:\/\/www.cnbb.org.br\/cnbb-app\/wp\/v2\/comments?post=34338"}],"version-history":[{"count":0,"href":"https:\/\/www.cnbb.org.br\/cnbb-app\/wp\/v2\/posts\/34338\/revisions"}],"wp:featuredmedia":[{"embeddable":true,"href":"https:\/\/www.cnbb.org.br\/cnbb-app\/wp\/v2\/media\/34339"}],"wp:attachment":[{"href":"https:\/\/www.cnbb.org.br\/cnbb-app\/wp\/v2\/media?parent=34338"}],"wp:term":[{"taxonomy":"category","embeddable":true,"href":"https:\/\/www.cnbb.org.br\/cnbb-app\/wp\/v2\/categories?post=34338"},{"taxonomy":"post_tag","embeddable":true,"href":"https:\/\/www.cnbb.org.br\/cnbb-app\/wp\/v2\/tags?post=34338"}],"curies":[{"name":"wp","href":"https:\/\/api.w.org\/{rel}","templated":true}]}}