{"id":34355,"date":"2019-05-30T00:00:00","date_gmt":"2019-05-30T03:00:00","guid":{"rendered":"https:\/\/www.cnbb.org.br\/ampliar-os-horizontes\/"},"modified":"2019-05-30T00:00:00","modified_gmt":"2019-05-30T03:00:00","slug":"ampliar-os-horizontes","status":"publish","type":"post","link":"https:\/\/www.cnbb.org.br\/ampliar-os-horizontes\/","title":{"rendered":"Ampliar os horizontes"},"content":{"rendered":"<p style=\"text-align: right\"><strong>Dom Dem\u00e9trio Valentini<\/strong><br \/>\n<strong>Bispo em\u00e9rito de Jales\u00a0<\/strong><\/p>\n<p>&nbsp;<\/p>\n<p style=\"text-align: justify\">O mundo est\u00e1 inquieto. N\u00e3o est\u00e1 em paz. Esta constata\u00e7\u00e3o emerge com evid\u00eancia das not\u00edcias de cada dia.<\/p>\n<p style=\"text-align: justify\">No domingo passado as elei\u00e7\u00f5es para o parlamento europeu foram realizadas sob o temor do crescimento de novos nacionalismos que est\u00e3o emergindo em diversas partes do mundo.<\/p>\n<p style=\"text-align: justify\">A Inglaterra ainda vive o drama de sua sa\u00edda da comunidade econ\u00f4mica europeia, decidida em plebiscito que certamente n\u00e3o se deu conta das consequ\u00eancias econ\u00f4micas e sociais decorrentes da efetiva\u00e7\u00e3o do \u201cBrexit\u201d. Esta decis\u00e3o ficou ratificada pelo resultado das elei\u00e7\u00f5es do domingo passado.<\/p>\n<p style=\"text-align: justify\">Al\u00e9m dos problemas internos da Uni\u00e3o Europ\u00e9ia, continua o drama dos migrantes, vindos especialmente da \u00c1frica e do Oriente M\u00e9dio.<\/p>\n<p style=\"text-align: justify\">Este mesmo fen\u00f4meno se verifica na fronteira entre o M\u00e9xico e os Estados Unidos, que levou \u00e0 estranha decis\u00e3o do Presidente Trump de construir um muro ao longo dos milhares de quil\u00f4metros da fronteira que separa os dois pa\u00edses.<\/p>\n<p style=\"text-align: justify\">Na \u00cdndia \u00e9 o Primeiro Ministro Narendra Modi que lidera o novo nacionalismo indiano, com clara predomin\u00e2ncia das fei\u00e7\u00f5es do hindu\u00edsmo.<\/p>\n<p style=\"text-align: justify\">Em meio ao receio de uma nova crise econ\u00f4mica mundial, permanece a interroga\u00e7\u00e3o sobre as reais consequ\u00eancias do confronto comercial entre os Estados Unidos e a China.<\/p>\n<p style=\"text-align: justify\">Este contexto de crise \u00e9 vivido, internamente, em diversos pa\u00edses cuja economia vai se desestabilizando, como \u00e9 o caso da Argentina. E diversos pa\u00edses da \u00c1frica vivem o drama da mis\u00e9ria e da fome.<\/p>\n<p style=\"text-align: justify\">Este contexto mundial d\u00e1 contornos mais concretos \u00e0 crise vivida hoje pelo nosso pa\u00eds.<\/p>\n<p style=\"text-align: justify\">De resto, quando nos defrontamos com problemas bem concretos, e muito complexos, como \u00e9 por exemplo a estrutura\u00e7\u00e3o de um sistema justo e solid\u00e1rio de previd\u00eancia social, \u00e9 bom alargar os horizontes, e relativizar o drama vivido em decorr\u00eancia de nossas crises atuais.<\/p>\n<p style=\"text-align: justify\">Um olhar mais amplo, nos permite encontrar converg\u00eancias que podem nos unir em torno de consensos importantes, que podem nos assegurar decis\u00f5es positivas a respeito de quest\u00f5es complexas, como \u00e9 o caso da reforma da previd\u00eancia.<\/p>\n<p style=\"text-align: justify\">Um consenso pr\u00e9vio, e indiscut\u00edvel, se refere \u00e0 ordem democr\u00e1tica, que precisa ser respeitada em qualquer hip\u00f3tese. Concretamente, os Tr\u00eas Poderes da Rep\u00fablica t\u00eam seu \u00e2mbito pr\u00f3prio de decis\u00e3o, que precisa ser respeitado, na constru\u00e7\u00e3o dos consensos que devem ser alcan\u00e7ados, tendo como crit\u00e9rio inspirador o bem comum que deve resultar das decis\u00f5es a serem tomadas.<\/p>\n<p style=\"text-align: justify\">Sem esconder que o debate pol\u00edtico precisa ser recuperado, pelo di\u00e1logo e pela racionalidade, deixando de lado posicionamentos fundamentalistas, que deformam express\u00f5es religiosas e pervertem a pr\u00e1tica racional da pol\u00edtica.<\/p>\n<p style=\"text-align: justify\">\u00c9 urgente\u00a0 chegar a consensos m\u00ednimos, que permitam ao Brasil prosseguir sua caminhada democr\u00e1tica, na busca de condi\u00e7\u00f5es de vida digna para todos os cidad\u00e3os.<\/p>\n<p style=\"text-align: justify\">\n<p>&nbsp;<\/p>\n","protected":false},"excerpt":{"rendered":"<p>Dom Dem\u00e9trio Valentini Bispo em\u00e9rito de Jales\u00a0 &nbsp; O mundo est\u00e1 inquieto. N\u00e3o est\u00e1 em paz. Esta constata\u00e7\u00e3o emerge com evid\u00eancia das not\u00edcias de cada dia. No domingo passado as elei\u00e7\u00f5es para o parlamento europeu foram realizadas sob o temor do crescimento de novos nacionalismos que est\u00e3o emergindo em diversas partes do mundo. A Inglaterra &hellip;<\/p>\n<p class=\"read-more\"> <a class=\"\" href=\"https:\/\/www.cnbb.org.br\/ampliar-os-horizontes\/\"> <span class=\"screen-reader-text\">Ampliar os horizontes<\/span> Leia mais &raquo;<\/a><\/p>\n","protected":false},"author":15,"featured_media":0,"comment_status":"closed","ping_status":"open","sticky":false,"template":"","format":"standard","meta":{"site-sidebar-layout":"default","site-content-layout":"default","ast-global-header-display":"","ast-banner-title-visibility":"","ast-main-header-display":"","ast-hfb-above-header-display":"","ast-hfb-below-header-display":"","ast-hfb-mobile-header-display":"","site-post-title":"","ast-breadcrumbs-content":"","ast-featured-img":"","footer-sml-layout":"","theme-transparent-header-meta":"","adv-header-id-meta":"","stick-header-meta":"","header-above-stick-meta":"","header-main-stick-meta":"","header-below-stick-meta":""},"categories":[758],"tags":[],"acf":[],"_links":{"self":[{"href":"https:\/\/www.cnbb.org.br\/cnbb-app\/wp\/v2\/posts\/34355"}],"collection":[{"href":"https:\/\/www.cnbb.org.br\/cnbb-app\/wp\/v2\/posts"}],"about":[{"href":"https:\/\/www.cnbb.org.br\/cnbb-app\/wp\/v2\/types\/post"}],"author":[{"embeddable":true,"href":"https:\/\/www.cnbb.org.br\/cnbb-app\/wp\/v2\/users\/15"}],"replies":[{"embeddable":true,"href":"https:\/\/www.cnbb.org.br\/cnbb-app\/wp\/v2\/comments?post=34355"}],"version-history":[{"count":0,"href":"https:\/\/www.cnbb.org.br\/cnbb-app\/wp\/v2\/posts\/34355\/revisions"}],"wp:attachment":[{"href":"https:\/\/www.cnbb.org.br\/cnbb-app\/wp\/v2\/media?parent=34355"}],"wp:term":[{"taxonomy":"category","embeddable":true,"href":"https:\/\/www.cnbb.org.br\/cnbb-app\/wp\/v2\/categories?post=34355"},{"taxonomy":"post_tag","embeddable":true,"href":"https:\/\/www.cnbb.org.br\/cnbb-app\/wp\/v2\/tags?post=34355"}],"curies":[{"name":"wp","href":"https:\/\/api.w.org\/{rel}","templated":true}]}}