{"id":34408,"date":"2019-06-05T00:00:00","date_gmt":"2019-06-05T03:00:00","guid":{"rendered":"https:\/\/www.cnbb.org.br\/cpp-comemora-50-anos-de-atuacao-e-homenageia-cnbb\/"},"modified":"2019-06-05T00:00:00","modified_gmt":"2019-06-05T03:00:00","slug":"cpp-comemora-50-anos-de-atuacao-e-homenageia-cnbb","status":"publish","type":"post","link":"https:\/\/www.cnbb.org.br\/cpp-comemora-50-anos-de-atuacao-e-homenageia-cnbb\/","title":{"rendered":"CPP comemora 50 anos de atua\u00e7\u00e3o e homenageia CNBB"},"content":{"rendered":"<figure id=\"attachment_220948\" aria-describedby=\"caption-attachment-220948\" style=\"width: 300px\" class=\"wp-caption alignleft\"><a href=\"https:\/\/www.cnbb.org.br\/cpp-comemora-50-anos-de-atuacao-e-homenageia-cnbb\/img-20190528-wa0005\/\" rel=\"attachment wp-att-220948\"><img decoding=\"async\" loading=\"lazy\" class=\"size-medium wp-image-220948\" src=\"https:\/\/www.cnbb.org.br\/wp-content\/uploads\/2020\/03\/IMG-20190528-WA0005-e1559757437965-300x224.jpg\" alt=\"\" width=\"300\" height=\"224\" \/><\/a><figcaption id=\"caption-attachment-220948\" class=\"wp-caption-text\"><em>Dom Valdeci entrega pr\u00eamio \u00e0 Presid\u00eancia da CNBB | Foto: divulga\u00e7\u00e3o<\/em><\/figcaption><\/figure>\n<p style=\"text-align: justify\">O Conselho Pastoral dos Pescadores (CPP) celebrou 50 anos de cria\u00e7\u00e3o no \u00faltimo m\u00eas de maio, com a realiza\u00e7\u00e3o de um congresso, realizado entre os dias 21 e 23, em Bel\u00e9m (PR). Na \u00faltima semana, o bispo de Brejo (MA), dom Jos\u00e9 Valdeci dos Santos Mendes, que preside o CPP e a Comiss\u00e3o Episcopal para A\u00e7\u00e3o Social Transformadora da Confer\u00eancia Nacional dos Bispos do Brasil (CNBB), entregou ao presidente da CNBB, dom Walmor Oliveira Azevedo, o pr\u00eamio comemorativo frei Alfredo.<\/p>\n<p style=\"text-align: justify\">A premia\u00e7\u00e3o \u00e9 um reconhecimento pelos \u201canos de parceria, dedica\u00e7\u00e3o, solidariedade e compromisso com a luta dos pescadores e pescadoras artesanais\u201d. O pr\u00eamio recebe o nome do fundador do CPP, frei Alfredo Schnuttgen, apontado como inspira\u00e7\u00e3o por ter ido ao encontro dos homens e mulheres das \u00e1guas, \u201cdescobrindo a realidade da vida deles e dessa forma se comprometendo pela defesa dos seus direitos, na constru\u00e7\u00e3o do bem viver e na defesa da Casa Comum\u201d.<\/p>\n<p style=\"text-align: justify\">O Congresso do CPP teve como tema \u201cCelebrar a Resistencia e Profetizar a Esperan\u00e7a\u201d e reuniu agentes de Pastoral do CPP, pescadoras e pescadores artesanais, pastorais sociais do campo e organiza\u00e7\u00f5es parceiras nacionais e internacionais. Na oportunidade, houve \u201crenovaram o compromisso prof\u00e9tico com o projeto do Cristo Libertador e com as lutas dos pescadores e pescadoras\u201d a partir da mem\u00f3ria hist\u00f3rica, do olhar cr\u00edtico sobre a realidade e apontamento de caminhos para testemunhar a \u201cfidelidade ao Deus da vida e seu projeto de justi\u00e7a\u201d.<\/p>\n<blockquote>\n<p style=\"text-align: justify\"><strong><em>\u201cNossa hist\u00f3ria \u00e9 atravessada pelos processos de coloniza\u00e7\u00e3o, pautados na m\u00e1xima explora\u00e7\u00e3o da natureza e da vida humana, sobretudo dos povos origin\u00e1rios e do povo negro. Nesse momento, navegamos em \u00e1guas ainda mais turbulentas, onde o desmonte de todas as pol\u00edticas ligadas \u00e0s \u00e1reas mais essenciais \u00e0 vida da popula\u00e7\u00e3o, aprofunda o processo de explora\u00e7\u00e3o, persegui\u00e7\u00e3o, criminaliza\u00e7\u00e3o e morte\u201d, afirmam os participantes na carta divulgada ap\u00f3s o congresso.<\/em><\/strong><\/p>\n<\/blockquote>\n<p style=\"text-align: justify\">Sobre frei Alfredo, afirmam ter aprendido que \u00e9 no ato da escuta e da viv\u00eancia com os pescadores e pescadoras que o projeto evang\u00e9lico de Jesus vai ganhando vida: \u201cReconhecemos a presen\u00e7a do Cristo na lida dos homens e mulheres das \u00e1guas. Assumimos a tarefa prof\u00e9tica de Celebrar a Mem\u00f3ria das lutas e Profetizar a esperan\u00e7a na vida, cultivando a m\u00edstica da presen\u00e7a no MEIO do povo\u201d.<\/p>\n<p style=\"text-align: justify\">A pastoral foi fundada em 1969, em Olinda (PE), pelo Frei Alfredo\u00a0Schnuettgen, tendo na \u00e9poca, o incentivo de dom Helder C\u00e2mara.<\/p>\n<p>&nbsp;<\/p>\n<h5><em>Foto de capa: Thomas Bauer<\/em><\/h5>\n","protected":false},"excerpt":{"rendered":"<p>O Conselho Pastoral dos Pescadores (CPP) celebrou 50 anos de cria\u00e7\u00e3o no \u00faltimo m\u00eas de maio, com a realiza\u00e7\u00e3o de um congresso, realizado entre os dias 21 e 23, em Bel\u00e9m (PR). Na \u00faltima semana, o bispo de Brejo (MA), dom Jos\u00e9 Valdeci dos Santos Mendes, que preside o CPP e a Comiss\u00e3o Episcopal para &hellip;<\/p>\n<p class=\"read-more\"> <a class=\"\" href=\"https:\/\/www.cnbb.org.br\/cpp-comemora-50-anos-de-atuacao-e-homenageia-cnbb\/\"> <span class=\"screen-reader-text\">CPP comemora 50 anos de atua\u00e7\u00e3o e homenageia CNBB<\/span> Leia mais &raquo;<\/a><\/p>\n","protected":false},"author":83,"featured_media":34409,"comment_status":"closed","ping_status":"open","sticky":false,"template":"","format":"standard","meta":{"site-sidebar-layout":"default","site-content-layout":"default","ast-global-header-display":"","ast-banner-title-visibility":"","ast-main-header-display":"","ast-hfb-above-header-display":"","ast-hfb-below-header-display":"","ast-hfb-mobile-header-display":"","site-post-title":"","ast-breadcrumbs-content":"","ast-featured-img":"","footer-sml-layout":"","theme-transparent-header-meta":"","adv-header-id-meta":"","stick-header-meta":"","header-above-stick-meta":"","header-main-stick-meta":"","header-below-stick-meta":""},"categories":[766,919],"tags":[],"acf":[],"_links":{"self":[{"href":"https:\/\/www.cnbb.org.br\/cnbb-app\/wp\/v2\/posts\/34408"}],"collection":[{"href":"https:\/\/www.cnbb.org.br\/cnbb-app\/wp\/v2\/posts"}],"about":[{"href":"https:\/\/www.cnbb.org.br\/cnbb-app\/wp\/v2\/types\/post"}],"author":[{"embeddable":true,"href":"https:\/\/www.cnbb.org.br\/cnbb-app\/wp\/v2\/users\/83"}],"replies":[{"embeddable":true,"href":"https:\/\/www.cnbb.org.br\/cnbb-app\/wp\/v2\/comments?post=34408"}],"version-history":[{"count":0,"href":"https:\/\/www.cnbb.org.br\/cnbb-app\/wp\/v2\/posts\/34408\/revisions"}],"wp:featuredmedia":[{"embeddable":true,"href":"https:\/\/www.cnbb.org.br\/cnbb-app\/wp\/v2\/media\/34409"}],"wp:attachment":[{"href":"https:\/\/www.cnbb.org.br\/cnbb-app\/wp\/v2\/media?parent=34408"}],"wp:term":[{"taxonomy":"category","embeddable":true,"href":"https:\/\/www.cnbb.org.br\/cnbb-app\/wp\/v2\/categories?post=34408"},{"taxonomy":"post_tag","embeddable":true,"href":"https:\/\/www.cnbb.org.br\/cnbb-app\/wp\/v2\/tags?post=34408"}],"curies":[{"name":"wp","href":"https:\/\/api.w.org\/{rel}","templated":true}]}}