{"id":34412,"date":"2019-06-06T00:00:00","date_gmt":"2019-06-06T03:00:00","guid":{"rendered":"https:\/\/www.cnbb.org.br\/procuraras-a-justica-e-nada-alem-da-justica-dt-16-11-20\/"},"modified":"2019-06-06T00:00:00","modified_gmt":"2019-06-06T03:00:00","slug":"procuraras-a-justica-e-nada-alem-da-justica-dt-16-11-20","status":"publish","type":"post","link":"https:\/\/www.cnbb.org.br\/procuraras-a-justica-e-nada-alem-da-justica-dt-16-11-20\/","title":{"rendered":"\u201cProcurar\u00e1s a justi\u00e7a e nada al\u00e9m da justi\u00e7a\u201d (Dt 16, 11-20)"},"content":{"rendered":"<p style=\"text-align: right\"><strong>Dom Roberto Francisco Ferreria Paz<br \/>\n<\/strong><strong>Bispo\u00a0 de Campos (RJ)<\/strong><\/p>\n<p style=\"text-align: justify\">Iniciou-se, dia 02 de junho, a Semana de Ora\u00e7\u00e3o pela Unidade dos Crist\u00e3os, inspirada pelo lema b\u00edblico do Livro do Deuteron\u00f4mio, j\u00e1 citado acima. A reflex\u00e3o foi preparada pelos crist\u00e3os da Indon\u00e9sia e quer chamar aten\u00e7\u00e3o para a nova justi\u00e7a da gra\u00e7a libertadora, que vem transformar relacionamentos marcados pela opress\u00e3o, desigualdade e a depreda\u00e7\u00e3o da Cria\u00e7\u00e3o, pelo lucro voraz dos interesses do capital financeiro.<\/p>\n<p style=\"text-align: justify\">A Indon\u00e9sia, um pa\u00eds majoritariamente mu\u00e7ulmano, apresenta dois princ\u00edpios importantes para a conviv\u00eancia humana e crist\u00e3: o lema <em>Bhineka Tunggai Ika, <\/em>que significa unidade na diversidade, lembrando que este pa\u00eds vive uma diversidade muito intensa de etnias, idiomas e religi\u00f5es; e o segundo princ\u00edpio, <em>gotong royong,<\/em> que expressa o desejo firme de viver em solidariedade e colabora\u00e7\u00e3o, partilhando bens e trabalhos, construindo fraternidade.<\/p>\n<p style=\"text-align: justify\">No Brasil, este momento de busca de unidade dos crist\u00e3os \u00e9 de suma relev\u00e2ncia, pois os seguidores de Cristo devem ajudar o povo na constru\u00e7\u00e3o de um projeto pol\u00edtico nacional, alicer\u00e7ado na justi\u00e7a inclusiva, e a servi\u00e7o da vida para todos\/as. Por vezes, percebe-se em certos espa\u00e7os, um fundamentalismo virulento e agressivo, que n\u00e3o s\u00f3 se distancia do Reino de unidade, paz, justi\u00e7a e amor, mas alimenta a divis\u00e3o e a submiss\u00e3o ao poder arbitr\u00e1rio.<\/p>\n<p style=\"text-align: justify\">Queremos fazer parte desta grandiosa corrente de ora\u00e7\u00e3o, valorizando nossas identidades e converg\u00eancias, esperando a for\u00e7a, coragem e ternura do Esp\u00edrito Santo, que sempre nos leva ao encontro dos pobres para com eles celebrar a festa da fartura da vida e da beleza, e integridade da Cria\u00e7\u00e3o. Deus seja louvado!<\/p>\n","protected":false},"excerpt":{"rendered":"<p>Dom Roberto Francisco Ferreria Paz Bispo\u00a0 de Campos (RJ) Iniciou-se, dia 02 de junho, a Semana de Ora\u00e7\u00e3o pela Unidade dos Crist\u00e3os, inspirada pelo lema b\u00edblico do Livro do Deuteron\u00f4mio, j\u00e1 citado acima. A reflex\u00e3o foi preparada pelos crist\u00e3os da Indon\u00e9sia e quer chamar aten\u00e7\u00e3o para a nova justi\u00e7a da gra\u00e7a libertadora, que vem transformar &hellip;<\/p>\n<p class=\"read-more\"> <a class=\"\" href=\"https:\/\/www.cnbb.org.br\/procuraras-a-justica-e-nada-alem-da-justica-dt-16-11-20\/\"> <span class=\"screen-reader-text\">\u201cProcurar\u00e1s a justi\u00e7a e nada al\u00e9m da justi\u00e7a\u201d (Dt 16, 11-20)<\/span> Leia mais &raquo;<\/a><\/p>\n","protected":false},"author":23,"featured_media":0,"comment_status":"closed","ping_status":"open","sticky":false,"template":"","format":"standard","meta":{"site-sidebar-layout":"default","site-content-layout":"default","ast-global-header-display":"","ast-banner-title-visibility":"","ast-main-header-display":"","ast-hfb-above-header-display":"","ast-hfb-below-header-display":"","ast-hfb-mobile-header-display":"","site-post-title":"","ast-breadcrumbs-content":"","ast-featured-img":"","footer-sml-layout":"","theme-transparent-header-meta":"","adv-header-id-meta":"","stick-header-meta":"","header-above-stick-meta":"","header-main-stick-meta":"","header-below-stick-meta":""},"categories":[758],"tags":[],"acf":[],"_links":{"self":[{"href":"https:\/\/www.cnbb.org.br\/cnbb-app\/wp\/v2\/posts\/34412"}],"collection":[{"href":"https:\/\/www.cnbb.org.br\/cnbb-app\/wp\/v2\/posts"}],"about":[{"href":"https:\/\/www.cnbb.org.br\/cnbb-app\/wp\/v2\/types\/post"}],"author":[{"embeddable":true,"href":"https:\/\/www.cnbb.org.br\/cnbb-app\/wp\/v2\/users\/23"}],"replies":[{"embeddable":true,"href":"https:\/\/www.cnbb.org.br\/cnbb-app\/wp\/v2\/comments?post=34412"}],"version-history":[{"count":0,"href":"https:\/\/www.cnbb.org.br\/cnbb-app\/wp\/v2\/posts\/34412\/revisions"}],"wp:attachment":[{"href":"https:\/\/www.cnbb.org.br\/cnbb-app\/wp\/v2\/media?parent=34412"}],"wp:term":[{"taxonomy":"category","embeddable":true,"href":"https:\/\/www.cnbb.org.br\/cnbb-app\/wp\/v2\/categories?post=34412"},{"taxonomy":"post_tag","embeddable":true,"href":"https:\/\/www.cnbb.org.br\/cnbb-app\/wp\/v2\/tags?post=34412"}],"curies":[{"name":"wp","href":"https:\/\/api.w.org\/{rel}","templated":true}]}}