{"id":34423,"date":"2019-06-07T00:00:00","date_gmt":"2019-06-07T03:00:00","guid":{"rendered":"https:\/\/www.cnbb.org.br\/dom-paulo-mendes-peixoto-a-palavra-inspirada-de-deus-e-confirmada-no-dia-de-pentecostes-precisar-sair-do-papel\/"},"modified":"2019-06-07T00:00:00","modified_gmt":"2019-06-07T03:00:00","slug":"dom-paulo-mendes-peixoto-a-palavra-inspirada-de-deus-e-confirmada-no-dia-de-pentecostes-precisar-sair-do-papel","status":"publish","type":"post","link":"https:\/\/www.cnbb.org.br\/dom-paulo-mendes-peixoto-a-palavra-inspirada-de-deus-e-confirmada-no-dia-de-pentecostes-precisar-sair-do-papel\/","title":{"rendered":"Dom Paulo Mendes Peixoto: \u201cA Palavra inspirada de Deus, e confirmada no dia de Pentecostes, precisa sair do papel\u201d"},"content":{"rendered":"<p style=\"text-align: justify\">As Festas Lit\u00fargicas se repetem a cada ano. N\u00e3o \u00e9 diferente com a de Pentecostes, que acontece sempre no domingo imediato \u00e0 Ascens\u00e3o do Senhor, este ano no dia 09 de junho. Dom Paulo Mendes Peixoto, arcebispo de Uberaba, explica que a Igreja Cat\u00f3lica entende esse dia como a realiza\u00e7\u00e3o da promessa de Jesus que, ao voltar ao Pai, encaminha para a terra o Esp\u00edrito Santo, para continuar a tarefa salvadora, guiando e santificando a caminhada das comunidades.<\/p>\n<p style=\"text-align: justify\">O bispo argumenta que no Antigo Testamento h\u00e1 o momento do sopro de Deus, dando ao homem, modelado do barro da terra, o h\u00e1lito da vida, tornando-o ser vivente. Ele afirma ainda que a passagem de Jo\u00e3o diz que nas apari\u00e7\u00f5es aos ap\u00f3stolos, ap\u00f3s desejar-lhes a paz e de soprar sobre eles, Jesus pede para recebam o Esp\u00edrito Santo. \u201cDa\u00ed come\u00e7a a miss\u00e3o da Igreja e os ap\u00f3stolos se sentiram enviados para proclamar o sentido da vida\u201d, conta o bispo.<\/p>\n<p style=\"text-align: justify\">Segundo o bispo, apesar de estarmos em outros tempos, o dinamismo do Esp\u00edrito Santo continua sendo luz e caminho no sofrimento do povo, principalmente nos desafios da modernidade. \u201cNos chamados becos sem sa\u00edda, no meio de confus\u00f5es e desesperos, normalmente os limites humanos se esgotam e as pessoas ficam sem for\u00e7a. O importante \u00e9 n\u00e3o perder o foco do Esp\u00edrito, que abre caminhos quando menos se espera\u201d, diz.<\/p>\n<p style=\"text-align: justify\">O Brasil do momento, conforme o bispo, est\u00e1 visualizando uma na\u00e7\u00e3o dif\u00edcil que parece caminhar para tempos sombrios e de futuro amea\u00e7ador da esperan\u00e7a. \u201cO descr\u00e9dito na institui\u00e7\u00e3o est\u00e1 crescendo, e com possibilidade at\u00e9 de uma convuls\u00e3o nacional&#8221;. Dom Paulo acrescenta que muitos fatos veem, infelizmente, acenando para isso. \u201cFalta credibilidade em tudo, dando chance para o crescimento do fosso el\u00e1stico entre ricos e pobres\u201d, enfatiza.<\/p>\n<p style=\"text-align: justify\">Em seu artigo intitulado \u201cPentecostes\u201d, o bispo aponta ainda que os primeiros meses do ano de 2019 est\u00e3o com muitas marcas negativas, muitas amea\u00e7as \u00e0 vida, fruto de pr\u00e1ticas injustas e irrespons\u00e1veis. \u201cSem uma aten\u00e7\u00e3o mais votada para o Esp\u00edrito de Deus, a tend\u00eancia \u00e9 continuar de mal a pior. Torna-se imposs\u00edvel conseguir vida feliz sem a recupera\u00e7\u00e3o de valores que foram deixados de lado, causando vazio e inseguran\u00e7a em meio a for\u00e7as contr\u00e1rias\u201d, garante.<\/p>\n<p style=\"text-align: justify\">Dom Paulo afirma ainda que a Palavra inspirada de Deus, e confirmada no dia de Pentecostes, precisar sair do papel e fazer acontecer, na realidade atual, uma pr\u00e1tica que consiga cessar a viol\u00eancia, o \u00f3dio, o abuso e a corrup\u00e7\u00e3o moral, social e pol\u00edtica. \u201cAs amea\u00e7as sofridas pela popula\u00e7\u00e3o brasileira, que acontecem em todas as realidades da cultura, revelam distanciamento e n\u00e3o seguimento dos princ\u00edpios divinos\u201d, finaliza o bispo.<\/p>\n","protected":false},"excerpt":{"rendered":"<p>Em seu artigo intitulado \u201cPentecostes\u201d, o bispo afirma que as amea\u00e7as sofridas pela popula\u00e7\u00e3o brasileira, que acontecem em todas as realidades da cultura, revelam distanciamento e n\u00e3o seguimento dos princ\u00edpios divinos<\/p>\n","protected":false},"author":83,"featured_media":1614,"comment_status":"closed","ping_status":"open","sticky":false,"template":"","format":"standard","meta":{"site-sidebar-layout":"default","site-content-layout":"default","ast-global-header-display":"","ast-banner-title-visibility":"","ast-main-header-display":"","ast-hfb-above-header-display":"","ast-hfb-below-header-display":"","ast-hfb-mobile-header-display":"","site-post-title":"","ast-breadcrumbs-content":"","ast-featured-img":"","footer-sml-layout":"","theme-transparent-header-meta":"","adv-header-id-meta":"","stick-header-meta":"","header-above-stick-meta":"","header-main-stick-meta":"","header-below-stick-meta":""},"categories":[841],"tags":[],"acf":[],"_links":{"self":[{"href":"https:\/\/www.cnbb.org.br\/cnbb-app\/wp\/v2\/posts\/34423"}],"collection":[{"href":"https:\/\/www.cnbb.org.br\/cnbb-app\/wp\/v2\/posts"}],"about":[{"href":"https:\/\/www.cnbb.org.br\/cnbb-app\/wp\/v2\/types\/post"}],"author":[{"embeddable":true,"href":"https:\/\/www.cnbb.org.br\/cnbb-app\/wp\/v2\/users\/83"}],"replies":[{"embeddable":true,"href":"https:\/\/www.cnbb.org.br\/cnbb-app\/wp\/v2\/comments?post=34423"}],"version-history":[{"count":0,"href":"https:\/\/www.cnbb.org.br\/cnbb-app\/wp\/v2\/posts\/34423\/revisions"}],"wp:featuredmedia":[{"embeddable":true,"href":"https:\/\/www.cnbb.org.br\/cnbb-app\/wp\/v2\/media\/1614"}],"wp:attachment":[{"href":"https:\/\/www.cnbb.org.br\/cnbb-app\/wp\/v2\/media?parent=34423"}],"wp:term":[{"taxonomy":"category","embeddable":true,"href":"https:\/\/www.cnbb.org.br\/cnbb-app\/wp\/v2\/categories?post=34423"},{"taxonomy":"post_tag","embeddable":true,"href":"https:\/\/www.cnbb.org.br\/cnbb-app\/wp\/v2\/tags?post=34423"}],"curies":[{"name":"wp","href":"https:\/\/api.w.org\/{rel}","templated":true}]}}