{"id":34445,"date":"2019-06-10T00:00:00","date_gmt":"2019-06-10T03:00:00","guid":{"rendered":"https:\/\/www.cnbb.org.br\/mes-vocacional-esta-em-consonancia-com-o-4o-congresso-vocacional-do-brasil\/"},"modified":"2020-03-11T17:15:59","modified_gmt":"2020-03-11T20:15:59","slug":"mes-vocacional-esta-em-consonancia-com-o-4o-congresso-vocacional-do-brasil","status":"publish","type":"post","link":"https:\/\/www.cnbb.org.br\/mes-vocacional-esta-em-consonancia-com-o-4o-congresso-vocacional-do-brasil\/","title":{"rendered":"M\u00eas Vocacional est\u00e1 em conson\u00e2ncia com o 4\u00ba Congresso Vocacional do Brasil"},"content":{"rendered":"<p style=\"text-align: justify\">O m\u00eas de agosto, conforme o costume da Igreja no Brasil, \u00e9 dedicado \u00e0 ora\u00e7\u00e3o, reflex\u00e3o e a\u00e7\u00e3o nas comunidades sobre o tema das voca\u00e7\u00f5es. Este ano, em espec\u00edfico, a tem\u00e1tica principal est\u00e1 em sintonia com o 4\u00ba Congresso Vocacional do Brasil que ir\u00e1 ser realizado de 05 a 08 de setembro, no Centro de Eventos do Santu\u00e1rio Nacional Nossa Senhora de Aparecida, em Aparecida (SP).\u00a0Segundo a equipe organizadora do evento, a reflex\u00e3o e o estudo do tema \u201cVoca\u00e7\u00e3o e Discernimento\u201d deseja refletir sobre a necessidade da ora\u00e7\u00e3o em prol das voca\u00e7\u00f5es e acima de tudo expandir a tem\u00e1tica para todos os \u00e2mbitos eclesiais e sociais.<\/p>\n<p style=\"text-align: justify\">Padre Elias Silva, coordenador nacional da Pastoral Vocacional explica que cada domingo do m\u00eas de agosto \u00e9 dedicado \u00e0 celebra\u00e7\u00e3o de uma determinada voca\u00e7\u00e3o. No primeiro, celebra-se o sacerd\u00f3cio e os minist\u00e9rios ordenados; no segundo, o matrim\u00f4nio junto \u00e0 voca\u00e7\u00e3o para a vida em Fam\u00edlia; no terceiro, a vida consagrada, e por fim, no quarto, a voca\u00e7\u00e3o para os minist\u00e9rios e servi\u00e7os na comunidade. \u201c\u00c9 preciso criar em toda a comunidade esse esp\u00edrito orante para as voca\u00e7\u00f5es para que cada vez mais nesse m\u00eas vocacional seja aproveitado os momentos lit\u00fargicos, de ora\u00e7\u00f5es em grupos, de ora\u00e7\u00f5es familiares\u201d, aponta o padre.<\/p>\n<p style=\"text-align: justify\">Institu\u00eddo em 1981, pela CNBB, em sua 19\u00aa Assembleia Geral, o m\u00eas vocacional tinha como objetivo principal conscientizar as comunidades da responsabilidade que compartilham no processo vocacional. De l\u00e1 para c\u00e1, todos os anos alguma tem\u00e1tica tem sido trabalhada. Este ano em espec\u00edfico, o m\u00eas vocacional estar\u00e1 em sintonia com a tem\u00e1tica do 4\u00ba Congresso Vocacional do Brasil. \u201cO m\u00eas vocacional ser\u00e1 um m\u00eas em que eu convido a todos a levar as preces em prol do 4\u00ba Congresso Vocacional do Brasil, que ser\u00e1 um momento muito importante para a Igreja no Brasil\u201d, afirma padre Elias.<\/p>\n<p style=\"text-align: justify\"><strong><span style=\"color: #993300\">Cartaz<br \/>\n<\/span><br \/>\n<\/strong>O cartaz do m\u00eas vocacional foi elaborado pelo designer gr\u00e1fico e mestre em comunica\u00e7\u00e3o digital, padre Reinaldo Leit\u00e3o, religioso rogacionista. &#8220;A inten\u00e7\u00e3o da proposta \u00e9, ao buscar uma identidade visual com a arte do 4\u00ba Congresso Vocacional do Brasil, celebrar este ano o m\u00eas dedicado \u00e0s voca\u00e7\u00f5es em comunh\u00e3o com os prop\u00f3sitos desse importante acontecimento, a se realizar em setembro pr\u00f3ximo, na cidade de Aparecida (SP)&#8221;, explica o padre Reinaldo.<\/p>\n<div dir=\"auto\"><\/div>\n<div dir=\"auto\" style=\"text-align: justify\">Padre Reinaldo faz, ainda, uma breve descri\u00e7\u00e3o do cartaz. De acordo com ele, as setas convergentes formando uma cruz remete a Jesus Cristo, autor da proposta vocacional &#8220;Vem e segue-me&#8221; (Mt 19, 21); o caminho simboliza o itiner\u00e1rio vocacional que as voca\u00e7\u00f5es devem percorrer e testemunhar; as pessoas representam as diversas voca\u00e7\u00f5es na Igreja e o discernimento vocacional das juventudes; e a cita\u00e7\u00e3o b\u00edblica \u00e9 o lema do 4\u00ba Congresso Vocacional do Brasil.<\/div>\n<div dir=\"auto\"><\/div>\n<blockquote>\n<div dir=\"auto\"><span style=\"color: #993300\">\u201cVamos todos divulgar o cartaz do M\u00eas Vocacional 2019 e assim nos preparar melhor para o IV Congresso Vocacional do Brasil que se aproxima\u201d, finaliza padre Elias.<\/span><\/div>\n<\/blockquote>\n<div dir=\"auto\"><\/div>\n<p style=\"text-align: justify\"><a href=\"https:\/\/www.cnbb.org.br\/wp-content\/uploads\/2019\/06\/cartazvocacional19.pdf\">Acesse aqui o cartaz do M\u00eas Vocacional<\/a>.<\/p>\n","protected":false},"excerpt":{"rendered":"<p>Seguindo a mesma ideia do Cartaz do IV Congresso Vocacional do Brasil, a Pastoral Vocacional apresenta o cartaz do m\u00eas vocacional<\/p>\n","protected":false},"author":83,"featured_media":1632,"comment_status":"closed","ping_status":"open","sticky":false,"template":"","format":"standard","meta":{"site-sidebar-layout":"default","site-content-layout":"default","ast-global-header-display":"","ast-banner-title-visibility":"","ast-main-header-display":"","ast-hfb-above-header-display":"","ast-hfb-below-header-display":"","ast-hfb-mobile-header-display":"","site-post-title":"","ast-breadcrumbs-content":"","ast-featured-img":"","footer-sml-layout":"","theme-transparent-header-meta":"","adv-header-id-meta":"","stick-header-meta":"","header-above-stick-meta":"","header-main-stick-meta":"","header-below-stick-meta":""},"categories":[1],"tags":[],"acf":[],"_links":{"self":[{"href":"https:\/\/www.cnbb.org.br\/cnbb-app\/wp\/v2\/posts\/34445"}],"collection":[{"href":"https:\/\/www.cnbb.org.br\/cnbb-app\/wp\/v2\/posts"}],"about":[{"href":"https:\/\/www.cnbb.org.br\/cnbb-app\/wp\/v2\/types\/post"}],"author":[{"embeddable":true,"href":"https:\/\/www.cnbb.org.br\/cnbb-app\/wp\/v2\/users\/83"}],"replies":[{"embeddable":true,"href":"https:\/\/www.cnbb.org.br\/cnbb-app\/wp\/v2\/comments?post=34445"}],"version-history":[{"count":0,"href":"https:\/\/www.cnbb.org.br\/cnbb-app\/wp\/v2\/posts\/34445\/revisions"}],"wp:featuredmedia":[{"embeddable":true,"href":"https:\/\/www.cnbb.org.br\/cnbb-app\/wp\/v2\/media\/1632"}],"wp:attachment":[{"href":"https:\/\/www.cnbb.org.br\/cnbb-app\/wp\/v2\/media?parent=34445"}],"wp:term":[{"taxonomy":"category","embeddable":true,"href":"https:\/\/www.cnbb.org.br\/cnbb-app\/wp\/v2\/categories?post=34445"},{"taxonomy":"post_tag","embeddable":true,"href":"https:\/\/www.cnbb.org.br\/cnbb-app\/wp\/v2\/tags?post=34445"}],"curies":[{"name":"wp","href":"https:\/\/api.w.org\/{rel}","templated":true}]}}