{"id":34450,"date":"2019-06-10T00:00:00","date_gmt":"2019-06-10T03:00:00","guid":{"rendered":"https:\/\/www.cnbb.org.br\/fonte-da-fe\/"},"modified":"2019-06-10T00:00:00","modified_gmt":"2019-06-10T03:00:00","slug":"fonte-da-fe","status":"publish","type":"post","link":"https:\/\/www.cnbb.org.br\/fonte-da-fe\/","title":{"rendered":"Fonte da f\u00e9"},"content":{"rendered":"<p style=\"text-align: right\"><strong>Dom Paulo Mendes Peixoto<\/strong><br \/>\n<strong>Arcebispo de Uberaba (MG)<\/strong><\/p>\n<p style=\"text-align: justify\">A f\u00e9 parece ser inerente \u00e0 vida das pessoas. Mas dizemos que ela \u00e9 um dom divino, que ultrapassa a simples iniciativa pessoal. Na verdade, a f\u00e9 \u00e9 muito mais do que crer, porque at\u00e9 os dem\u00f4nios acreditam (Tg 2,19). \u00c9 a certeza daquilo que ainda se espera, ou a demonstra\u00e7\u00e3o de realidades que n\u00e3o se veem (cf. Hb 11,1). Ela envolve a certeza e a convic\u00e7\u00e3o, e est\u00e1 alicer\u00e7ada na esperan\u00e7a.<\/p>\n<p style=\"text-align: justify\">A origem mesma da f\u00e9, como um mist\u00e9rio, est\u00e1 enraizada na Sant\u00edssima Trindade, no Deus uno e trino e nas Palavras de Jesus Cristo. Significa que a Sagrada Escritura \u00e9 fonte cristalina para a f\u00e9 crist\u00e3, porque s\u00e3o palavras que apontam para Deus e levam o crente a um encontro pessoal com o Senhor. O que se exige \u00e9 a abertura de cora\u00e7\u00e3o para acolher o an\u00fancio como \u201cgr\u00e3o de mostarda\u201d (Lc 17,6).<\/p>\n<p style=\"text-align: justify\">A falta de f\u00e9 desagrada a Deus, porque Jesus chegou a dizer: \u201cPor que tanto medo, homens de pouca f\u00e9?\u201d (Mt 8,26). Em outro momento da Sagrada Escritura se diz: \u201cOra, sem a f\u00e9 \u00e9 imposs\u00edvel agradar a Deus, pois quem dele se aproxima deve crer que ele existe e recompensa os que o procuram\u201d (Hb 11,6). A f\u00e9 faz a vida das pessoas ser sempre transformada para realizar o bem.<\/p>\n<p style=\"text-align: justify\">Na raiz da f\u00e9 est\u00e1 a sabedoria divina, proclamada com muita evid\u00eancia no Livro dos Prov\u00e9rbios. Essa sabedoria \u00e9 o pr\u00f3prio Cristo, o Verbo que se fez carne para cumprir uma miss\u00e3o de salva\u00e7\u00e3o na terra. Com isto sentimos a profunda sintonia existente entre o Antigo e o Novo Testamento, porque o Deus de Israel \u00e9 o mesmo Deus de Jesus Cristo, anunciado no passado e tornado realidade no presente.<\/p>\n<p style=\"text-align: justify\">A f\u00e9 s\u00f3 tem sentido quando \u00e9 transformada em obras, em gestos de fraternidade e de servi\u00e7o aos irm\u00e3os mais necessitados. A Palavra de Deus \u00e9 clara, quando diz que \u201cA f\u00e9, sem a pr\u00e1tica, \u00e9 morta\u201d (Tg 2,26). Isto significa que, ao lado da f\u00e9, como claridade de sua fun\u00e7\u00e3o, est\u00e1 a caridade, que gera esperan\u00e7a. S\u00e3o as chamadas virtudes teologais, essenciais para a viv\u00eancia e a pr\u00e1tica crist\u00e3.<\/p>\n<p style=\"text-align: justify\">A Festa da Sant\u00edssima Trindade, com a presen\u00e7a do Esp\u00edrito Santo, \u00e9 reveladora do mist\u00e9rio de um Deus que se manifesta no Pai, no Filho Jesus e no Esp\u00edrito Santo. De forma mais sutil j\u00e1 acontecia com os patriarcas Abra\u00e3o, Isaac, Jac\u00f3, Jos\u00e9, Mois\u00e9s, os profetas, os reis e todo o povo do passado. Torna-se mais evidente com os ap\u00f3stolos e com toda a hist\u00f3rica caminhada da Igreja.<\/p>\n","protected":false},"excerpt":{"rendered":"<p>Dom Paulo Mendes Peixoto Arcebispo de Uberaba (MG) A f\u00e9 parece ser inerente \u00e0 vida das pessoas. Mas dizemos que ela \u00e9 um dom divino, que ultrapassa a simples iniciativa pessoal. Na verdade, a f\u00e9 \u00e9 muito mais do que crer, porque at\u00e9 os dem\u00f4nios acreditam (Tg 2,19). \u00c9 a certeza daquilo que ainda se &hellip;<\/p>\n<p class=\"read-more\"> <a class=\"\" href=\"https:\/\/www.cnbb.org.br\/fonte-da-fe\/\"> <span class=\"screen-reader-text\">Fonte da f\u00e9<\/span> Leia mais &raquo;<\/a><\/p>\n","protected":false},"author":25,"featured_media":0,"comment_status":"closed","ping_status":"open","sticky":false,"template":"","format":"standard","meta":{"site-sidebar-layout":"default","site-content-layout":"default","ast-global-header-display":"","ast-banner-title-visibility":"","ast-main-header-display":"","ast-hfb-above-header-display":"","ast-hfb-below-header-display":"","ast-hfb-mobile-header-display":"","site-post-title":"","ast-breadcrumbs-content":"","ast-featured-img":"","footer-sml-layout":"","theme-transparent-header-meta":"","adv-header-id-meta":"","stick-header-meta":"","header-above-stick-meta":"","header-main-stick-meta":"","header-below-stick-meta":""},"categories":[758],"tags":[],"acf":[],"_links":{"self":[{"href":"https:\/\/www.cnbb.org.br\/cnbb-app\/wp\/v2\/posts\/34450"}],"collection":[{"href":"https:\/\/www.cnbb.org.br\/cnbb-app\/wp\/v2\/posts"}],"about":[{"href":"https:\/\/www.cnbb.org.br\/cnbb-app\/wp\/v2\/types\/post"}],"author":[{"embeddable":true,"href":"https:\/\/www.cnbb.org.br\/cnbb-app\/wp\/v2\/users\/25"}],"replies":[{"embeddable":true,"href":"https:\/\/www.cnbb.org.br\/cnbb-app\/wp\/v2\/comments?post=34450"}],"version-history":[{"count":0,"href":"https:\/\/www.cnbb.org.br\/cnbb-app\/wp\/v2\/posts\/34450\/revisions"}],"wp:attachment":[{"href":"https:\/\/www.cnbb.org.br\/cnbb-app\/wp\/v2\/media?parent=34450"}],"wp:term":[{"taxonomy":"category","embeddable":true,"href":"https:\/\/www.cnbb.org.br\/cnbb-app\/wp\/v2\/categories?post=34450"},{"taxonomy":"post_tag","embeddable":true,"href":"https:\/\/www.cnbb.org.br\/cnbb-app\/wp\/v2\/tags?post=34450"}],"curies":[{"name":"wp","href":"https:\/\/api.w.org\/{rel}","templated":true}]}}