{"id":34453,"date":"2019-06-10T00:00:00","date_gmt":"2019-06-10T03:00:00","guid":{"rendered":"https:\/\/www.cnbb.org.br\/papa-o-espirito-santo-e-aquele-que-nos-acompanha-na-vida-que-nos-sustenta\/"},"modified":"2019-06-10T00:00:00","modified_gmt":"2019-06-10T03:00:00","slug":"papa-o-espirito-santo-e-aquele-que-nos-acompanha-na-vida-que-nos-sustenta","status":"publish","type":"post","link":"https:\/\/www.cnbb.org.br\/papa-o-espirito-santo-e-aquele-que-nos-acompanha-na-vida-que-nos-sustenta\/","title":{"rendered":"Papa: \u201cO Esp\u00edrito Santo \u00e9 aquele que nos acompanha na vida, que nos sustenta&#8221;"},"content":{"rendered":"<p class=\"title__separator\" style=\"text-align: justify\">O Esp\u00edrito Santo \u00e9 o protagonista da passagem do Evangelho proposta na liturgia da missa, desta ter\u00e7a-feira, 28 de maio, celebrada pelo papa Francisco na Capela da Casa Santa Marta. \u201cNo discurso de despedida aos disc\u00edpulos antes de subir ao C\u00e9us, Jesus\u201d, disse o papa em sua homilia, \u201cnos faz uma verdadeira catequese sobre o Esp\u00edrito Santo\u201d. Jesus nos explica quem ele \u00e9. Os disc\u00edpulos ficaram tristes ao ouvir que Jesus os deixar\u00e1 e Jesus os repreende por isso. Francisco afirmou: \u201cN\u00e3o, a tristeza n\u00e3o \u00e9 um comportamento crist\u00e3o\u201d. Mas como n\u00e3o ficar triste? \u201cContra a tristeza, na ora\u00e7\u00e3o, pedimos ao Senhor para que guarde em n\u00f3s a juventude renovada do esp\u00edrito\u201d. Aqui, entra em jogo o Esp\u00edrito Santo porque \u00e9 Ele que faz com que haja em n\u00f3s essa juventude que nos renova sempre.<\/p>\n<div class=\"article__text\">\n<p style=\"text-align: justify\"><strong>O cora\u00e7\u00e3o do crist\u00e3o \u00e9 jovem<\/strong><\/p>\n<p style=\"text-align: justify\">O papa citou uma santa que dizia: \u201cUm santo triste \u00e9 um triste santo\u201d. \u201cPortanto, um crist\u00e3o triste \u00e9 um triste crist\u00e3o e isso n\u00e3o \u00e9 bom. A tristeza n\u00e3o entra no cora\u00e7\u00e3o do crist\u00e3o, porque ele \u00e9 jovem\u201d, prosseguiu Francisco. O Esp\u00edrito Santo \u00e9 aquele que nos torna capazes de carregar as cruzes. O Pont\u00edfice citou o exemplo de Paulo e Silas que na pris\u00e3o cantavam hinos a Deus, conforme a primeira leitura de hoje, extra\u00edda do Livro dos Atos dos Ap\u00f3stolos.<\/p>\n<p style=\"text-align: justify\">O Esp\u00edrito Santo renova todas as coisas. \u201cO Esp\u00edrito Santo \u00e9 aquele que nos acompanha na vida, que nos sustenta. \u00c9 o Par\u00e1clito\u201d, frisou o papa. \u201cMas que nome estranho\u201d, disse Francisco, recordando que numa missa para crian\u00e7as, num domingo de Pentecostes, ele perguntou se elas sabiam quem fosse o Esp\u00edrito Santo. E um menino lhe respondeu: o paral\u00edtico.<\/p>\n<p style=\"text-align: justify\"><em>Muitas vezes n\u00f3s pensamos que o Esp\u00edrito Santo \u00e9 um paral\u00edtico, que n\u00e3o faz nada&#8230; Pelo contr\u00e1rio, \u00e9 aquele que nos sustenta. Par\u00e1clito: a palavra par\u00e1clito significa \u201caquele que est\u00e1 ao meu lado para me apoiar\u201d, para que eu n\u00e3o caia, para que eu v\u00e1 adiante, para que eu conserve essa juventude do Esp\u00edrito. O crist\u00e3o \u00e9 sempre jovem: sempre. Quando o cora\u00e7\u00e3o do crist\u00e3o come\u00e7a a envelhecer, a sua voca\u00e7\u00e3o de crist\u00e3o come\u00e7a a diminuir. Ou voc\u00ea \u00e9 jovem de cora\u00e7\u00e3o e de alma ou voc\u00ea n\u00e3o \u00e9 crist\u00e3o.<\/em><\/p>\n<p style=\"text-align: justify\"><strong>Di\u00e1logo cotidiano com o Esp\u00edrito<\/strong><\/p>\n<p style=\"text-align: justify\">Francisco prosseguiu, dizendo que na vida haver\u00e1 dor. Paulo e Silas foram acoitados e sofreram, \u201cmas estavam cheios de alegria, cantavam&#8230;\u201d. <i>Isso \u00e9 juventude. Uma juventude que faz voc\u00ea olhar sempre a esperan\u00e7a. \u00c9 isso, avante! Mas, para ter essa juventude \u00e9 necess\u00e1rio um di\u00e1logo cotidiano com o Esp\u00edrito Santo, que est\u00e1 sempre ao nosso lado. \u00c9 o grande presente que Jesus nos deixou: esse apoio, o que faz a gente seguir em frente<\/i>.<\/p>\n<p style=\"text-align: justify\"><strong>O pecado envelhece a alma<\/strong><\/p>\n<p style=\"text-align: justify\">Mesmo que sejamos pecadores, o Esp\u00edrito nos ajuda a nos arrepender e nos faz olhar para frente. \u201cFale com o Esp\u00edrito\u201d, disse o papa. \u201cEle apoiar\u00e1 voc\u00ea e lhe dar\u00e1 novamente a juventude\u201d. O pecado, por outro lado, envelhece: \u201cEnvelhece a alma, envelhece tudo\u201d. Francisco sublinhou ainda: \u201cJamais esta tristeza pag\u00e3\u201d. Na vida h\u00e1 momentos dif\u00edceis, mas nesses momentos \u201csentimos que o Esp\u00edrito nos ajuda a ir em frente (&#8230;) e a superar as dificuldades. At\u00e9 mesmo o mart\u00edrio\u201d. E o papa concluiu: <i>Pe\u00e7amos ao Senhor para n\u00e3o perder esta juventude renovada, para n\u00e3o ser crist\u00e3os aposentados que perderam a alegria e se deixam conduzir&#8230; O crist\u00e3o nunca se aposenta, o crist\u00e3o vive, vive porque \u00e9 jovem, quando \u00e9 crist\u00e3o verdadeiro<\/i>.<\/p>\n<p><span style=\"color: #993300\"><strong>Solenidade de Pentecostes<\/strong><\/span><\/p>\n<\/div>\n<p style=\"text-align: justify\">Na Solenidade de Pentecostes, 09 de junho, o papa Francisco presidiu a Celebra\u00e7\u00e3o Eucar\u00edstica na Pra\u00e7a S\u00e3o Pedro, na presen\u00e7a de milhares de peregrinos. <a href=\"https:\/\/www.vaticannews.va\/pt\/papa\/news\/2019-06\/papa-francisco-missa-solenidade-pentecostes-homilia.html#play\" target=\"_blank\" rel=\"noopener\">Confira sua homilia na \u00edntegra<\/a>.<\/p>\n<div class=\"article__text\">\n<p style=\"text-align: justify\">Por <b>Adriana Masotti \/Cidade do Vaticano<\/b><\/p>\n<\/div>\n","protected":false},"excerpt":{"rendered":"<p>O Esp\u00edrito Santo \u00e9 o protagonista da passagem do Evangelho proposta na liturgia da missa celebrada pelo papa Francisco na Capela da Casa Santa Marta<\/p>\n","protected":false},"author":83,"featured_media":1641,"comment_status":"closed","ping_status":"open","sticky":false,"template":"","format":"standard","meta":{"site-sidebar-layout":"default","site-content-layout":"default","ast-global-header-display":"","ast-banner-title-visibility":"","ast-main-header-display":"","ast-hfb-above-header-display":"","ast-hfb-below-header-display":"","ast-hfb-mobile-header-display":"","site-post-title":"","ast-breadcrumbs-content":"","ast-featured-img":"","footer-sml-layout":"","theme-transparent-header-meta":"","adv-header-id-meta":"","stick-header-meta":"","header-above-stick-meta":"","header-main-stick-meta":"","header-below-stick-meta":""},"categories":[784],"tags":[],"acf":[],"_links":{"self":[{"href":"https:\/\/www.cnbb.org.br\/cnbb-app\/wp\/v2\/posts\/34453"}],"collection":[{"href":"https:\/\/www.cnbb.org.br\/cnbb-app\/wp\/v2\/posts"}],"about":[{"href":"https:\/\/www.cnbb.org.br\/cnbb-app\/wp\/v2\/types\/post"}],"author":[{"embeddable":true,"href":"https:\/\/www.cnbb.org.br\/cnbb-app\/wp\/v2\/users\/83"}],"replies":[{"embeddable":true,"href":"https:\/\/www.cnbb.org.br\/cnbb-app\/wp\/v2\/comments?post=34453"}],"version-history":[{"count":0,"href":"https:\/\/www.cnbb.org.br\/cnbb-app\/wp\/v2\/posts\/34453\/revisions"}],"wp:featuredmedia":[{"embeddable":true,"href":"https:\/\/www.cnbb.org.br\/cnbb-app\/wp\/v2\/media\/1641"}],"wp:attachment":[{"href":"https:\/\/www.cnbb.org.br\/cnbb-app\/wp\/v2\/media?parent=34453"}],"wp:term":[{"taxonomy":"category","embeddable":true,"href":"https:\/\/www.cnbb.org.br\/cnbb-app\/wp\/v2\/categories?post=34453"},{"taxonomy":"post_tag","embeddable":true,"href":"https:\/\/www.cnbb.org.br\/cnbb-app\/wp\/v2\/tags?post=34453"}],"curies":[{"name":"wp","href":"https:\/\/api.w.org\/{rel}","templated":true}]}}