{"id":34472,"date":"2019-06-12T00:00:00","date_gmt":"2019-06-12T03:00:00","guid":{"rendered":"https:\/\/www.cnbb.org.br\/papa-abandonar-o-egocentrismo-e-nao-temer-a-diversidade\/"},"modified":"2019-06-12T00:00:00","modified_gmt":"2019-06-12T03:00:00","slug":"papa-abandonar-o-egocentrismo-e-nao-temer-a-diversidade","status":"publish","type":"post","link":"https:\/\/www.cnbb.org.br\/papa-abandonar-o-egocentrismo-e-nao-temer-a-diversidade\/","title":{"rendered":"Papa Francisco: &#8220;abandonar o egocentrismo e n\u00e3o temer a diversidade&#8221;"},"content":{"rendered":"<div class=\"article__subTitle\">\n<p style=\"text-align: justify\">Cerca de 20 mil pessoas foram \u00e0 Pra\u00e7a S\u00e3o Pedro participar da audi\u00eancia geral do Papa Francisco nesta quarta-feira, 12 de junho. Dando continuidade ao ciclo de catequeses sobre os Atos dos Ap\u00f3stolos, o Papa iniciou afirmando que a Ressurrei\u00e7\u00e3o de Cristo n\u00e3o foi um evento entre outros, mas a fonte da vida nova.<\/p>\n<p style=\"text-align: justify\"><strong>A &#8216;viagem&#8217; do Evangelho<\/strong><\/p>\n<p style=\"text-align: justify\">Seus disc\u00edpulos sabiam e por isso, ficaram unidos a Maria, perseverantes na ora\u00e7\u00e3o e fortalecidos na comunh\u00e3o. Os ap\u00f3stolos buscaram recompor o seu corpo que, ap\u00f3s os eventos dolorosos da Paix\u00e3o do Senhor, ficara reduzido a 11 membros.<\/p>\n<p style=\"text-align: justify\">Judas Iscariotes, muito embora recebera a grande gra\u00e7a de ser parte do c\u00edrculo \u00edntimo de Jesus e de participar do seu minist\u00e9rio, num determinado momento isolou-se, apegando-se ao dinheiro e caindo no orgulho ao ponto de preferir a morte \u00e0 vida.<\/p>\n<p style=\"text-align: justify\"><strong>Recompor o corpo, fechar a ferida<\/strong><\/p>\n<p style=\"text-align: justify\">Os Ap\u00f3stolos, ao contr\u00e1rio, escolheram a vida e a b\u00ean\u00e7\u00e3o e, para tal, decidiram eleger algu\u00e9m para o lugar de Judas. Pedro indica que deveria ser um disc\u00edpulo de Jesus desde o Batismo no Jord\u00e3o at\u00e9 a Ascens\u00e3o de Jesus ao C\u00e9u.<\/p>\n<p style=\"text-align: justify\">Elegeu-se Matias atrav\u00e9s do discernimento comunit\u00e1rio, ou seja, procurando olhar a realidade com os olhos de Deus segundo a \u00f3tica da unidade e comunh\u00e3o.<\/p>\n<p style=\"text-align: justify\"><em><strong>\u201cO novo corpo dos Doze \u00e9 um sinal de que a comunh\u00e3o vence sobre as divis\u00f5es e o isolamento, que a comunh\u00e3o \u00e9 o primeiro testemunho oferecido pelos Ap\u00f3stolos da obra de salva\u00e7\u00e3o de Cristo e da a\u00e7\u00e3o de Deus na hist\u00f3ria, na fidelidade \u00e0s palavras do Senhor. \u201d<\/strong><\/em><\/p>\n<p style=\"text-align: justify\">Eles n\u00e3o expressam ao mundo uma presum\u00edvel perfei\u00e7\u00e3o, mas atrav\u00e9s da gra\u00e7a da unidade, fazem emergir um Outro, que vive de um modo novo em meio a seu povo: o Senhor Jesus.<\/p>\n<p style=\"text-align: justify\">Ao terminar sua reflex\u00e3o, o Papa exortou:<\/p>\n<p style=\"text-align: justify\"><em><strong>\u201cN\u00f3s tamb\u00e9m precisamos redescobrir a beleza de testemunhar o Ressuscitado, abandonando atitudes egoc\u00eantricas, renunciando a apropriar-nos dos dons de Deus e n\u00e3o cedendo \u00e0 mediocridade. A recomposi\u00e7\u00e3o do col\u00e9gio apost\u00f3lico demonstra que no DNA da comunidade crist\u00e3 existem unidade e liberdade de si mesmos. Isto permite n\u00e3o temer a diversidade, n\u00e3o apegar-se \u00e0s coisas e dons e tornarmo-nos m\u00e1rtires testemunhas luminosas do Deus vivo e atuante na hist\u00f3ria&#8221;.<\/strong><\/em><\/p>\n<div class=\"ast-oembed-container\" style=\"height: 100%;\"><iframe loading=\"lazy\" title=\"Papa: &quot;abandonar o egocentrismo e n\u00e3o temer a diversidade&quot;\" width=\"500\" height=\"281\" src=\"https:\/\/www.youtube.com\/embed\/OQdfVjIpQg4?feature=oembed\" frameborder=\"0\" allow=\"accelerometer; autoplay; clipboard-write; encrypted-media; gyroscope; picture-in-picture\" allowfullscreen><\/iframe><\/div>\n<h5 style=\"text-align: justify\">(Texto e fotos: Cristiane Murray &#8211; Vatican News)<\/h5>\n<\/div>\n","protected":false},"excerpt":{"rendered":"<p>A comunh\u00e3o \u00e9 o primeiro testemunho dos Ap\u00f3stolos da obra de salva\u00e7\u00e3o de Cristo e da a\u00e7\u00e3o de Deus na hist\u00f3ria, disse o papa na audi\u00eancia geral<\/p>\n","protected":false},"author":83,"featured_media":1662,"comment_status":"closed","ping_status":"open","sticky":false,"template":"","format":"standard","meta":{"site-sidebar-layout":"default","site-content-layout":"default","ast-global-header-display":"","ast-banner-title-visibility":"","ast-main-header-display":"","ast-hfb-above-header-display":"","ast-hfb-below-header-display":"","ast-hfb-mobile-header-display":"","site-post-title":"","ast-breadcrumbs-content":"","ast-featured-img":"","footer-sml-layout":"","theme-transparent-header-meta":"","adv-header-id-meta":"","stick-header-meta":"","header-above-stick-meta":"","header-main-stick-meta":"","header-below-stick-meta":""},"categories":[784],"tags":[],"acf":[],"_links":{"self":[{"href":"https:\/\/www.cnbb.org.br\/cnbb-app\/wp\/v2\/posts\/34472"}],"collection":[{"href":"https:\/\/www.cnbb.org.br\/cnbb-app\/wp\/v2\/posts"}],"about":[{"href":"https:\/\/www.cnbb.org.br\/cnbb-app\/wp\/v2\/types\/post"}],"author":[{"embeddable":true,"href":"https:\/\/www.cnbb.org.br\/cnbb-app\/wp\/v2\/users\/83"}],"replies":[{"embeddable":true,"href":"https:\/\/www.cnbb.org.br\/cnbb-app\/wp\/v2\/comments?post=34472"}],"version-history":[{"count":0,"href":"https:\/\/www.cnbb.org.br\/cnbb-app\/wp\/v2\/posts\/34472\/revisions"}],"wp:featuredmedia":[{"embeddable":true,"href":"https:\/\/www.cnbb.org.br\/cnbb-app\/wp\/v2\/media\/1662"}],"wp:attachment":[{"href":"https:\/\/www.cnbb.org.br\/cnbb-app\/wp\/v2\/media?parent=34472"}],"wp:term":[{"taxonomy":"category","embeddable":true,"href":"https:\/\/www.cnbb.org.br\/cnbb-app\/wp\/v2\/categories?post=34472"},{"taxonomy":"post_tag","embeddable":true,"href":"https:\/\/www.cnbb.org.br\/cnbb-app\/wp\/v2\/tags?post=34472"}],"curies":[{"name":"wp","href":"https:\/\/api.w.org\/{rel}","templated":true}]}}