{"id":34497,"date":"2019-06-17T00:00:00","date_gmt":"2019-06-17T03:00:00","guid":{"rendered":"https:\/\/www.cnbb.org.br\/papa-a-promocao-dos-pobres-mesmo-social-nao-e-um-compromisso-extrinseco-ao-anuncio-do-evangelho\/"},"modified":"2019-06-17T00:00:00","modified_gmt":"2019-06-17T03:00:00","slug":"papa-a-promocao-dos-pobres-mesmo-social-nao-e-um-compromisso-extrinseco-ao-anuncio-do-evangelho","status":"publish","type":"post","link":"https:\/\/www.cnbb.org.br\/papa-a-promocao-dos-pobres-mesmo-social-nao-e-um-compromisso-extrinseco-ao-anuncio-do-evangelho\/","title":{"rendered":"Papa: \u201ca promo\u00e7\u00e3o dos pobres n\u00e3o \u00e9 um compromisso extr\u00ednseco ao an\u00fancio do Evangelho\u201d"},"content":{"rendered":"<p style=\"text-align: justify\">\u201cA esperan\u00e7a dos pobres jamais se frustrar\u00e1\u201d \u00e9 o tema escolhido pelo papa Francisco para o III Dia Mundial dos Pobres, que ser\u00e1 celebrado em 17 de novembro. O Dia Mundial dos Pobres \u00e9 fruto do Jubileu Extraordin\u00e1rio da Miseric\u00f3rdia e se realiza no domingo anterior ao da festa de Cristo Rei.<\/p>\n<p style=\"text-align: justify\">Em mensagem para a ocasi\u00e3o, o papa Francisco recorda que a promo\u00e7\u00e3o dos pobres, mesmo social, n\u00e3o \u00e9 um compromisso extr\u00ednseco ao an\u00fancio do Evangelho. Neste ano, Francisco faz uma compara\u00e7\u00e3o entre a situa\u00e7\u00e3o do pobre no tempo do salmista e a situa\u00e7\u00e3o atual e constata que pouco mudou:<\/p>\n<blockquote>\n<p style=\"text-align: justify\"><strong><em>\u201cPassam os s\u00e9culos, mas permanece imut\u00e1vel a condi\u00e7\u00e3o de ricos e pobres, como se a experi\u00eancia da hist\u00f3ria n\u00e3o ensinasse nada. Assim, as palavras do salmo n\u00e3o dizem respeito ao passado, mas ao nosso presente submetido ao ju\u00edzo de Deus. \u201d<\/em><\/strong><\/p>\n<\/blockquote>\n<p style=\"text-align: justify\">O pont\u00edfice cita as \u201cmuitas formas de novas escravid\u00f5es\u201d, como fam\u00edlias obrigadas a deixar a sua terra; \u00f3rf\u00e3os que perderam os pais; jovens em busca duma realiza\u00e7\u00e3o profissional; v\u00edtimas de tantas formas de viol\u00eancia, da prostitui\u00e7\u00e3o \u00e0 droga; sem esquecer os milh\u00f5es de migrantes instrumentalizados para uso pol\u00edtico.<\/p>\n<p style=\"text-align: justify\"><strong>Lixeira humana<\/strong><\/p>\n<p style=\"text-align: justify\">O papa fala tamb\u00e9m das periferias de nossas cidades, repletas de pessoas que vagueiam pelas ruas, em busca de alimento. \u201cTendo-se tornado eles pr\u00f3prios parte duma lixeira humana, s\u00e3o tratados como lixo, sem que isto provoque qualquer sentido de culpa em quantos s\u00e3o c\u00famplices deste esc\u00e2ndalo.\u201d<\/p>\n<p style=\"text-align: justify\">N\u00e3o obstante a descri\u00e7\u00e3o de injusti\u00e7a e sofrimento no salmo, h\u00e1 uma defini\u00e7\u00e3o do pobre: \u00e9 aquele que \u00abconfia no Senhor\u00bb (cf. 9, 11), pois tem a certeza de que nunca ser\u00e1 abandonado. \u201cNa Escritura, o pobre \u00e9 o homem da confian\u00e7a!\u201d, escreve o papa. \u201c\u00c9 precisamente esta confian\u00e7a no Senhor, esta certeza de n\u00e3o ser abandonado, que convida o pobre \u00e0 esperan\u00e7a. Sabe que Deus n\u00e3o o pode abandonar.\u201d<\/p>\n<p style=\"text-align: justify\"><strong>Compromisso intr\u00ednseco ao Evangelho<\/strong><\/p>\n<p style=\"text-align: justify\">Jesus, por sua vez, n\u00e3o teve medo de se identificar com cada um deles. Francisco ent\u00e3o adverte: esquivar-se desta identifica\u00e7\u00e3o equivale a ludibriar o Evangelho e diluir a revela\u00e7\u00e3o. Sobretudo num per\u00edodo como o nosso, prossegue o papa, \u00e9 preciso reanimar a esperan\u00e7a e restabelecer a confian\u00e7a. \u201c\u00c9 um programa que a comunidade crist\u00e3 n\u00e3o pode subestimar. Disso depende a credibilidade do nosso an\u00fancio e do testemunho dos crist\u00e3os.\u201d<\/p>\n<p style=\"text-align: justify\">Francisco recorda que a promo\u00e7\u00e3o dos pobres, mesmo social, n\u00e3o \u00e9 um compromisso extr\u00ednseco ao an\u00fancio do Evangelho; pelo contr\u00e1rio, manifesta o realismo da f\u00e9 crist\u00e3 e a sua validade hist\u00f3rica. Como exemplo, o Santo Padre cita Jean Vanier, que faleceu recentemente, e o define como um \u201cgrande ap\u00f3stolo dos pobres\u201d.<\/p>\n<p style=\"text-align: justify\"><strong>Mudan\u00e7a de mentalidade<\/strong><\/p>\n<p style=\"text-align: justify\">Por ocasi\u00e3o deste Dia Mundial, Francisco n\u00e3o pede somente iniciativas de assist\u00eancia, mas faz votos de que aumente em cada um aquela aten\u00e7\u00e3o plena, que \u00e9 devida a toda a pessoa que se encontra em dificuldade.<\/p>\n<p style=\"text-align: justify\">\u201cN\u00e3o \u00e9 f\u00e1cil ser testemunha da esperan\u00e7a crist\u00e3 no contexto cultural do consumismo e do descarte, sempre propenso a aumentar um bem-estar superficial e ef\u00eamero. Requer-se uma mudan\u00e7a de mentalidade para redescobrir o essencial, para encarnar e tornar incisivo o an\u00fancio do Reino de Deus.\u201d<\/p>\n<p style=\"text-align: justify\">Em sua mensagem, o Pont\u00edfice n\u00e3o deixa de enaltecer o trabalho de in\u00fameros volunt\u00e1rios pelo mundo, mas recorda que os pobres n\u00e3o precisam somente de uma \u201csopa quente ou de um sandu\u00edche\u201d.<\/p>\n<blockquote>\n<p style=\"text-align: justify\">\u201cPrecisam das nossas m\u00e3os para se reerguer, dos nossos cora\u00e7\u00f5es para sentir de novo o calor do afeto, da nossa presen\u00e7a para superar a solid\u00e3o. Precisam simplesmente de amor&#8230;\u201d<\/p>\n<\/blockquote>\n<p style=\"text-align: justify\">Ao final da mensagem, o papa exorta a todas as comunidades crist\u00e3s e a quantos sentem a exig\u00eancia de levar esperan\u00e7a e conforto aos pobres: \u201cpe\u00e7o que se empenhem para que este Dia Mundial possa refor\u00e7ar em muitos a vontade de colaborar concretamente para que ningu\u00e9m se sinta privado da proximidade e da solidariedade\u201d.<\/p>\n<p>Confira a mensagem do papa na \u00edntegra (<a href=\"http:\/\/w2.vatican.va\/content\/francesco\/pt\/messages\/poveri\/documents\/papa-francesco_20190613_messaggio-iii-giornatamondiale-poveri-2019.html\" target=\"_blank\" rel=\"noopener\">clique aqui<\/a>)!<\/p>\n<h5><em><strong>(Com informa\u00e7\u00f5es do Vatican News\/Bianca Fraccalvieri)<\/strong><\/em><\/h5>\n","protected":false},"excerpt":{"rendered":"<p>Como o tema: \u201cA esperan\u00e7a dos pobres jamais se frustrar\u00e1\u201d Francisco divulga mensagem para o III Dia Mundial dos Pobres, este ano 17 de novembro<\/p>\n","protected":false},"author":83,"featured_media":1689,"comment_status":"closed","ping_status":"open","sticky":false,"template":"","format":"standard","meta":{"site-sidebar-layout":"default","site-content-layout":"default","ast-global-header-display":"","ast-banner-title-visibility":"","ast-main-header-display":"","ast-hfb-above-header-display":"","ast-hfb-below-header-display":"","ast-hfb-mobile-header-display":"","site-post-title":"","ast-breadcrumbs-content":"","ast-featured-img":"","footer-sml-layout":"","theme-transparent-header-meta":"","adv-header-id-meta":"","stick-header-meta":"","header-above-stick-meta":"","header-main-stick-meta":"","header-below-stick-meta":""},"categories":[841],"tags":[],"acf":[],"_links":{"self":[{"href":"https:\/\/www.cnbb.org.br\/cnbb-app\/wp\/v2\/posts\/34497"}],"collection":[{"href":"https:\/\/www.cnbb.org.br\/cnbb-app\/wp\/v2\/posts"}],"about":[{"href":"https:\/\/www.cnbb.org.br\/cnbb-app\/wp\/v2\/types\/post"}],"author":[{"embeddable":true,"href":"https:\/\/www.cnbb.org.br\/cnbb-app\/wp\/v2\/users\/83"}],"replies":[{"embeddable":true,"href":"https:\/\/www.cnbb.org.br\/cnbb-app\/wp\/v2\/comments?post=34497"}],"version-history":[{"count":0,"href":"https:\/\/www.cnbb.org.br\/cnbb-app\/wp\/v2\/posts\/34497\/revisions"}],"wp:featuredmedia":[{"embeddable":true,"href":"https:\/\/www.cnbb.org.br\/cnbb-app\/wp\/v2\/media\/1689"}],"wp:attachment":[{"href":"https:\/\/www.cnbb.org.br\/cnbb-app\/wp\/v2\/media?parent=34497"}],"wp:term":[{"taxonomy":"category","embeddable":true,"href":"https:\/\/www.cnbb.org.br\/cnbb-app\/wp\/v2\/categories?post=34497"},{"taxonomy":"post_tag","embeddable":true,"href":"https:\/\/www.cnbb.org.br\/cnbb-app\/wp\/v2\/tags?post=34497"}],"curies":[{"name":"wp","href":"https:\/\/api.w.org\/{rel}","templated":true}]}}