{"id":34503,"date":"2019-06-17T00:00:00","date_gmt":"2019-06-17T03:00:00","guid":{"rendered":"https:\/\/www.cnbb.org.br\/papa-francisco-nomeia-novo-bispo-para-a-eparquia-nossa-senhora-do-paraiso-em-sao-paulo\/"},"modified":"2020-03-11T21:45:50","modified_gmt":"2020-03-12T00:45:50","slug":"papa-francisco-nomeia-novo-bispo-para-a-eparquia-nossa-senhora-do-paraiso-em-sao-paulo","status":"publish","type":"post","link":"https:\/\/www.cnbb.org.br\/papa-francisco-nomeia-novo-bispo-para-a-eparquia-nossa-senhora-do-paraiso-em-sao-paulo\/","title":{"rendered":"Papa Francisco nomeia novo bispo para a Eparquia Nossa Senhora do Para\u00edso em S\u00e3o Paulo"},"content":{"rendered":"<p style=\"text-align: justify\">A Nunciatura Apost\u00f3lica no Brasil informou, nesta segunda-feira, dia 17 de junho, que o Papa Francisco nomeou bispo da Eparquia Nossa Senhora do Para\u00edso em S\u00e3o Paulo dos Greco-Melquitas, o monsenhor George Khoury.<\/p>\n<p style=\"text-align: justify\">A Eparquia Greco-Melquita Nossa Senhora do Para\u00edso estava vacante desde fevereiro de 2018, quando o Papa Francisco autorizou a transfer\u00eancia de dom Joseph G\u00e9bara para a Arquieparquia Greco-Melquita de Petra e Filad\u00e9lfia, na Jord\u00e2nia. Desde ent\u00e3o, a Eparquia no Brasil estava sendo conduzida pelo bispo auxiliar de S\u00e3o Paulo (SP) dom S\u00e9rgio de Deus Borges, designado como administrador apost\u00f3lico em 23 de maio de 2018.<\/p>\n<p style=\"text-align: justify\">Em comunh\u00e3o com a Igreja Cat\u00f3lica Apost\u00f3lica Romana, a eparquia \u00e9 uma circunscri\u00e7\u00e3o eclesi\u00e1stica da Igreja Greco-Melquita Cat\u00f3lica no Brasil, sendo uma das igrejas <em>Sui Iuris<\/em>. Foi institu\u00edda em 26 de maio de 1972 pelo papa Paulo VI, sendo sua S\u00e9 a Catedral de Nossa Senhora do Para\u00edso, na cidade de S\u00e3o Paulo.<\/p>\n<p><strong>Monsenhor George Khoury<\/strong><\/p>\n<p style=\"text-align: justify\">Nomeado bispo da Eparquia Greco-Melquita Nossa Senhora do Para\u00edso, monsenhor George Khoury \u00e9 natural da cidade de Safita, no Estado de Tartous, no noroeste da S\u00edria. Nascido em 1970, cursou faculdade de letras em Al-Baath Universidade-Homs, formando-se em 1992. Atuou como professor de l\u00edngua inglesa nas escolas das periferias da cidade de Safita.<\/p>\n<p style=\"text-align: justify\">No final de 1994, entrou no convento de S\u00e3o Paulo, em Safita, onde estudou teologia de 1994 a 1998. Foi ordenado di\u00e1cono em 1998 por dom Michael Yatim e sacerdote, em 1999, por dom Fares Maakaroun. Em 2000, pela autoriza\u00e7\u00e3o do patriarca Makssimos Hakim, foi enviado ao Brasil.<\/p>\n<p style=\"text-align: justify\">Desde ent\u00e3o, atuou como p\u00e1roco na catedral Nossa Senhora do Para\u00edso em S\u00e3o Paulo (SP). Em 2003, foi transferido para a par\u00f3quia de S\u00e3o Bas\u00edlio e Nossa Senhora do Perp\u00e9tuo Socorro, no Rio de Janeiro. Em janeiro de 2009, recebeu o t\u00edtulo de monsenhor.<\/p>\n<p style=\"text-align: justify\">Possui especializa\u00e7\u00e3o em Sagradas Escrituras e p\u00f3s-gradua\u00e7\u00e3o em Doc\u00eancia do Ensino Religioso pela faculdade Futura, de Votuporanga (SP).<\/p>\n<p>A Confer\u00eancia Nacional dos Bispos do Brasil (CNBB) enviou sauda\u00e7\u00e3o ao novo membro do episcopado:<\/p>\n<p style=\"text-align: center\"><strong>Sauda\u00e7\u00e3o da CNBB ao Monsenhor George Khoury<\/strong><\/p>\n<p style=\"text-align: right\">Bras\u00edlia-DF, 17 de junho de 2019<\/p>\n<blockquote><p><em>Prezado Monsenhor George Khoury,<\/em><\/p>\n<p><em>Paz!<\/em><\/p>\n<p style=\"text-align: justify\"><em>A Confer\u00eancia Nacional dos Bispos do Brasil (CNBB) manifesta alegria com o an\u00fancio de sua nomea\u00e7\u00e3o feita nesta segunda-feira, 17 de junho, pelo Papa Francisco como novo bispo da Eparquia Greco-Melquita Nossa Senhora do Para\u00edso.<\/em><\/p>\n<p style=\"text-align: justify\"><em>Unimo-nos fraternalmente ao senhor por sua nomea\u00e7\u00e3o e reiteramos nossas preces e nosso afeto, extensivo a toda a comunidade melquita agora confiada ao seu pastoreio e a todo o povo s\u00edrio, rogando sempre pela paz em toda a Terra.<\/em><\/p>\n<p style=\"text-align: justify\"><em>O Senhor sempre aben\u00e7oe os seus caminhos e o seu minist\u00e9rio episcopal, com a intercess\u00e3o materna de Nossa Senhora. Conte com nosso apoio e ora\u00e7\u00f5es.<\/em><\/p>\n<p><em>Em Cristo,<\/em><\/p>\n<p style=\"text-align: center\"><strong>Dom Walmor Oliveira de Azevedo<\/strong><br \/>\nArcebispo de Belo Horizonte (MG)<br \/>\nPresidente da CNBB<\/p>\n<p style=\"text-align: center\"><strong>Dom Jaime Spengler<\/strong><br \/>\nArcebispo de Porto Alegre (RS)<br \/>\nPrimeiro Vice-Presidente da CNBB<\/p>\n<p style=\"text-align: center\"><strong>Dom M\u00e1rio Ant\u00f4nio da Silva<\/strong><br \/>\nBispo de Roraima (RR)<br \/>\nSegundo Vice-Presidente da CNBB<\/p>\n<p style=\"text-align: center\"><strong>Dom Joel Portella Amado<\/strong><br \/>\nBispo auxiliar da arquidiocese de S\u00e3o Sebasti\u00e3o do Rio de Janeiro (RJ)<br \/>\nSecret\u00e1rio-geral da CNBB<\/p>\n<\/blockquote>\n","protected":false},"excerpt":{"rendered":"<p>Atualmente, Khoury \u00e9 p\u00e1roco na par\u00f3quia de S\u00e3o Bas\u00edlio e Nossa Senhora do Perp\u00e9tuo Socorro, no Rio de Janeiro<\/p>\n","protected":false},"author":83,"featured_media":1693,"comment_status":"closed","ping_status":"open","sticky":false,"template":"","format":"standard","meta":{"site-sidebar-layout":"default","site-content-layout":"default","ast-global-header-display":"","ast-banner-title-visibility":"","ast-main-header-display":"","ast-hfb-above-header-display":"","ast-hfb-below-header-display":"","ast-hfb-mobile-header-display":"","site-post-title":"","ast-breadcrumbs-content":"","ast-featured-img":"","footer-sml-layout":"","theme-transparent-header-meta":"","adv-header-id-meta":"","stick-header-meta":"","header-above-stick-meta":"","header-main-stick-meta":"","header-below-stick-meta":""},"categories":[798,872],"tags":[],"acf":[],"_links":{"self":[{"href":"https:\/\/www.cnbb.org.br\/cnbb-app\/wp\/v2\/posts\/34503"}],"collection":[{"href":"https:\/\/www.cnbb.org.br\/cnbb-app\/wp\/v2\/posts"}],"about":[{"href":"https:\/\/www.cnbb.org.br\/cnbb-app\/wp\/v2\/types\/post"}],"author":[{"embeddable":true,"href":"https:\/\/www.cnbb.org.br\/cnbb-app\/wp\/v2\/users\/83"}],"replies":[{"embeddable":true,"href":"https:\/\/www.cnbb.org.br\/cnbb-app\/wp\/v2\/comments?post=34503"}],"version-history":[{"count":0,"href":"https:\/\/www.cnbb.org.br\/cnbb-app\/wp\/v2\/posts\/34503\/revisions"}],"wp:featuredmedia":[{"embeddable":true,"href":"https:\/\/www.cnbb.org.br\/cnbb-app\/wp\/v2\/media\/1693"}],"wp:attachment":[{"href":"https:\/\/www.cnbb.org.br\/cnbb-app\/wp\/v2\/media?parent=34503"}],"wp:term":[{"taxonomy":"category","embeddable":true,"href":"https:\/\/www.cnbb.org.br\/cnbb-app\/wp\/v2\/categories?post=34503"},{"taxonomy":"post_tag","embeddable":true,"href":"https:\/\/www.cnbb.org.br\/cnbb-app\/wp\/v2\/tags?post=34503"}],"curies":[{"name":"wp","href":"https:\/\/api.w.org\/{rel}","templated":true}]}}