{"id":34549,"date":"2019-06-21T00:00:00","date_gmt":"2019-06-21T03:00:00","guid":{"rendered":"https:\/\/www.cnbb.org.br\/livro-do-cardeal-hummes-o-sinodo-para-a-amazonia-disponivel-nas-livrarias-italianas\/"},"modified":"2019-06-21T00:00:00","modified_gmt":"2019-06-21T03:00:00","slug":"livro-do-cardeal-hummes-o-sinodo-para-a-amazonia-disponivel-nas-livrarias-italianas","status":"publish","type":"post","link":"https:\/\/www.cnbb.org.br\/livro-do-cardeal-hummes-o-sinodo-para-a-amazonia-disponivel-nas-livrarias-italianas\/","title":{"rendered":"Livro do cardeal Hummes \u201cO S\u00ednodo para a Amaz\u00f4nia\u201d dispon\u00edvel nas livrarias italianas"},"content":{"rendered":"<div class=\"article__subTitle\">\u201cEste livro surgiu da vontade de querer divulgar ao m\u00e1ximo esse s\u00ednodo e expor o processo sinodal e sua tem\u00e1tica\u201d, afirmou dom Cl\u00e1udio, segundo informa\u00e7\u00f5es do site da Repam.<\/div>\n<div class=\"article__text\">\n<p>Est\u00e1 dispon\u00edvel a partir desta sexta-feira (21\/6), em todas as livrarias da It\u00e1lia, o livro\u00a0<b>\u201cO S\u00ednodo para a Amaz\u00f4nia\u201d\u00a0<\/b>do arcebispo em\u00e9rito de S\u00e3o Paulo, cardeal\u00a0<b>Cl\u00e1udio Hummes,<\/b>\u00a0<b>presidente da Rede Eclesial Pan-Amaz\u00f4nica (Repam).<\/b><\/p>\n<p style=\"text-align: justify\">\u201cEste livro surgiu da vontade de querer divulgar ao m\u00e1ximo esse s\u00ednodo e expor o processo sinodal e sua tem\u00e1tica\u201d, afirmou dom Cl\u00e1udio,\u00a0<b>segundo informa\u00e7\u00f5es do site da Repam.<\/b><\/p>\n<p style=\"text-align: justify\">No livro, o cardeal Hummes, nomeado pelo Papa Francisco relator-geral do S\u00ednodo Pan-Amaz\u00f4nico, oferece uma vis\u00e3o geral dos principais temas que ser\u00e3o tratados na Assembleia sinodal.<\/p>\n<p style=\"text-align: justify\">Aborda o an\u00fancio, o percurso sinodal, a crise clim\u00e1tica e ecol\u00f3gica com suas respectivas causas, os povos ind\u00edgenas da Amaz\u00f4nia, as cidades amaz\u00f4nicas, a import\u00e2ncia da enc\u00edclica Laudato si\u2019 para o s\u00ednodo, a ecologia integral e a convers\u00e3o ecol\u00f3gica, os pedidos de uma Igreja inculturada, ind\u00edgena e com rosto amaz\u00f4nico, o testemunho prof\u00e9tico presente na regi\u00e3o, os desafios para a Igreja, os novos modelos de desenvolvimento, o direito universal \u00e0 \u00e1gua, a REPAM e a presen\u00e7a de Maria na devo\u00e7\u00e3o do povo amaz\u00f4nico.<\/p>\n<p style=\"text-align: justify\">Durante o S\u00ednodo, o bispos debater\u00e3o quest\u00f5es muito importantes que dizem respeito ao futuro da Amaz\u00f4nia e tamb\u00e9m da Igreja, a fim de que o grito dos pobres e da Terra seja ouvido.<\/p>\n<p style=\"text-align: right\">(Vatican News)<\/p>\n<\/div>\n","protected":false},"excerpt":{"rendered":"<p>\u201cEste livro surgiu da vontade de querer divulgar ao m\u00e1ximo esse s\u00ednodo e expor o processo sinodal e sua tem\u00e1tica\u201d, afirmou dom Cl\u00e1udio<\/p>\n","protected":false},"author":83,"featured_media":0,"comment_status":"closed","ping_status":"open","sticky":false,"template":"","format":"standard","meta":{"site-sidebar-layout":"default","site-content-layout":"default","ast-global-header-display":"","ast-banner-title-visibility":"","ast-main-header-display":"","ast-hfb-above-header-display":"","ast-hfb-below-header-display":"","ast-hfb-mobile-header-display":"","site-post-title":"","ast-breadcrumbs-content":"","ast-featured-img":"","footer-sml-layout":"","theme-transparent-header-meta":"","adv-header-id-meta":"","stick-header-meta":"","header-above-stick-meta":"","header-main-stick-meta":"","header-below-stick-meta":""},"categories":[784],"tags":[],"acf":[],"_links":{"self":[{"href":"https:\/\/www.cnbb.org.br\/cnbb-app\/wp\/v2\/posts\/34549"}],"collection":[{"href":"https:\/\/www.cnbb.org.br\/cnbb-app\/wp\/v2\/posts"}],"about":[{"href":"https:\/\/www.cnbb.org.br\/cnbb-app\/wp\/v2\/types\/post"}],"author":[{"embeddable":true,"href":"https:\/\/www.cnbb.org.br\/cnbb-app\/wp\/v2\/users\/83"}],"replies":[{"embeddable":true,"href":"https:\/\/www.cnbb.org.br\/cnbb-app\/wp\/v2\/comments?post=34549"}],"version-history":[{"count":0,"href":"https:\/\/www.cnbb.org.br\/cnbb-app\/wp\/v2\/posts\/34549\/revisions"}],"wp:attachment":[{"href":"https:\/\/www.cnbb.org.br\/cnbb-app\/wp\/v2\/media?parent=34549"}],"wp:term":[{"taxonomy":"category","embeddable":true,"href":"https:\/\/www.cnbb.org.br\/cnbb-app\/wp\/v2\/categories?post=34549"},{"taxonomy":"post_tag","embeddable":true,"href":"https:\/\/www.cnbb.org.br\/cnbb-app\/wp\/v2\/tags?post=34549"}],"curies":[{"name":"wp","href":"https:\/\/api.w.org\/{rel}","templated":true}]}}