{"id":34554,"date":"2019-06-24T00:00:00","date_gmt":"2019-06-24T03:00:00","guid":{"rendered":"https:\/\/www.cnbb.org.br\/tres-arcebispos-brasileiros-receberao-o-palio-das-maos-do-papa-francisco-no-proximo-sabado-29\/"},"modified":"2019-06-24T00:00:00","modified_gmt":"2019-06-24T03:00:00","slug":"tres-arcebispos-brasileiros-receberao-o-palio-das-maos-do-papa-francisco-no-proximo-sabado-29","status":"publish","type":"post","link":"https:\/\/www.cnbb.org.br\/tres-arcebispos-brasileiros-receberao-o-palio-das-maos-do-papa-francisco-no-proximo-sabado-29\/","title":{"rendered":"Tr\u00eas arcebispos brasileiros receber\u00e3o o p\u00e1lio das m\u00e3os do Papa Francisco"},"content":{"rendered":"<div class=\"article__subTitle\" style=\"text-align: justify\">Na Solenidade dos Santos Ap\u00f3stolos Pedro e Paulo, o Papa Francisco preside \u00e0 tradicional missa durante a qual entrega o p\u00e1lio aos novos arcebispos metropolitanos.<\/div>\n<div class=\"article__text\">\n<p style=\"text-align: justify\">Desta vez, os brasileiros ser\u00e3o tr\u00eas:\u00a0<b>Dom Dario Campos<\/b>, da Arquidiocese de Vit\u00f3ria (ES),\u00a0<b>Dom Jo\u00e3o In\u00e1cio Muller<\/b>, da Arquidiocese de Campinas (SP) e\u00a0<b>Dom Jo\u00e3o Justino de Medeiros Silva<\/b>, de Montes Claros (MG).\u00a0P\u00e1lio \u00e9 s\u00edmbolo de uni\u00e3o dos pastores com o Pont\u00edfice.<\/p>\n<p style=\"text-align: justify\">A cerim\u00f4nia ser\u00e1 transmitida ao vivo, com coment\u00e1rios em portugu\u00eas, a partir das 09h30 locais (04h30 no hor\u00e1rio de Bras\u00edlia). Ap\u00f3s a celebra\u00e7\u00e3o, o Pont\u00edfice conduz a ora\u00e7\u00e3o mariana do Angelus aos meio-dia \u2013 sempre com transmiss\u00e3o ao vivo da R\u00e1dio Vaticano\/Vatican News.<\/p>\n<div style=\"text-align: justify\">\n<div class=\"article__embed article__embed--unwrap article__embed--dark\">\n<div class=\"article__innerTitle\"><strong>Delega\u00e7\u00e3o ortodoxa<\/strong><\/div>\n<\/div>\n<\/div>\n<p style=\"text-align: justify\">Outra tradi\u00e7\u00e3o nesta Solenidade \u00e9 a presen\u00e7a de uma delega\u00e7\u00e3o do Patriarcado ecum\u00eanico de Constantinopla. E desta vez n\u00e3o ser\u00e1 diferente.<\/p>\n<p style=\"text-align: justify\">Os ortodoxos ser\u00e3o guiados pelo Arcebispo Telmissos Job, representante do Patriarcado junto ao Conselho Mundial de Igrejas e co-presidente da Comiss\u00e3o mista internacional para o Di\u00e1logo teol\u00f3gico entre a Igreja Cat\u00f3lica e a Igreja Ortodoxa.<\/p>\n<p style=\"text-align: justify\">O Arcebispo Job estar\u00e1 acompanhado pelo Bispo de Melitene Maximos e pelo Di\u00e1cono Bosphorios Mangafas. Eles chegar\u00e3o a Roma na quinta-feira, 27. No dia seguinte, a delega\u00e7\u00e3o ser\u00e1 recebida em audi\u00eancia pelo Papa Francisco e manter\u00e1 encontros com o Pontif\u00edcio Conselho para a Promo\u00e7\u00e3o da Unidade dos Crist\u00e3os. No s\u00e1bado, eles assistem \u00e0 solene celebra\u00e7\u00e3o eucar\u00edstica presidida pelo Santo Padre.<\/p>\n<p style=\"text-align: justify\">A Santa S\u00e9 retribui a presen\u00e7a dos ortodoxos enviando, por sua vez, uma delega\u00e7\u00e3o a Istambul para a Festa de Santo Andr\u00e9 apost\u00f3lico, padroeiro do Patriarcado, no dia 30 de novembro.<\/p>\n<p style=\"text-align: justify\"><strong>Com informa\u00e7\u00f5es do Vatican News<\/strong><\/p>\n<\/div>\n","protected":false},"excerpt":{"rendered":"<p>Dom Dario Campos, da Arq. de Vit\u00f3ria (ES), dom Jo\u00e3o In\u00e1cio Muller, de Campinas (SP) e dom Jo\u00e3o Justino de Medeiros Silva, de Montes Claros (MG)<\/p>\n","protected":false},"author":83,"featured_media":1746,"comment_status":"closed","ping_status":"open","sticky":false,"template":"","format":"standard","meta":{"site-sidebar-layout":"default","site-content-layout":"default","ast-global-header-display":"","ast-banner-title-visibility":"","ast-main-header-display":"","ast-hfb-above-header-display":"","ast-hfb-below-header-display":"","ast-hfb-mobile-header-display":"","site-post-title":"","ast-breadcrumbs-content":"","ast-featured-img":"","footer-sml-layout":"","theme-transparent-header-meta":"","adv-header-id-meta":"","stick-header-meta":"","header-above-stick-meta":"","header-main-stick-meta":"","header-below-stick-meta":""},"categories":[784],"tags":[],"acf":[],"_links":{"self":[{"href":"https:\/\/www.cnbb.org.br\/cnbb-app\/wp\/v2\/posts\/34554"}],"collection":[{"href":"https:\/\/www.cnbb.org.br\/cnbb-app\/wp\/v2\/posts"}],"about":[{"href":"https:\/\/www.cnbb.org.br\/cnbb-app\/wp\/v2\/types\/post"}],"author":[{"embeddable":true,"href":"https:\/\/www.cnbb.org.br\/cnbb-app\/wp\/v2\/users\/83"}],"replies":[{"embeddable":true,"href":"https:\/\/www.cnbb.org.br\/cnbb-app\/wp\/v2\/comments?post=34554"}],"version-history":[{"count":0,"href":"https:\/\/www.cnbb.org.br\/cnbb-app\/wp\/v2\/posts\/34554\/revisions"}],"wp:featuredmedia":[{"embeddable":true,"href":"https:\/\/www.cnbb.org.br\/cnbb-app\/wp\/v2\/media\/1746"}],"wp:attachment":[{"href":"https:\/\/www.cnbb.org.br\/cnbb-app\/wp\/v2\/media?parent=34554"}],"wp:term":[{"taxonomy":"category","embeddable":true,"href":"https:\/\/www.cnbb.org.br\/cnbb-app\/wp\/v2\/categories?post=34554"},{"taxonomy":"post_tag","embeddable":true,"href":"https:\/\/www.cnbb.org.br\/cnbb-app\/wp\/v2\/tags?post=34554"}],"curies":[{"name":"wp","href":"https:\/\/api.w.org\/{rel}","templated":true}]}}