{"id":34591,"date":"2019-06-29T00:00:00","date_gmt":"2019-06-29T03:00:00","guid":{"rendered":"https:\/\/www.cnbb.org.br\/coracao-que-tanto-nos-ama\/"},"modified":"2019-06-29T00:00:00","modified_gmt":"2019-06-29T03:00:00","slug":"coracao-que-tanto-nos-ama","status":"publish","type":"post","link":"https:\/\/www.cnbb.org.br\/coracao-que-tanto-nos-ama\/","title":{"rendered":"Cora\u00e7\u00e3o que tanto nos ama"},"content":{"rendered":"<p><strong>Cardeal Orani Jo\u00e3o Tempesta<br \/>\n<\/strong><strong>Arcebispo Metropolitano de S\u00e3o Sebasti\u00e3o do Rio de Janeiro (RJ)<\/strong><strong>\u00a0<\/strong><\/p>\n<p style=\"text-align: justify\">A Igreja celebra a solenidade do Sagrado Cora\u00e7\u00e3o de Jesus na sexta-feira da semana seguinte \u00e0 Festa de Corpus Christi. \u00c9 uma das grandes festas depois da retomada do tempo comum p\u00f3s p\u00e1scoa. O cora\u00e7\u00e3o \u00e9 mostrado como s\u00edmbolo do amor de Deus. No Calv\u00e1rio o soldado abriu o lado de Cristo com a lan\u00e7a (Jo 19,34). Diz a Liturgia que \u201caberto o seu Cora\u00e7\u00e3o divino, foi derramado sobre n\u00f3s torrentes de gra\u00e7as e de miseric\u00f3rdia\u201d. Jesus \u00e9 a Encarna\u00e7\u00e3o do Amor de Deus, e seu Cora\u00e7\u00e3o \u00e9 o s\u00edmbolo desse Amor. Por isso, encerrando um conjunto de grandes Festas (P\u00e1scoa, Ascens\u00e3o, Pentecostes, Sant\u00edssima Trindade, Corpus Christi), a liturgia nos leva a contemplar o Cora\u00e7\u00e3o de Jesus.<\/p>\n<p style=\"text-align: justify\">O Sagrado Cora\u00e7\u00e3o \u00e9 a imagem do amor de Jesus por cada um de n\u00f3s. \u00c9 a express\u00e3o daquilo que S\u00e3o Paulo disse: \u201cEu vivi na f\u00e9 do Filho de Deus, que me amou e se entregou a si mesmo por mim\u201d (Gl 2,20). \u00c9 o convite a que cada um de n\u00f3s retribua a Jesus este amor, vivendo segundo a Sua vontade e trabalhando com a Igreja pela salva\u00e7\u00e3o das almas.<\/p>\n<p style=\"text-align: justify\">V\u00e1rios santos veneraram o Cora\u00e7\u00e3o de Jesus. Santo Agostinho disse: \u201cVosso Cora\u00e7\u00e3o, Jesus, foi ferido, para que na ferida vis\u00edvel contempl\u00e1ssemos a ferida invis\u00edvel de vosso grande amor\u201d. S\u00e3o Jo\u00e3o Eudes, grande propagador desta devo\u00e7\u00e3o no s\u00e9culo XVII, escreveu o primeiro of\u00edcio lit\u00fargico em honra do Cora\u00e7\u00e3o de Jesus, cuja festa se celebrou pela primeira vez na Fran\u00e7a, em 20 de outubro de 1672.<\/p>\n<p style=\"text-align: justify\">A revela\u00e7\u00e3o particular da religiosa Santa Margarida Maria Alacoque, na Fran\u00e7a aprofunda o tema do \u201cCora\u00e7\u00e3o que tanto amou os homens e \u00e9 por parte de muitos desprezado\u201d. Santa Margarida teve como diretor espiritual o padre jesu\u00edta S\u00e3o Cl\u00e1udio de la Colombi\u00e8re, canonizado por S\u00e3o Jo\u00e3o Paulo II, e que se incumbiu de propagar a grande Festa.<\/p>\n<p style=\"text-align: justify\">O Papa Clemente XIII aprovou a Missa em honra do Cora\u00e7\u00e3o de Jesus e Pio X, dia 23 de agosto de 1856, estendeu a Festa para toda a Igreja a ser celebrada na sexta-feira da semana subsequente \u00e0 festa de Corpus Christi. O papa Le\u00e3o XIII consagrou o mundo ao Sagrado Cora\u00e7\u00e3o de Jesus. Paulo VI disse certa vez que ela \u00e9 garantia de crescimento na vida crist\u00e3 e garantia da salva\u00e7\u00e3o eterna.<\/p>\n<p style=\"text-align: justify\">A devo\u00e7\u00e3o ao Sagrado Cora\u00e7\u00e3o de Jesus tem a sua origem na pr\u00f3pria Sagrada Escritura. O cora\u00e7\u00e3o \u00e9 um dos modos para falar do infinito amor de Deus. Este amor encontra seu ponto alto com a vinda de Jesus. A devo\u00e7\u00e3o ao Sagrado Cora\u00e7\u00e3o de um modo vis\u00edvel aparece em dois acontecimentos fortes do evangelho: o gesto de S\u00e3o Jo\u00e3o, disc\u00edpulo amado, encostando a sua cabe\u00e7a em Jesus durante a \u00faltima ceia (cf. Jo 13,23); e na cruz, onde o soldado abriu o lado de Jesus com uma lan\u00e7a (cf. Jo 19,34). Em um temos o consolo pela dor da v\u00e9spera de sua morte, e no outro, o sofrimento causado pelos pecados da humanidade.<\/p>\n<p style=\"text-align: justify\">O Papa S\u00e3o Jo\u00e3o Paulo II sempre cultivou esta devo\u00e7\u00e3o, e a incentiva a todos que desejam crescer na amizade com Jesus. Em 1980, no dia do Sagrado Cora\u00e7\u00e3o, afirmou: \u201cNa solenidade do Sagrado Cora\u00e7\u00e3o de Jesus, a liturgia da Igreja concentra-se, com adora\u00e7\u00e3o e amor especial, em torno do mist\u00e9rio do Cora\u00e7\u00e3o de Cristo. Quero hoje dirigir juntamente convosco o olhar dos nossos cora\u00e7\u00f5es para o minist\u00e9rio desse Cora\u00e7\u00e3o. Ele falou-me desde a minha juventude. Cada ano volto a este mist\u00e9rio no ritmo lit\u00fargico do tempo da Igreja\u201d.<\/p>\n<p style=\"text-align: justify\">Entre as muitas e importante recomenda\u00e7\u00f5es provindas da revela\u00e7\u00e3o particular de Santa Margarida Maria, uma delas \u00e9 que aos que fossem devotos do Sagrado Cora\u00e7\u00e3o chamando a aten\u00e7\u00e3o para a comunh\u00e3o nas nove primeiras sextas-feiras de cada m\u00eas. Esta devo\u00e7\u00e3o, em sua forma atual, deve-se \u00e0s revela\u00e7\u00f5es recebidas por Santa Margarida Maria (1649-1690), sobretudo quando em 16 de junho de 1657, vendo o cora\u00e7\u00e3o de Jesus: \u201cEis aqui este Cora\u00e7\u00e3o que amou tanto aos homens, que n\u00e3o omitiu nada at\u00e9 esgotar-se e consumir-se para manifestar-lhes seu amor, e por todo reconhecimento, n\u00e3o recebe da maior parte mais que ingratid\u00e3o, desprezo, irrever\u00eancias e tibieza que t\u00eam para mim neste sacramento de amor\u201d.<\/p>\n<p style=\"text-align: justify\">Jesus deu a sua servidora o encargo de que se tributasse culto a seu Cora\u00e7\u00e3o e a miss\u00e3o de enriquecer ao mundo inteiro com os tesouros desta devo\u00e7\u00e3o santificadora. O objeto e fim desta devo\u00e7\u00e3o \u00e9 honrar o Cora\u00e7\u00e3o ador\u00e1vel de Jesus Cristo, como s\u00edmbolo do amor de um Deus para n\u00f3s; e a vista deste Sagrado Cora\u00e7\u00e3o, abrasado de amor pelos homens, e ao mesmo tempo desprezado por estes, nos deve mover a am\u00e1-lo e a reparar a ingratid\u00e3o de que \u00e9 objeto.<\/p>\n<p style=\"text-align: justify\">Nesta t\u00e3o sublime solenidade do Cora\u00e7\u00e3o de Jesus, queremos pedir ao Senhor que de a paz a todos os cora\u00e7\u00f5es, pois, vivemos num momento onde muitos optam pela viol\u00eancia. A viol\u00eancia vai contra os princ\u00edpios morais e \u00e9ticos e ainda religiosos. Deus \u00e9 amor e paz. Que o nosso cora\u00e7\u00e3o possa unir ao Cora\u00e7\u00e3o Sagrado de Jesus.<\/p>\n<p style=\"text-align: justify\">\n","protected":false},"excerpt":{"rendered":"<p>Cardeal Orani Jo\u00e3o Tempesta Arcebispo Metropolitano de S\u00e3o Sebasti\u00e3o do Rio de Janeiro (RJ)\u00a0 A Igreja celebra a solenidade do Sagrado Cora\u00e7\u00e3o de Jesus na sexta-feira da semana seguinte \u00e0 Festa de Corpus Christi. \u00c9 uma das grandes festas depois da retomada do tempo comum p\u00f3s p\u00e1scoa. O cora\u00e7\u00e3o \u00e9 mostrado como s\u00edmbolo do amor &hellip;<\/p>\n<p class=\"read-more\"> <a class=\"\" href=\"https:\/\/www.cnbb.org.br\/coracao-que-tanto-nos-ama\/\"> <span class=\"screen-reader-text\">Cora\u00e7\u00e3o que tanto nos ama<\/span> Leia mais &raquo;<\/a><\/p>\n","protected":false},"author":31,"featured_media":0,"comment_status":"closed","ping_status":"open","sticky":false,"template":"","format":"standard","meta":{"site-sidebar-layout":"default","site-content-layout":"default","ast-global-header-display":"","ast-banner-title-visibility":"","ast-main-header-display":"","ast-hfb-above-header-display":"","ast-hfb-below-header-display":"","ast-hfb-mobile-header-display":"","site-post-title":"","ast-breadcrumbs-content":"","ast-featured-img":"","footer-sml-layout":"","theme-transparent-header-meta":"","adv-header-id-meta":"","stick-header-meta":"","header-above-stick-meta":"","header-main-stick-meta":"","header-below-stick-meta":""},"categories":[758],"tags":[],"acf":[],"_links":{"self":[{"href":"https:\/\/www.cnbb.org.br\/cnbb-app\/wp\/v2\/posts\/34591"}],"collection":[{"href":"https:\/\/www.cnbb.org.br\/cnbb-app\/wp\/v2\/posts"}],"about":[{"href":"https:\/\/www.cnbb.org.br\/cnbb-app\/wp\/v2\/types\/post"}],"author":[{"embeddable":true,"href":"https:\/\/www.cnbb.org.br\/cnbb-app\/wp\/v2\/users\/31"}],"replies":[{"embeddable":true,"href":"https:\/\/www.cnbb.org.br\/cnbb-app\/wp\/v2\/comments?post=34591"}],"version-history":[{"count":0,"href":"https:\/\/www.cnbb.org.br\/cnbb-app\/wp\/v2\/posts\/34591\/revisions"}],"wp:attachment":[{"href":"https:\/\/www.cnbb.org.br\/cnbb-app\/wp\/v2\/media?parent=34591"}],"wp:term":[{"taxonomy":"category","embeddable":true,"href":"https:\/\/www.cnbb.org.br\/cnbb-app\/wp\/v2\/categories?post=34591"},{"taxonomy":"post_tag","embeddable":true,"href":"https:\/\/www.cnbb.org.br\/cnbb-app\/wp\/v2\/tags?post=34591"}],"curies":[{"name":"wp","href":"https:\/\/api.w.org\/{rel}","templated":true}]}}