{"id":34597,"date":"2019-06-27T00:00:00","date_gmt":"2019-06-27T03:00:00","guid":{"rendered":"https:\/\/www.cnbb.org.br\/eleitos-os-membros-das-comissoes-episcopais-pastorais-da-cnbb\/"},"modified":"2019-06-27T00:00:00","modified_gmt":"2019-06-27T03:00:00","slug":"eleitos-os-membros-das-comissoes-episcopais-pastorais-da-cnbb","status":"publish","type":"post","link":"https:\/\/www.cnbb.org.br\/eleitos-os-membros-das-comissoes-episcopais-pastorais-da-cnbb\/","title":{"rendered":"Eleitos os membros das Comiss\u00f5es Episcopais Pastorais da CNBB"},"content":{"rendered":"<p style=\"text-align: justify\">Os membros do Conselho Permanente da Confer\u00eancia Nacional dos Bispos do Brasil (CNBB) decidiram, na reuni\u00e3o realizada entre os dias 25 e 27 de junho, na sede da entidade, em Bras\u00edlia (DF), os bispos que ir\u00e3o compor as doze Comiss\u00f5es Episcopais Pastorais no quadri\u00eanio que segue at\u00e9 2023.<\/p>\n<p style=\"text-align: justify\">Na \u00faltima Assembleia Geral da CNBB, realizada em Aparecida (SP), de 1\u00ba a 10 de maio, foram eleitos os presidentes das comiss\u00f5es episcopais. Agora, durante o Conselho Permanente foram definidos os nomes sugeridos pelos presidentes e aprovados pelo conjunto do conselho.<\/p>\n<p style=\"text-align: justify\">Veja a nova composi\u00e7\u00e3o de cada comiss\u00e3o<\/p>\n<p style=\"text-align: justify\"><strong>MINIST\u00c9RIOS ORDENADOS E A VIDA CONSAGRADA<\/strong><br \/>\n<strong>Presidente:<\/strong> Dom Jo\u00e3o Francisco Salm, bispo de Tubar\u00e3o (SC)<br \/>\n1. Dom Jos\u00e9 Albuquerque de Ara\u00fajo, bispo auxiliar de Manaus (AM)<br \/>\n2. Dom Andr\u00e9 Vital F\u00e9lix da Silva, bispo de Limoeiro do Norte (CE)<br \/>\n3. Dom Jo\u00e3o In\u00e1cio M\u00fcller, arcebispo de Campinas (SP)<\/p>\n<p style=\"text-align: justify\"><strong>LAICATO<\/strong><br \/>\n<strong>Presidente:<\/strong> Dom Giovane Pereira de Melo<br \/>\n1. Dom Roberto Francisco Ferrer\u00eda Paz, bispo de Campos (RJ)<br \/>\n2. Dom Gabriele Marchesi, bispo de Floresta (PE)<br \/>\n3. Dom Jos\u00e9 M\u00e1rio Scalon Angonese, bispo de Uruguaiana (RS)<\/p>\n<p style=\"text-align: justify\"><strong>A\u00c7\u00c3O MISSION\u00c1RIA E COOPERA\u00c7\u00c3O INTERECLESIAL<\/strong><br \/>\n<strong>Presidente:<\/strong> Dom Odelir Jos\u00e9 Magri, bispo de Chapec\u00f3 (SC)<br \/>\n1. Dom Jos\u00e9 Altevir da Silva, bispo de Camet\u00e1 (PA)<br \/>\n2. Dom Adilson Pedro Busin, bispo auxiliar de Porto Alegre (RS)<br \/>\n3. Dom Giovanni Crippa, bispo de Est\u00e2ncia (BA)<\/p>\n<p style=\"text-align: justify\"><strong>ANIMA\u00c7\u00c3O B\u00cdBLICO-CATEQU\u00c9TICA<\/strong><br \/>\n<strong>Presidente:<\/strong> Dom Jos\u00e9 Ant\u00f4nio Peruzzo, arcebispo de Curitiba (PR)<br \/>\n1. Dom Armando Bucciol, bispo de Livramento de Nossa Senhora (BA)<br \/>\n2. Dom Waldemar Passini Dalbello, bispo de Luzi\u00e2nia (GO)<\/p>\n<p style=\"text-align: justify\"><strong>DOUTRINA DA F\u00c9<\/strong><br \/>\n<strong>Presidente:<\/strong> Dom Pedro Carlos Cipollini, bispo de Santo Andr\u00e9 (SP)<br \/>\n1. Dom Leomar Ant\u00f4nio Brustolin, bispo auxiliar de Porto Alegre (RS)<br \/>\n2. Dom Pedro Cunha Cruz, bispo de Campanha (MG)<br \/>\n3. Dom Luiz Ant\u00f4nio Ricci, bispo auxiliar de Niter\u00f3i (RJ)<br \/>\n4. Dom Carlos Alberto Breis Pereira, bispo de Juazeiro (BA)<\/p>\n<p style=\"text-align: justify\"><strong>LITURGIA<\/strong><br \/>\n<strong>Presidente:<\/strong> Dom Edmar Peron, bispo de Paranagu\u00e1 (PR)<br \/>\n1. Dom Carlos Verzeletti, bispo de Castanhal (PA)<br \/>\n2. Dom Jos\u00e9 Luiz Magela Delgado, arcebispo de Pouso Alegre (MG)<\/p>\n<p style=\"text-align: justify\"><strong>ECUMENISMO E DI\u00c1LOGO INTER-RELIGIOSO<\/strong><br \/>\n<strong>Presidente:<\/strong> Dom Manoel Jo\u00e3o Francisco<br \/>\n1. Dom Teodoro Mendes Tavares, bispo de Ponta de Pedras (PA)<br \/>\n2. Dom Zanoni Demettino Castro, arcebispo de Feira de Santana (BA)<\/p>\n<p style=\"text-align: justify\"><strong>A\u00c7\u00c3O S\u00d3CIO-TRANSFORMADORA <\/strong><br \/>\n<strong>Presidente:<\/strong> Dom Jos\u00e9 Valdecir Santos Mendes, bispo de Brejo (MA)<br \/>\n1. Dom Jos\u00e9 Luiz Ferreira Salles, bispo de Pesqueira (PE)<br \/>\n2. Dom Jos\u00e9 Ionilton Lisboa de Oliveira, bispo prelado de Itacoatiara (AM)<br \/>\n3. Dom Jos\u00e9 Reginaldo Andrietta, bispo de Jales (SP)<br \/>\n4. Dom Henrique Aparecido de Lima, bispo de Dourados (MS)<br \/>\n5. Dom Francisco Cota de Oliveira, bispo auxiliar de Curitiba (PR)<\/p>\n<p style=\"text-align: justify\"><strong>CULTURA E EDUCA\u00c7\u00c3O<\/strong><br \/>\n<strong>Presidente:<\/strong> Dom Jo\u00e3o Justino de Medeiros Silva<br \/>\n1. Dom Dimas Lara Barbosa, arcebispo de Campo Grande (MS)<br \/>\n2. Dom Paulo Cezar Costa, bispo de S\u00e3o Carlos (SP)<br \/>\n3. Dom Vicente de Paula Ferreira, bispo auxiliar de Belo Horizonte (MG)<br \/>\n4. Dom Greg\u00f3rio Ben Lamed Paix\u00e3o, bispo de Petr\u00f3polis (RJ)<\/p>\n<p style=\"text-align: justify\"><strong>VIDA E FAM\u00cdLIA<\/strong><br \/>\n<strong>Presidente:<\/strong> Dom Ricardo Hoepers, bispo de Rio Grande (RS)<br \/>\n1. Dom Armando Mart\u00edn Gutierrez, bispo de Bacabal (MA)<br \/>\n2. Dom Bruno Elizeu Versari, bispo de Campo Mour\u00e3o (PR)<\/p>\n<p style=\"text-align: justify\"><strong>JUVENTUDE<\/strong><br \/>\n<strong>Presidente:<\/strong> Dom Nelson Francelino Ferreira, bispo de Valen\u00e7a (RJ)<br \/>\n1. Dom Ant\u00f4nio de Assis Ribeiro, bispo auxiliar de Bel\u00e9m (PA)<br \/>\n2. Dom Amilton Manoel da Silva, bispo auxiliar de Curitiba (PR)<\/p>\n<p style=\"text-align: justify\"><strong>COMUNICA\u00c7\u00c3O<\/strong><br \/>\n<strong>Presidente:<\/strong> Dom Joaquim Giovani Mol Guimar\u00e3es, bispo auxiliar de Belo Horizonte (MG)<br \/>\n1. Dom Edilson Soares Nobre, bispo de Oeiras (PI)<br \/>\n2. Dom Neri Jos\u00e9 Tondello, bispo de Ju\u00edna (MT)<\/p>\n","protected":false},"excerpt":{"rendered":"<p>Durante reuni\u00e3o, foram escolhidos bispos que ir\u00e3o compor as doze comiss\u00f5es durante o quadri\u00eanio 2019-2023<\/p>\n","protected":false},"author":83,"featured_media":0,"comment_status":"closed","ping_status":"open","sticky":false,"template":"","format":"standard","meta":{"site-sidebar-layout":"default","site-content-layout":"default","ast-global-header-display":"","ast-banner-title-visibility":"","ast-main-header-display":"","ast-hfb-above-header-display":"","ast-hfb-below-header-display":"","ast-hfb-mobile-header-display":"","site-post-title":"","ast-breadcrumbs-content":"","ast-featured-img":"","footer-sml-layout":"","theme-transparent-header-meta":"","adv-header-id-meta":"","stick-header-meta":"","header-above-stick-meta":"","header-main-stick-meta":"","header-below-stick-meta":""},"categories":[834,744],"tags":[1330],"acf":[],"_links":{"self":[{"href":"https:\/\/www.cnbb.org.br\/cnbb-app\/wp\/v2\/posts\/34597"}],"collection":[{"href":"https:\/\/www.cnbb.org.br\/cnbb-app\/wp\/v2\/posts"}],"about":[{"href":"https:\/\/www.cnbb.org.br\/cnbb-app\/wp\/v2\/types\/post"}],"author":[{"embeddable":true,"href":"https:\/\/www.cnbb.org.br\/cnbb-app\/wp\/v2\/users\/83"}],"replies":[{"embeddable":true,"href":"https:\/\/www.cnbb.org.br\/cnbb-app\/wp\/v2\/comments?post=34597"}],"version-history":[{"count":0,"href":"https:\/\/www.cnbb.org.br\/cnbb-app\/wp\/v2\/posts\/34597\/revisions"}],"wp:attachment":[{"href":"https:\/\/www.cnbb.org.br\/cnbb-app\/wp\/v2\/media?parent=34597"}],"wp:term":[{"taxonomy":"category","embeddable":true,"href":"https:\/\/www.cnbb.org.br\/cnbb-app\/wp\/v2\/categories?post=34597"},{"taxonomy":"post_tag","embeddable":true,"href":"https:\/\/www.cnbb.org.br\/cnbb-app\/wp\/v2\/tags?post=34597"}],"curies":[{"name":"wp","href":"https:\/\/api.w.org\/{rel}","templated":true}]}}