{"id":34631,"date":"2019-07-03T00:00:00","date_gmt":"2019-07-03T03:00:00","guid":{"rendered":"https:\/\/www.cnbb.org.br\/ataques-infundados-ao-papa-francisco\/"},"modified":"2019-07-03T00:00:00","modified_gmt":"2019-07-03T03:00:00","slug":"ataques-infundados-ao-papa-francisco","status":"publish","type":"post","link":"https:\/\/www.cnbb.org.br\/ataques-infundados-ao-papa-francisco\/","title":{"rendered":"Ataques infundados ao Papa Francisco"},"content":{"rendered":"<p><strong>Dom Gil Ant\u00f4nio Moreira<\/strong><br \/>\n<strong>Arcebispo Metropolitano de Juiz de Fora (MG)<\/strong><\/p>\n<p style=\"text-align: justify\">No dia 29 de junho, a Igreja Cat\u00f3lica celebra a Festa de S\u00e3o Pedro e S\u00e3o Paulo. Nos lugares onde n\u00e3o \u00e9 mais feriado esse dia, a celebra\u00e7\u00e3o \u00e9 sempre realizada no domingo seguinte, como no Brasil. A solenidade, importante no calend\u00e1rio lit\u00fargico da Igreja, \u00e9 muito antiga. As ora\u00e7\u00f5es da Missa foram compostas nos primeiros anos do cristianismo, talvez no s\u00e9culo III. Basta dizer que, na hist\u00f3ria da Igreja, o estabelecimento da festa foi at\u00e9 anterior \u00e0 designa\u00e7\u00e3o do dia do Natal do Senhor Jesus.<\/p>\n<p style=\"text-align: justify\">A data nos recorda a grande confian\u00e7a de Cristo na Igreja e o grande amor d\u2019Ele para com todos os fi\u00e9is. Pedro foi escolhido por Cristo para ser o primeiro coordenador dos ap\u00f3stolos. Mais tarde, este cargo que ele exerceu em Roma, como ap\u00f3stolo dos ap\u00f3stolos e s\u00edmbolo da unidade da Igreja, vai ter o carinhoso nome de Papa, ou seja, \u201cpapai\u201d.<\/p>\n<p style=\"text-align: justify\">O Santo Padre \u00e9 o s\u00edmbolo vis\u00edvel do Pai invis\u00edvel da Igreja. Assim como o pai na fam\u00edlia \u00e9 o s\u00edmbolo do amor, da unidade entre os filhos e a esposa, tamb\u00e9m o Papa representa esta unidade na Igreja. Portanto, a fun\u00e7\u00e3o de Pedro \u00e9 muito importante. \u00c9 uma decis\u00e3o do pr\u00f3prio Senhor Jesus. Da\u00ed decorre todo o nosso respeito e amor ao seu sucessor, que hoje se chama Francisco.<\/p>\n<p style=\"text-align: justify\">A festa do dia 29 de junho \u00e9 tamb\u00e9m de S\u00e3o Paulo e n\u00f3s podemos associar a sua miss\u00e3o \u00e0 de Pedro. Este enfrentou grandes dificuldades para ser ap\u00f3stolo e o primeiro Papa, mas perseverou at\u00e9 o fim e a sua vida foi selada com mart\u00edrio igual ao de seu Mestre. J\u00e1 Paulo foi o grande mission\u00e1rio da primeira hora. Viajou, sofreu, enfrentou problemas com as autoridades, com os intelectuais em Atenas, com muitas comunidades e at\u00e9 internamente.<\/p>\n<p style=\"text-align: justify\">Olhando as dificuldades de ambos, e tamb\u00e9m dos demais ap\u00f3stolos e dos primeiros crist\u00e3os &#8211; quantos foram incompreendidos e morreram martirizados -, n\u00f3s podemos compreender os ataques a um Papa. Todos sofrem com cr\u00edticas, enquanto est\u00e3o vivos e, \u00e0s vezes, at\u00e9 depois da morte. No caso atual, n\u00f3s encontramos o Papa Francisco, que tem sido motivo de pol\u00eamica.<\/p>\n<p style=\"text-align: justify\">Por uma parte, at\u00e9 fora da Igreja e do Cristianismo, \u00e9 aplaudido imensamente. Mas, ao mesmo tempo, padece de sofrimentos e incompreens\u00f5es, \u00e0s vezes internas, outras externas. N\u00e3o nos assustemos com isso. S\u00e3o partes da cruz de Cristo que permanecem na vida da Igreja. Ali\u00e1s, Jesus disse: <em>Quem quiser ser meu disc\u00edpulo, renuncie-se a si mesmo, tome a sua cruz cada dia e me siga<\/em> (cf. Mt 16,24).<\/p>\n<p style=\"text-align: justify\">Pois bem, o Papa Francisco tem consci\u00eancia desse mist\u00e9rio da cruz, que \u00e9 o <em>misterium santitatis<\/em> (mist\u00e9rio da santidade). Ele \u00e9 resultado, inclusive, do <em>misterium iniquitatis (<\/em>mist\u00e9rio da iniquidade), que desafia todo aquele que quer anunciar, seguir e servir a Cristo.<\/p>\n<p style=\"text-align: justify\">O Dia de S\u00e3o Pedro e S\u00e3o Paulo \u00e9 j\u00e1 reconhecido tradicionalmente na Igreja como o dia de ora\u00e7\u00e3o pelo Papa e n\u00f3s o fazemos com muito esp\u00edrito de f\u00e9 e alegria no cora\u00e7\u00e3o, demonstrando a nossa fidelidade incondicional \u00e0quele a quem Deus chamou para suceder, na C\u00e1tedra de Pedro, a coordena\u00e7\u00e3o, a chefia, o governo, a unidade da Igreja em todo o mundo.<\/p>\n<p style=\"text-align: justify\">Seja feliz, Papa Francisco! Conte com a nossa fidelidade, a nossa comunh\u00e3o, a nossa unidade!<\/p>\n","protected":false},"excerpt":{"rendered":"<p>Dom Gil Ant\u00f4nio Moreira Arcebispo Metropolitano de Juiz de Fora (MG) No dia 29 de junho, a Igreja Cat\u00f3lica celebra a Festa de S\u00e3o Pedro e S\u00e3o Paulo. Nos lugares onde n\u00e3o \u00e9 mais feriado esse dia, a celebra\u00e7\u00e3o \u00e9 sempre realizada no domingo seguinte, como no Brasil. A solenidade, importante no calend\u00e1rio lit\u00fargico da &hellip;<\/p>\n<p class=\"read-more\"> <a class=\"\" href=\"https:\/\/www.cnbb.org.br\/ataques-infundados-ao-papa-francisco\/\"> <span class=\"screen-reader-text\">Ataques infundados ao Papa Francisco<\/span> Leia mais &raquo;<\/a><\/p>\n","protected":false},"author":12,"featured_media":0,"comment_status":"closed","ping_status":"open","sticky":false,"template":"","format":"standard","meta":{"site-sidebar-layout":"default","site-content-layout":"default","ast-global-header-display":"","ast-banner-title-visibility":"","ast-main-header-display":"","ast-hfb-above-header-display":"","ast-hfb-below-header-display":"","ast-hfb-mobile-header-display":"","site-post-title":"","ast-breadcrumbs-content":"","ast-featured-img":"","footer-sml-layout":"","theme-transparent-header-meta":"","adv-header-id-meta":"","stick-header-meta":"","header-above-stick-meta":"","header-main-stick-meta":"","header-below-stick-meta":""},"categories":[758],"tags":[],"acf":[],"_links":{"self":[{"href":"https:\/\/www.cnbb.org.br\/cnbb-app\/wp\/v2\/posts\/34631"}],"collection":[{"href":"https:\/\/www.cnbb.org.br\/cnbb-app\/wp\/v2\/posts"}],"about":[{"href":"https:\/\/www.cnbb.org.br\/cnbb-app\/wp\/v2\/types\/post"}],"author":[{"embeddable":true,"href":"https:\/\/www.cnbb.org.br\/cnbb-app\/wp\/v2\/users\/12"}],"replies":[{"embeddable":true,"href":"https:\/\/www.cnbb.org.br\/cnbb-app\/wp\/v2\/comments?post=34631"}],"version-history":[{"count":0,"href":"https:\/\/www.cnbb.org.br\/cnbb-app\/wp\/v2\/posts\/34631\/revisions"}],"wp:attachment":[{"href":"https:\/\/www.cnbb.org.br\/cnbb-app\/wp\/v2\/media?parent=34631"}],"wp:term":[{"taxonomy":"category","embeddable":true,"href":"https:\/\/www.cnbb.org.br\/cnbb-app\/wp\/v2\/categories?post=34631"},{"taxonomy":"post_tag","embeddable":true,"href":"https:\/\/www.cnbb.org.br\/cnbb-app\/wp\/v2\/tags?post=34631"}],"curies":[{"name":"wp","href":"https:\/\/api.w.org\/{rel}","templated":true}]}}