{"id":34654,"date":"2019-07-05T00:00:00","date_gmt":"2019-07-05T03:00:00","guid":{"rendered":"https:\/\/www.cnbb.org.br\/vocacao-e-missao\/"},"modified":"2019-07-05T00:00:00","modified_gmt":"2019-07-05T03:00:00","slug":"vocacao-e-missao","status":"publish","type":"post","link":"https:\/\/www.cnbb.org.br\/vocacao-e-missao\/","title":{"rendered":"Voca\u00e7\u00e3o e Miss\u00e3o"},"content":{"rendered":"<p style=\"text-align: right\"><strong>Dom Alberto Taveira Corr\u00eaa<\/strong><br \/>\n<strong>Arcebispo Metropolitano de Bel\u00e9m do Par\u00e1<\/strong><\/p>\n<p style=\"text-align: justify\">Uma das mais belas realidades da vida crist\u00e3 \u00e9 o chamado de Deus, a voca\u00e7\u00e3o, com os sinais oferecidos pelo Senhor a toda a Igreja e a cada um dos fi\u00e9is, com o qual todos podem descobrir seu caminho de disponibilidade e servi\u00e7o a Deus e ao pr\u00f3ximo. Certeza primeira \u00e9 que existe um olhar de Deus dirigido a cada pessoa e n\u00e3o h\u00e1 um crist\u00e3o sequer sem uma voca\u00e7\u00e3o espec\u00edfica. O primeiro chamado \u00e9 \u00e0 participa\u00e7\u00e3o na vida divina, na qual se encontra tamb\u00e9m a plenitude do ser humano. Em Cristo, \u201cDeus nos escolheu, antes da funda\u00e7\u00e3o do mundo, para sermos santos e \u00edntegros diante dele, no amor. Conforme o des\u00edgnio benevolente de sua vontade, ele nos predestinou \u00e0 ado\u00e7\u00e3o como filhos, por obra de Jesus Cristo, para o louvor de sua gra\u00e7a gloriosa, com que nos agraciou no seu bem-amado\u201d (Ef 1,4-6).<\/p>\n<p style=\"text-align: justify\">Deus nos leva em conta, Deus pensa em n\u00f3s, Deus pode intervir em nossa vida sem desrespeitar a liberdade com a qual ele mesmo nos criou. N\u00e3o se trata de um destino cego, mas da mais digna e decisiva proposta, com a qual se joga o sentido de nossa exist\u00eancia. Assim, falar de voca\u00e7\u00e3o \u00e9 falar de algo que vem do alto! Iluminados pelo Salmo cento e trinta e oito, todos podem proclamar a cantar: \u201cAntes que te formasses dentro do ventre de tua m\u00e3e, antes que tu nascesses, te conhecia, te consagrei para ser meu profeta entre as na\u00e7\u00f5es eu te escolhi, onde te envio ir\u00e1s, o que te mando proclamar\u00e1s!\u201d Na justa medida, dada pelo pr\u00f3prio Deus, todos s\u00e3o chamados a serem profetas, reis-pastores e sacerdotes reais! No Batismo, esta gra\u00e7a nos foi concedida e h\u00e1 de florescer durante a vida.<\/p>\n<p style=\"text-align: justify\">Entretanto, Deus quis depender de nossa participa\u00e7\u00e3o para que seu chamado se espalhe e suscite respostas. \u00c9 no m\u00ednimo positivamente intrigante a palavra de Jesus: \u201cA colheita \u00e9 grande, mas os trabalhadores s\u00e3o poucos. Pedi, pois, ao Senhor da colheita que mande trabalhadores para sua colheita\u201d (Lc 10,2). A liberdade daquele que tudo pode e pode chamar quis comprometer-se conosco e com nossa ora\u00e7\u00e3o. Dali para frente, tornou-se dever para todo crist\u00e3o, e assim ser\u00e1 sempre, a ora\u00e7\u00e3o pelas voca\u00e7\u00f5es. \u00c9 de S\u00e3o Jo\u00e3o Paulo II a afirma\u00e7\u00e3o de que a voca\u00e7\u00e3o \u00e9 a resposta de Deus providente a uma comunidade orante.<\/p>\n<p style=\"text-align: justify\">Podemos falar de voca\u00e7\u00f5es genu\u00ednas para o matrim\u00f4nio crist\u00e3o, uma forma de entrega a Deus que supera o simples contrato de conviv\u00eancia entre um homem e uma mulher. Podemos pensar nas voca\u00e7\u00f5es ao sacerd\u00f3cio, essenciais em nossa Igreja, com a qual jovens chamados ao minist\u00e9rio e ao celibato se entregam ao Senhor, s\u00e3o consagrados atrav\u00e9s do Sacramento da Ordem e enviados ao minist\u00e9rio da Palavra, da Santifica\u00e7\u00e3o e do Pastoreio. E a bel\u00edssima voca\u00e7\u00e3o dos religiosos e religiosas, prontos a ser sinais dos valores do Reino de Deus na pobreza, castidade e obedi\u00eancia, consagra\u00e7\u00e3o t\u00e3o desafiadora quanto necess\u00e1ria e urgente! Nossa realidade amaz\u00f4nica deve tamb\u00e9m sua Evangeliza\u00e7\u00e3o a gera\u00e7\u00f5es de mission\u00e1rios e mission\u00e1rias, de nosso pa\u00eds e de outras terras, voca\u00e7\u00e3o desafiadora e transformadora. Nos \u00faltimos anos, uma nova realidade vocacional cresceu na Igreja e tamb\u00e9m em nossa Arquidiocese, as Comunidades Novas, que S\u00e3o Jo\u00e3o Paulo II chamou de resposta providencial \u00e0 urg\u00eancia da Nova Evangeliza\u00e7\u00e3o. Nelas, Celibat\u00e1rios, Virgens consagradas, Casais, jovens chamados ao Sacerd\u00f3cio, uma gama variada de modalidade de servi\u00e7o se encontra presente e viva.<\/p>\n<p style=\"text-align: justify\">Todas as formas de entrega a Deus dever\u00e3o encontrar seu caminho de radicalidade, expresso com palavras fortes no Evangelho (Cf. Lc 10,1-12.17-20). Ser\u00e3o cordeiros no meio de lobos, aceitando o m\u00e9todo do servi\u00e7o livre e desinteressado, sem empunhar as armas da viol\u00eancia! Quem experimenta o chamado ter\u00e1 um relacionamento de liberdade diante dos bens da terra, renunciando ao sup\u00e9rfluo e valorizando o essencial, o que vale tamb\u00e9m para os casais crist\u00e3os! Vocacionados s\u00e3o homens e mulheres portadores da paz, oferecendo-a a todos, sem distin\u00e7\u00e3o e inclusive convivendo com a poss\u00edvel recusa \u00e0 mensagem oferecida. Estar\u00e3o ainda dispostos a n\u00e3o perder tempo, insistindo no essencial da mensagem a ser oferecida: \u201cO Reino de Deus est\u00e1 pr\u00f3ximo de v\u00f3s!\u201d (Lc 10,9). Quando realizarem a miss\u00e3o, ficar\u00e3o alegres n\u00e3o tanto com os louros da vit\u00f3ria ou as maravilhas realizadas, mas com o que n\u00e3o passa: \u201cFicai alegres porque vossos nomes est\u00e3o escritos no c\u00e9u\u201d (Lc 10,20).<\/p>\n<p style=\"text-align: justify\">Neste ano de 2019, nossa Arquidiocese de Bel\u00e9m se alegra com o chamado de Deus. No s\u00e1bado, dia 6 de julho, data em que se celebra o vig\u00e9simo oitavo ano da Ordena\u00e7\u00e3o Episcopal do Arcebispo, s\u00e3o ordenados cinco Di\u00e1conos tempor\u00e1rios, os seminaristas Alan Henrique, Francimar, Leonardo Matias, Paulo Felipe e Paulo Victor, que ser\u00e3o sacerdotes no final do ano com mais um que j\u00e1 \u00e9 Di\u00e1cono. Em novembro um sacerdote novo religioso. Em quinze de agosto, quadrag\u00e9simo sexto anivers\u00e1rio de sacerd\u00f3cio do Arcebispo, ser\u00e3o ordenados mais trinta e oito Di\u00e1conos Permanentes, homens casados que se prepararam na Escola Diaconal Santo Efr\u00e9m, preparados para o servi\u00e7o da Caridade, da Palavra e do Altar! A voca\u00e7\u00e3o est\u00e1 na ordem do dia em nossa Igreja de Bel\u00e9m!<\/p>\n<p style=\"text-align: justify\">Nossa Arquidiocese abriga os Semin\u00e1rios que nos s\u00e3o pr\u00f3prios, Semin\u00e1rio Maior S\u00e3o Pio X, Semin\u00e1rio Maior Monsenhor Edmundo Igreja, Semin\u00e1rio Arquidiocesano Mission\u00e1rio Redemptoris Mater, Semin\u00e1rio Proped\u00eautico Dom Tadeu Prost, Centro Vocacional \u2013 Semin\u00e1rio Menor &#8211; S\u00e3o Jo\u00e3o Maria Vianney. Al\u00e9m deles, v\u00e1rios Semin\u00e1rios de Dioceses e Prelazias do Regional Norte II, Semin\u00e1rios das Ordens e Congrega\u00e7\u00f5es Religiosas e Semin\u00e1rios de Comunidades novas, com seus respectivos seminaristas e formadores. Vale a pena conhecer o espa\u00e7o da Faculdade Cat\u00f3lica de Bel\u00e9m, onde cerca de trezentos seminaristas, religiosos, religiosas, leigos e leigas estudam Filosofia e Teologia. \u00c9 um espa\u00e7o de esperan\u00e7a e confirma\u00e7\u00e3o do chamado de Deus!<\/p>\n<p style=\"text-align: justify\">Ali\u00e1s, n\u00e3o faltam as voca\u00e7\u00f5es, n\u00e3o falta o chamado de Deus! O que falta \u00e9 o trato e o carinho da parte de todos n\u00f3s! Comunidades paroquiais venham a ser propagandistas do bem que \u00e9 o Sacramento do Matrim\u00f4nio! P\u00e1rocos, Vig\u00e1rios e Agentes de Pastoral que tenham a coragem de chamar ao Sacerd\u00f3cio e \u00e0 Vida Religiosa e Mission\u00e1ria nossos jovens e adolescentes, o que deve se acrescentar \u00e0 ora\u00e7\u00e3o: \u201cEnviai, Senhor, oper\u00e1rios \u00e0 vossa messe, pois a messe \u00e9 grande e poucos os oper\u00e1rios\u201d.<\/p>\n","protected":false},"excerpt":{"rendered":"<p>Dom Alberto Taveira Corr\u00eaa Arcebispo Metropolitano de Bel\u00e9m do Par\u00e1 Uma das mais belas realidades da vida crist\u00e3 \u00e9 o chamado de Deus, a voca\u00e7\u00e3o, com os sinais oferecidos pelo Senhor a toda a Igreja e a cada um dos fi\u00e9is, com o qual todos podem descobrir seu caminho de disponibilidade e servi\u00e7o a Deus &hellip;<\/p>\n<p class=\"read-more\"> <a class=\"\" href=\"https:\/\/www.cnbb.org.br\/vocacao-e-missao\/\"> <span class=\"screen-reader-text\">Voca\u00e7\u00e3o e Miss\u00e3o<\/span> Leia mais &raquo;<\/a><\/p>\n","protected":false},"author":21,"featured_media":0,"comment_status":"closed","ping_status":"open","sticky":false,"template":"","format":"standard","meta":{"site-sidebar-layout":"default","site-content-layout":"default","ast-global-header-display":"","ast-banner-title-visibility":"","ast-main-header-display":"","ast-hfb-above-header-display":"","ast-hfb-below-header-display":"","ast-hfb-mobile-header-display":"","site-post-title":"","ast-breadcrumbs-content":"","ast-featured-img":"","footer-sml-layout":"","theme-transparent-header-meta":"","adv-header-id-meta":"","stick-header-meta":"","header-above-stick-meta":"","header-main-stick-meta":"","header-below-stick-meta":""},"categories":[758],"tags":[],"acf":[],"_links":{"self":[{"href":"https:\/\/www.cnbb.org.br\/cnbb-app\/wp\/v2\/posts\/34654"}],"collection":[{"href":"https:\/\/www.cnbb.org.br\/cnbb-app\/wp\/v2\/posts"}],"about":[{"href":"https:\/\/www.cnbb.org.br\/cnbb-app\/wp\/v2\/types\/post"}],"author":[{"embeddable":true,"href":"https:\/\/www.cnbb.org.br\/cnbb-app\/wp\/v2\/users\/21"}],"replies":[{"embeddable":true,"href":"https:\/\/www.cnbb.org.br\/cnbb-app\/wp\/v2\/comments?post=34654"}],"version-history":[{"count":0,"href":"https:\/\/www.cnbb.org.br\/cnbb-app\/wp\/v2\/posts\/34654\/revisions"}],"wp:attachment":[{"href":"https:\/\/www.cnbb.org.br\/cnbb-app\/wp\/v2\/media?parent=34654"}],"wp:term":[{"taxonomy":"category","embeddable":true,"href":"https:\/\/www.cnbb.org.br\/cnbb-app\/wp\/v2\/categories?post=34654"},{"taxonomy":"post_tag","embeddable":true,"href":"https:\/\/www.cnbb.org.br\/cnbb-app\/wp\/v2\/tags?post=34654"}],"curies":[{"name":"wp","href":"https:\/\/api.w.org\/{rel}","templated":true}]}}