{"id":34663,"date":"2019-07-05T00:00:00","date_gmt":"2019-07-05T03:00:00","guid":{"rendered":"https:\/\/www.cnbb.org.br\/igreja-casa-e-missao\/"},"modified":"2019-07-05T00:00:00","modified_gmt":"2019-07-05T03:00:00","slug":"igreja-casa-e-missao","status":"publish","type":"post","link":"https:\/\/www.cnbb.org.br\/igreja-casa-e-missao\/","title":{"rendered":"Igreja, Casa e Miss\u00e3o"},"content":{"rendered":"<p style=\"text-align: left\"><strong>Dom Carlos Romulo G. e Silva\u00a0\u00a0\u00a0\u00a0\u00a0\u00a0\u00a0\u00a0\u00a0\u00a0\u00a0\u00a0\u00a0\u00a0\u00a0\u00a0\u00a0\u00a0\u00a0\u00a0\u00a0\u00a0\u00a0\u00a0\u00a0\u00a0\u00a0\u00a0\u00a0\u00a0\u00a0\u00a0\u00a0\u00a0\u00a0\u00a0\u00a0\u00a0\u00a0\u00a0\u00a0\u00a0\u00a0\u00a0\u00a0\u00a0\u00a0\u00a0\u00a0\u00a0\u00a0\u00a0\u00a0\u00a0\u00a0\u00a0\u00a0\u00a0\u00a0 \u00a0\u00a0\u00a0\u00a0\u00a0\u00a0\u00a0\u00a0\u00a0\u00a0\u00a0\u00a0\u00a0\u00a0\u00a0\u00a0\u00a0\u00a0\u00a0\u00a0\u00a0\u00a0\u00a0\u00a0\u00a0\u00a0\u00a0\u00a0\u00a0\u00a0\u00a0\u00a0\u00a0\u00a0\u00a0\u00a0\u00a0\u00a0\u00a0\u00a0\u00a0\u00a0\u00a0\u00a0\u00a0\u00a0\u00a0\u00a0\u00a0\u00a0\u00a0\u00a0\u00a0\u00a0\u00a0\u00a0\u00a0\u00a0\u00a0\u00a0\u00a0\u00a0\u00a0\u00a0\u00a0\u00a0\u00a0\u00a0\u00a0\u00a0\u00a0\u00a0\u00a0\u00a0\u00a0\u00a0\u00a0\u00a0\u00a0\u00a0<\/strong><br \/>\n<strong>Bispo de Montenegro<\/strong><\/p>\n<p style=\"text-align: justify\">\n<p style=\"text-align: justify\">A Igreja Cat\u00f3lica no Brasil, depois de longo per\u00edodo de avalia\u00e7\u00e3o e partilha, definiu suas novas Diretrizes para a sua a\u00e7\u00e3o evangelizadora para os anos de 2019 a 2023. N\u00f3s, como Igreja cat\u00f3lica em Montenegro, tamb\u00e9m estamos avaliando nossa caminhada pastoral e evangelizadora para organizar nosso Plano de Pastoral para os pr\u00f3ximos anos.<\/p>\n<p style=\"text-align: justify\">A Igreja sempre \u00e9 chamada a voltar \u00e0 fonte, que \u00e9 a Palavra de Deus. A realidade da sociedade muda e por isso, somos chamados a buscar a \u00e1gua l\u00edmpida da Palavra de Deus e Tradi\u00e7\u00e3o da Igreja para que possamos encontrar a jovialidade e a criatividade para evangelizar.<\/p>\n<p style=\"text-align: justify\">Neste momento, nossa Diocese est\u00e1 num processo de avalia\u00e7\u00e3o de sua caminhada pastoral. Estamos olhando nossa realidade social e religiosa, para perceber os valores de nossa experi\u00eancia eclesial e, ao mesmo tempo, os desafios que nos impulsionam, guiados pelo Esp\u00edrito do Senhor, a dar novos passos.<\/p>\n<p style=\"text-align: justify\">As Diretrizes da A\u00e7\u00e3o Evangelizadora da Igreja no Brasil est\u00e3o constru\u00eddas a partir da imagem da Casa. Por que esta escolha? Em primeiro lugar, porque a Igreja nasceu nesta experi\u00eancia. Os primeiros crist\u00e3os cultivaram o primeiro an\u00fancio do Evangelho nas casas. Pequenas comunidades abertas para uma grande miss\u00e3o. Nas Diretrizes encontramos esta ilumina\u00e7\u00e3o: \u201cEm seu duplo movimento, a Casa permite o ingresso e a sa\u00edda. \u00c9, ao mesmo tempo, lugar de acolhimento e envio. Com isso, ela remete aos dois grandes eixos inspiradores destas Diretrizes: comunidade e miss\u00e3o. A Casa \u00e9 a imagem do que as Diretrizes chamam de <em>comunidades eclesiais mission\u00e1rias\u201d<\/em> (Diretrizes da A\u00e7\u00e3o Evangelizadora \u2013 Introdu\u00e7\u00e3o, p.8). O ser crist\u00e3o implica uma forte viv\u00eancia comunit\u00e1ria, uma clara perten\u00e7a existencial e sacramental, e ao mesmo tempo, um desejo de transbordar, de levar o an\u00fancio do Evangelho at\u00e9 os confins da Terra (At 1,8).<\/p>\n<p style=\"text-align: justify\">Nossas par\u00f3quias e comunidades vieram desta experi\u00eancia de muita proximidade. De modo especial, as comunidades eram lugares que as pessoas se conheciam e conviviam numa mesma realidade cultural. Hoje, vivemos uma realidade urbana, marcada por uma cultura globalizada. Podemos viver geograficamente pr\u00f3ximos, mas com mentalidades bem diversificadas. \u00c9 para esta nova realidade \u00e9 que temos de pensar a evangeliza\u00e7\u00e3o. O Evangelho \u00e9 o mesmo, com a mesma for\u00e7a, que quer iluminar nossa realidade atual.<\/p>\n<p style=\"text-align: justify\">Nossa miss\u00e3o \u00e9 constituir comunidades vivas, acolhedoras e comprometidas, que sejam Casas. \u00c9 fundamental uma experi\u00eancia de sermos acolhidos pela miseric\u00f3rdia. Este encontro, nos leva a faz viver uma experi\u00eancia de fraternidade, de comunidade. Por outro lado, faz parte da din\u00e2mica do cristianismo, desde sua origem, o testemunho, pela viv\u00eancia, pelo servi\u00e7o e pelo an\u00fancio, que se torna miss\u00e3o. A Comunidade que \u00e9 Casa, acolhe e envia.<\/p>\n<p style=\"text-align: justify\">Desde o nosso Batismo, fazemos parte desta Casa. Que possamos tomar posse desta experi\u00eancia crist\u00e3. Pelo Batismo, tamb\u00e9m recebemos uma miss\u00e3o, somos homens e mulheres novos, para testemunhar o Evangelho.<\/p>\n<p>&nbsp;<\/p>\n","protected":false},"excerpt":{"rendered":"<p>Dom Carlos Romulo G. e Silva\u00a0\u00a0\u00a0\u00a0\u00a0\u00a0\u00a0\u00a0\u00a0\u00a0\u00a0\u00a0\u00a0\u00a0\u00a0\u00a0\u00a0\u00a0\u00a0\u00a0\u00a0\u00a0\u00a0\u00a0\u00a0\u00a0\u00a0\u00a0\u00a0\u00a0\u00a0\u00a0\u00a0\u00a0\u00a0\u00a0\u00a0\u00a0\u00a0\u00a0\u00a0\u00a0\u00a0\u00a0\u00a0\u00a0\u00a0\u00a0\u00a0\u00a0\u00a0\u00a0\u00a0\u00a0\u00a0\u00a0\u00a0\u00a0\u00a0 \u00a0\u00a0\u00a0\u00a0\u00a0\u00a0\u00a0\u00a0\u00a0\u00a0\u00a0\u00a0\u00a0\u00a0\u00a0\u00a0\u00a0\u00a0\u00a0\u00a0\u00a0\u00a0\u00a0\u00a0\u00a0\u00a0\u00a0\u00a0\u00a0\u00a0\u00a0\u00a0\u00a0\u00a0\u00a0\u00a0\u00a0\u00a0\u00a0\u00a0\u00a0\u00a0\u00a0\u00a0\u00a0\u00a0\u00a0\u00a0\u00a0\u00a0\u00a0\u00a0\u00a0\u00a0\u00a0\u00a0\u00a0\u00a0\u00a0\u00a0\u00a0\u00a0\u00a0\u00a0\u00a0\u00a0\u00a0\u00a0\u00a0\u00a0\u00a0\u00a0\u00a0\u00a0\u00a0\u00a0\u00a0\u00a0\u00a0\u00a0 Bispo de Montenegro A Igreja Cat\u00f3lica no Brasil, depois de longo per\u00edodo de avalia\u00e7\u00e3o e partilha, definiu suas novas Diretrizes para a sua a\u00e7\u00e3o evangelizadora para os anos de 2019 a 2023. N\u00f3s, como Igreja cat\u00f3lica em Montenegro, tamb\u00e9m estamos avaliando nossa caminhada pastoral e evangelizadora para organizar &hellip;<\/p>\n<p class=\"read-more\"> <a class=\"\" href=\"https:\/\/www.cnbb.org.br\/igreja-casa-e-missao\/\"> <span class=\"screen-reader-text\">Igreja, Casa e Miss\u00e3o<\/span> Leia mais &raquo;<\/a><\/p>\n","protected":false},"author":72,"featured_media":0,"comment_status":"closed","ping_status":"open","sticky":false,"template":"","format":"standard","meta":{"site-sidebar-layout":"default","site-content-layout":"default","ast-global-header-display":"","ast-banner-title-visibility":"","ast-main-header-display":"","ast-hfb-above-header-display":"","ast-hfb-below-header-display":"","ast-hfb-mobile-header-display":"","site-post-title":"","ast-breadcrumbs-content":"","ast-featured-img":"","footer-sml-layout":"","theme-transparent-header-meta":"","adv-header-id-meta":"","stick-header-meta":"","header-above-stick-meta":"","header-main-stick-meta":"","header-below-stick-meta":""},"categories":[758],"tags":[],"acf":[],"_links":{"self":[{"href":"https:\/\/www.cnbb.org.br\/cnbb-app\/wp\/v2\/posts\/34663"}],"collection":[{"href":"https:\/\/www.cnbb.org.br\/cnbb-app\/wp\/v2\/posts"}],"about":[{"href":"https:\/\/www.cnbb.org.br\/cnbb-app\/wp\/v2\/types\/post"}],"author":[{"embeddable":true,"href":"https:\/\/www.cnbb.org.br\/cnbb-app\/wp\/v2\/users\/72"}],"replies":[{"embeddable":true,"href":"https:\/\/www.cnbb.org.br\/cnbb-app\/wp\/v2\/comments?post=34663"}],"version-history":[{"count":0,"href":"https:\/\/www.cnbb.org.br\/cnbb-app\/wp\/v2\/posts\/34663\/revisions"}],"wp:attachment":[{"href":"https:\/\/www.cnbb.org.br\/cnbb-app\/wp\/v2\/media?parent=34663"}],"wp:term":[{"taxonomy":"category","embeddable":true,"href":"https:\/\/www.cnbb.org.br\/cnbb-app\/wp\/v2\/categories?post=34663"},{"taxonomy":"post_tag","embeddable":true,"href":"https:\/\/www.cnbb.org.br\/cnbb-app\/wp\/v2\/tags?post=34663"}],"curies":[{"name":"wp","href":"https:\/\/api.w.org\/{rel}","templated":true}]}}