{"id":34733,"date":"2019-07-17T00:00:00","date_gmt":"2019-07-17T03:00:00","guid":{"rendered":"https:\/\/www.cnbb.org.br\/o-espirito-a-igreja-de-sao-paulo\/"},"modified":"2019-07-17T00:00:00","modified_gmt":"2019-07-17T03:00:00","slug":"o-espirito-a-igreja-de-sao-paulo","status":"publish","type":"post","link":"https:\/\/www.cnbb.org.br\/o-espirito-a-igreja-de-sao-paulo\/","title":{"rendered":"O Esp\u00edrito, \u00e0 Igreja de S\u00e3o Paulo"},"content":{"rendered":"<p style=\"text-align: right\"><strong>Cardeal Odilo P. Scherer<\/strong><br \/>\n<strong>Arcebispo de S.Paulo<\/strong><\/p>\n<p><strong>\u00a0<\/strong><\/p>\n<p style=\"text-align: justify\">Realiza-se, no m\u00eas de julho, a segunda sess\u00e3o da assembleia do s\u00ednodo nas Regi\u00f5es Episcopais. O objetivo \u00e9 avaliar amplamente a situa\u00e7\u00e3o religiosa e a vida da Igreja em cada uma das seis Regi\u00f5es ou Vicariatos Episcopais para fazer um diagn\u00f3stico da realidade eclesial em toda a Arquidiocese.<\/p>\n<p style=\"text-align: justify\">A partir da tomada de consci\u00eancia sobre os avan\u00e7os e desafios mission\u00e1rios e pastorais, ser\u00e1 poss\u00edvel, depois, passar \u00e0s indica\u00e7\u00f5es do s\u00ednodo para a realiza\u00e7\u00e3o, de maneira mais eficaz, do caminho de comunh\u00e3o, convers\u00e3o e renova\u00e7\u00e3o mission\u00e1ria. O fruto do s\u00ednodo n\u00e3o dever\u00e1 consistir, apenas, em fazer \u201cmais do mesmo\u201d, mas numa verdadeira \u201cconvers\u00e3o mission\u00e1ria\u201d, como se faz necess\u00e1rio.<\/p>\n<p style=\"text-align: justify\">O texto da Escritura indicado para a prepara\u00e7\u00e3o desta segunda sess\u00e3o da assembleia regional do s\u00ednodo \u00e9 o da admoesta\u00e7\u00e3o dirigida \u00e0 Igreja de Laodic\u00e9ia, do Apocalipse (Ap 3,14-22). No final do primeiro s\u00e9culo, essa comunidade j\u00e1 estava \u201cmorna\u201d, sem entusiasmo nem vitalidade; mas gloriava-se, achando que era autossuficiente e n\u00e3o precisava de nada. Talvez tinha perdido at\u00e9 mesmo a sua identidade crist\u00e3 e a refer\u00eancia a Jesus Cristo. Era uma comunidade sem vigor mission\u00e1rio, nem testemunho de f\u00e9 e de boas obras. E a\u00ed, a Palavra amea\u00e7a: \u201cporque \u00e9s morno, nem frio, nem quente, estou para vomitar-te da minha boca\u201d. E recomenda \u00e0 comunidade de Laodic\u00e9ia que seja humilde e tome consci\u00eancia de sua mis\u00e9ria e cegueira, converta-se e volte para Deus, acolhendo os dons que dele procedem, abrindo os olhos \u00e0 luz de Deus, para enxergar as coisas como elas s\u00e3o.<\/p>\n<p style=\"text-align: justify\">O texto \u00e9 um forte chamado mudan\u00e7a de atitude e \u00e0 convers\u00e3o a Deus: \u201ceu repreendo e educo a quem eu amo. S\u00ea zeloso, portanto, e arrepende-te!\u201d O Esp\u00edrito Santo pede que a comunidade abandone a pr\u00f3pria autossufici\u00eancia, deixe de ficar centrada em si mesma, n\u00e3o seja \u201cauto referencial\u201d, para usar uma express\u00e3o cara ao Papa Francisco, olhe para si mesma com um olhar de f\u00e9 pura e se volte de cora\u00e7\u00e3o humilde e sincero para o Senhor da Igreja e centro da vida dos disc\u00edpulos.<\/p>\n<p style=\"text-align: justify\">O desafio \u00e9 superar o des\u00e2nimo, o \u201cmundanismo\u201d e a esterilidade de frutos de f\u00e9, esperan\u00e7a e caridade, para ser uma comunidade renovada na f\u00e9 e nas obras. O belo \u00e9 que a comunidade pode sempre contar com a gra\u00e7a de Deus para se renovar na vida e miss\u00e3o, bastando colaborar com a gra\u00e7a de Deus: \u201ceis que estou \u00e0 porta e bato. Se algu\u00e9m ouvir a minha voz e abrir a porta, eu entrarei em sua casa e tomarei refei\u00e7\u00e3o com ele e ele comigo\u201d.<\/p>\n<p style=\"text-align: justify\">A quest\u00e3o fundamental do nosso s\u00ednodo tamb\u00e9m \u00e9 abrir-nos para Deus de maneira renovada, ouvindo sua voz, que ressoa na Palavra da Escritura e da Igreja, na voz do povo e das circunst\u00e2ncias do tempo presente. \u201cQuem tem ouvidos, ou\u00e7a o que o Esp\u00edrito diz \u00e0s Igrejas\u201d (Ap 3,22). O que o Esp\u00edrito Santo est\u00e1 a dizer \u00e0 nossa Igreja, em S\u00e3o Paulo? O que nos diz atrav\u00e9s das respostas da pesquisa de campo, feita de maneira meticulosa em todas as par\u00f3quias da Arquidiocese? Atrav\u00e9s dos levantamentos feitos pelos padres em todas as par\u00f3quias? Ou ainda, atrav\u00e9s das respostas dos grupos sinodais, que se reuniram nas par\u00f3quias ao longo de todo o ano passado? O que os Esp\u00edrito Santo nos fala atrav\u00e9s dos grupos eclesiais que fizeram a avalia\u00e7\u00e3o da sua atua\u00e7\u00e3o nos mais diversos \u00e2mbitos sociais e eclesiais nas Regi\u00f5es Episcopais?<\/p>\n<p style=\"text-align: justify\">Partindo das constata\u00e7\u00f5es feitas pela pesquisa de campo, devemos perguntar-nos o que significa a diminui\u00e7\u00e3o generalizada de batizados, confiss\u00f5es e casamentos em nossas par\u00f3quias? Ou a percep\u00e7\u00e3o de que muitos irm\u00e3os cat\u00f3licos n\u00e3o participam em nada da vida da Igreja, estando em perigo iminente de perder a f\u00e9 e a vincula\u00e7\u00e3o com a Igreja? O que nos quer dizer o Esp\u00edrito Santo pela voz daqueles que abandonaram a nossa comunidade cat\u00f3lica por n\u00e3o se sentirem bem acolhidos nela? E perguntemo-nos tamb\u00e9m: o que o Esp\u00edrito Santo nos diz atrav\u00e9s dos quase 18% dos atuais cat\u00f3licos que, no passado, n\u00e3o eram cat\u00f3licos e hoje participam da nossa Igreja? Em cada resposta recolhida pela pesquisa podemos \u201couvir o que o Esp\u00edrito diz \u00e0 Igrejas de S\u00e3o Paulo\u201d.<\/p>\n<p>&nbsp;<\/p>\n<p>&nbsp;<\/p>\n","protected":false},"excerpt":{"rendered":"<p>Cardeal Odilo P. Scherer Arcebispo de S.Paulo \u00a0 Realiza-se, no m\u00eas de julho, a segunda sess\u00e3o da assembleia do s\u00ednodo nas Regi\u00f5es Episcopais. O objetivo \u00e9 avaliar amplamente a situa\u00e7\u00e3o religiosa e a vida da Igreja em cada uma das seis Regi\u00f5es ou Vicariatos Episcopais para fazer um diagn\u00f3stico da realidade eclesial em toda a &hellip;<\/p>\n<p class=\"read-more\"> <a class=\"\" href=\"https:\/\/www.cnbb.org.br\/o-espirito-a-igreja-de-sao-paulo\/\"> <span class=\"screen-reader-text\">O Esp\u00edrito, \u00e0 Igreja de S\u00e3o Paulo<\/span> Leia mais &raquo;<\/a><\/p>\n","protected":false},"author":9,"featured_media":0,"comment_status":"closed","ping_status":"open","sticky":false,"template":"","format":"standard","meta":{"site-sidebar-layout":"default","site-content-layout":"default","ast-global-header-display":"","ast-banner-title-visibility":"","ast-main-header-display":"","ast-hfb-above-header-display":"","ast-hfb-below-header-display":"","ast-hfb-mobile-header-display":"","site-post-title":"","ast-breadcrumbs-content":"","ast-featured-img":"","footer-sml-layout":"","theme-transparent-header-meta":"","adv-header-id-meta":"","stick-header-meta":"","header-above-stick-meta":"","header-main-stick-meta":"","header-below-stick-meta":""},"categories":[758],"tags":[],"acf":[],"_links":{"self":[{"href":"https:\/\/www.cnbb.org.br\/cnbb-app\/wp\/v2\/posts\/34733"}],"collection":[{"href":"https:\/\/www.cnbb.org.br\/cnbb-app\/wp\/v2\/posts"}],"about":[{"href":"https:\/\/www.cnbb.org.br\/cnbb-app\/wp\/v2\/types\/post"}],"author":[{"embeddable":true,"href":"https:\/\/www.cnbb.org.br\/cnbb-app\/wp\/v2\/users\/9"}],"replies":[{"embeddable":true,"href":"https:\/\/www.cnbb.org.br\/cnbb-app\/wp\/v2\/comments?post=34733"}],"version-history":[{"count":0,"href":"https:\/\/www.cnbb.org.br\/cnbb-app\/wp\/v2\/posts\/34733\/revisions"}],"wp:attachment":[{"href":"https:\/\/www.cnbb.org.br\/cnbb-app\/wp\/v2\/media?parent=34733"}],"wp:term":[{"taxonomy":"category","embeddable":true,"href":"https:\/\/www.cnbb.org.br\/cnbb-app\/wp\/v2\/categories?post=34733"},{"taxonomy":"post_tag","embeddable":true,"href":"https:\/\/www.cnbb.org.br\/cnbb-app\/wp\/v2\/tags?post=34733"}],"curies":[{"name":"wp","href":"https:\/\/api.w.org\/{rel}","templated":true}]}}