{"id":34749,"date":"2019-07-22T00:00:00","date_gmt":"2019-07-22T03:00:00","guid":{"rendered":"https:\/\/www.cnbb.org.br\/abertas-inscricoes-para-encontro-economia-de-francisco-para-jovens-economistas-em-assis\/"},"modified":"2019-07-22T00:00:00","modified_gmt":"2019-07-22T03:00:00","slug":"abertas-inscricoes-para-encontro-economia-de-francisco-para-jovens-economistas-em-assis","status":"publish","type":"post","link":"https:\/\/www.cnbb.org.br\/abertas-inscricoes-para-encontro-economia-de-francisco-para-jovens-economistas-em-assis\/","title":{"rendered":"Abertas inscri\u00e7\u00f5es para encontro &#8220;Economia de Francisco&#8221; para jovens economistas em Assis"},"content":{"rendered":"<p style=\"text-align: justify\">Abertas as inscri\u00e7\u00f5es para o encontro de tr\u00eas dias desejado pelo Papa Francisco, que pretende reunir em Assis, de 26 a 28 de mar\u00e7o de 2020, jovens economistas, empreendedores, protagonistas de mudan\u00e7as, provenientes de diversas partes do mundo.<\/p>\n<p style=\"text-align: justify\">O convite para participar do encontro <em><strong>\u201cThe Economy of Francesco. Os jovens, um pacto, o futuro\u201d<\/strong><\/em> vem diretamente do Santo Padre, e \u00e9 dirigido a jovens de at\u00e9 35 anos.As inscri\u00e7\u00f5es poder\u00e3o ser feitas diretamente no site\u00a0<a href=\"https:\/\/francescoeconomy.org\/\" target=\"_blank\" rel=\"noopener\">www.francescoeconomy.org<\/a>.<\/p>\n<p style=\"text-align: justify\"><strong>Especialistas e jovens unidos por uma economia diferente<\/strong><\/p>\n<p style=\"text-align: justify\">O evento The Economy of Francesco consistir\u00e1 de laborat\u00f3rios, eventos art\u00edsticos e plen\u00e1rias com renomados economistas, especialistas em desenvolvimento sustent\u00e1vel, empreendedores e empreendedoras, que hoje est\u00e3o comprometidos em n\u00edvel mundial com uma economia diferente. A inten\u00e7\u00e3o \u00e9 refletir e trabalhar em conjunto com os jovens nestes tr\u00eas dias.<\/p>\n<p style=\"text-align: justify\">Confirmadas as presen\u00e7as, entre outros, dos ganhadores do\u00a0 Pr\u00eamio\u00a0Nobel\u00a0Muhammad Yunus e Amarthya Sen, Bruno Frey, Tony Meloto, Carlo Petrini, Kate Raworth, Jeffrey Sachs, Vandana Shiva e Stefano Zamagni.<\/p>\n<p style=\"text-align: justify\"><strong>Favorecer o surgimento de novas ideias e a\u00e7\u00f5es<\/strong><\/p>\n<p style=\"text-align: justify\">N\u00e3o \u00e9 uma confer\u00eancia tradicional, mas trata-se de uma experi\u00eancia em que teoria e pr\u00e1tica se entrela\u00e7am para construir novas ideias e colabora\u00e7\u00f5es. Um programa onde o tempo desacelera para abrir espa\u00e7o tamb\u00e9m para reflex\u00e3o e o sil\u00eancio, \u00e0s hist\u00f3rias e aos encontros, \u00e0 arte e \u00e0 espiritualidade, favorecendo o surgimento do pensamento e da a\u00e7\u00e3o econ\u00f4mica dos jovens.<\/p>\n<p style=\"text-align: justify\">O encontro \u00e9 destinado a jovens com menos de 35 anos envolvidos no \u00e2mbito da pesquisa: estudantes e acad\u00eamicos em Economia e outras disciplinas afins, estudantes de Mestrado, Doutorado, jovens pesquisadores; e tamb\u00e9m de empresas: empres\u00e1rios e dirigentes.<\/p>\n<p style=\"text-align: justify\">Possibilidade de participa\u00e7\u00e3o tamb\u00e9m para change-makers, promotores de atividades a servi\u00e7o do bem comum e de uma economia justa, sustent\u00e1vel e inclusiva.<\/p>\n<p style=\"text-align: justify\"><strong>Dar uma alma \u00e0 economia do futuro<\/strong><\/p>\n<p style=\"text-align: justify\">A proposta \u00e9 de fazer um pacto com os jovens \u2013 para al\u00e9m diferen\u00e7as de cren\u00e7a e nacionalidade &#8211; \u00a0para mudar a economia atual e dar uma alma para aquela do amanh\u00e3, para que seja mais justa, sustent\u00e1vel e com um novo protagonismo de quem hoje \u00e9 exclu\u00eddo.<\/p>\n<p style=\"text-align: justify\">Entre todos os candidatos, 500 ser\u00e3o escolhidos para participar de um pr\u00e9-evento programado para se realizar nos dias 24 e 25 de mar\u00e7o: uma ocasi\u00e3o de trabalho e aprofundamento que ter\u00e3o prosseguimento nos dias do evento (26-27-28), junto com todos os outros participantes.<\/p>\n<p style=\"text-align: justify\">Todas as informa\u00e7\u00f5es est\u00e3o dispon\u00edveis no site <a href=\"https:\/\/francescoeconomy.org\/\" target=\"_blank\" rel=\"noopener\">www.francescoeconomy.org<\/a><\/p>\n<h5><em><strong>(Texto e fotos: Vatican News)<\/strong><\/em><\/h5>\n<div class=\"article__text\" style=\"text-align: justify\"><\/div>\n","protected":false},"excerpt":{"rendered":"<p>Assis \u00e9 o lugar apropriado para inspirar uma nova economia, pois foi ali que Francisco escolheu Deus como b\u00fassola da sua vida, disse o Papa<\/p>\n","protected":false},"author":83,"featured_media":1948,"comment_status":"closed","ping_status":"open","sticky":false,"template":"","format":"standard","meta":{"site-sidebar-layout":"default","site-content-layout":"default","ast-global-header-display":"","ast-banner-title-visibility":"","ast-main-header-display":"","ast-hfb-above-header-display":"","ast-hfb-below-header-display":"","ast-hfb-mobile-header-display":"","site-post-title":"","ast-breadcrumbs-content":"","ast-featured-img":"","footer-sml-layout":"","theme-transparent-header-meta":"","adv-header-id-meta":"","stick-header-meta":"","header-above-stick-meta":"","header-main-stick-meta":"","header-below-stick-meta":""},"categories":[784],"tags":[],"acf":[],"_links":{"self":[{"href":"https:\/\/www.cnbb.org.br\/cnbb-app\/wp\/v2\/posts\/34749"}],"collection":[{"href":"https:\/\/www.cnbb.org.br\/cnbb-app\/wp\/v2\/posts"}],"about":[{"href":"https:\/\/www.cnbb.org.br\/cnbb-app\/wp\/v2\/types\/post"}],"author":[{"embeddable":true,"href":"https:\/\/www.cnbb.org.br\/cnbb-app\/wp\/v2\/users\/83"}],"replies":[{"embeddable":true,"href":"https:\/\/www.cnbb.org.br\/cnbb-app\/wp\/v2\/comments?post=34749"}],"version-history":[{"count":0,"href":"https:\/\/www.cnbb.org.br\/cnbb-app\/wp\/v2\/posts\/34749\/revisions"}],"wp:featuredmedia":[{"embeddable":true,"href":"https:\/\/www.cnbb.org.br\/cnbb-app\/wp\/v2\/media\/1948"}],"wp:attachment":[{"href":"https:\/\/www.cnbb.org.br\/cnbb-app\/wp\/v2\/media?parent=34749"}],"wp:term":[{"taxonomy":"category","embeddable":true,"href":"https:\/\/www.cnbb.org.br\/cnbb-app\/wp\/v2\/categories?post=34749"},{"taxonomy":"post_tag","embeddable":true,"href":"https:\/\/www.cnbb.org.br\/cnbb-app\/wp\/v2\/tags?post=34749"}],"curies":[{"name":"wp","href":"https:\/\/api.w.org\/{rel}","templated":true}]}}