{"id":34798,"date":"2019-07-29T00:00:00","date_gmt":"2019-07-29T03:00:00","guid":{"rendered":"https:\/\/www.cnbb.org.br\/roma-sediara-congresso-internacional-pelos-40-anos-de-puebla\/"},"modified":"2020-03-11T20:47:29","modified_gmt":"2020-03-11T23:47:29","slug":"roma-sediara-congresso-internacional-pelos-40-anos-de-puebla","status":"publish","type":"post","link":"https:\/\/www.cnbb.org.br\/roma-sediara-congresso-internacional-pelos-40-anos-de-puebla\/","title":{"rendered":"Roma sediar\u00e1 congresso internacional pelos 40 anos de Puebla"},"content":{"rendered":"<p style=\"text-align: justify\">A Pontif\u00edcia Comiss\u00e3o para a Am\u00e9rica Latina (CAL) anunciou a realiza\u00e7\u00e3o de um congresso internacional com o tema \u201cComunh\u00e3o e participa\u00e7\u00e3o\u201d, por ocasi\u00e3o dos 40 anos da III Confer\u00eancia Geral do Episcopado Latino-americano de Puebla.<\/p>\n<p style=\"text-align: justify\">A Confer\u00eancia de Puebla (M\u00e9xico) ocorreu em 1979 e seguiu as do Rio de Janeiro (Brasil), em 1955, e Medell\u00edn (Col\u00f4mbia), em 1968. O Papa Jo\u00e3o Paulo II participou deste evento em sua primeira viagem ao M\u00e9xico, que teve como fruto o documento de Puebla.<\/p>\n<p style=\"text-align: justify\">O evento da CAL acontecer\u00e1 de 2 a 4 de outubro de 2019, na C\u00faria Geral dos Jesu\u00edtas, em Roma.\u00a0A confer\u00eancia ter\u00e1 quatro partes. A primeira \u00e9 intitulada \u201cAm\u00e9rica Latina e a \u2018d\u00e9cada de sangue&#8217;\u201d, a segunda trata \u201cA prepara\u00e7\u00e3o da Confer\u00eancia\u201d, a terceira \u00e9 a \u201cA Agenda de Puebla\u201d, enquanto a quarta ser\u00e1 sobre \u201cA heran\u00e7a de Puebla\u201d.<\/p>\n<p style=\"text-align: justify\">O peruano Gustavo Guti\u00e9rrez, sacerdote dominicano, de 91 anos, estar\u00e1 encarregado da confer\u00eancia sobre \u201cA op\u00e7\u00e3o preferencial pelos pobres\u201d. Al\u00e9m dele, o congresso contar\u00e1 ainda com palestra do leigo brit\u00e2nico Austen Ivereigh, autor do livro \u201cO grande reformador: Francisco, retrato de um Papa radical\u201d, que falar\u00e1 sobre \u201cA originalidade hist\u00f3rica de um pontificado latino-americano\u201d.<\/p>\n<p style=\"text-align: justify\">Um terceiro participante \u00e9 o sacerdote brasileiro Jos\u00e9 Marins, especialista em Comunidades Eclesiais de Base (CEB) surgidas no Brasil. Tamb\u00e9m participar\u00e3o do Congresso pelos 40 anos de Puebla: Rodrigo Guerra L\u00f3pez, membro do Pontif\u00edcio Conselho Justi\u00e7a e Paz; o uruguaio Guzm\u00e1n Carriquiry Lecour, doutor em Direito e Ci\u00eancias Sociais, que serve h\u00e1 mais de 40 anos no Vaticano, tendo colaborado com Paulo VI, Jo\u00e3o Paulo II e Bento XVI; o brasileiro Pe. Alexandre Awi Mello, membro da Fraternidade de Padres de Schoenstatt e serve desde 2017 como secret\u00e1rio do Dicast\u00e9rio para os Leigos, a Fam\u00edlia e a Vida; entre outros.<\/p>\n","protected":false},"excerpt":{"rendered":"<p>O tema proposto \u00e9 &#8220;Comunh\u00e3o e participa\u00e7\u00e3o&#8221;. Encontro acontece de 2 a 4 de outubro<\/p>\n","protected":false},"author":83,"featured_media":2008,"comment_status":"closed","ping_status":"open","sticky":false,"template":"","format":"standard","meta":{"site-sidebar-layout":"default","site-content-layout":"default","ast-global-header-display":"","ast-banner-title-visibility":"","ast-main-header-display":"","ast-hfb-above-header-display":"","ast-hfb-below-header-display":"","ast-hfb-mobile-header-display":"","site-post-title":"","ast-breadcrumbs-content":"","ast-featured-img":"","footer-sml-layout":"","theme-transparent-header-meta":"","adv-header-id-meta":"","stick-header-meta":"","header-above-stick-meta":"","header-main-stick-meta":"","header-below-stick-meta":""},"categories":[841],"tags":[],"acf":[],"_links":{"self":[{"href":"https:\/\/www.cnbb.org.br\/cnbb-app\/wp\/v2\/posts\/34798"}],"collection":[{"href":"https:\/\/www.cnbb.org.br\/cnbb-app\/wp\/v2\/posts"}],"about":[{"href":"https:\/\/www.cnbb.org.br\/cnbb-app\/wp\/v2\/types\/post"}],"author":[{"embeddable":true,"href":"https:\/\/www.cnbb.org.br\/cnbb-app\/wp\/v2\/users\/83"}],"replies":[{"embeddable":true,"href":"https:\/\/www.cnbb.org.br\/cnbb-app\/wp\/v2\/comments?post=34798"}],"version-history":[{"count":0,"href":"https:\/\/www.cnbb.org.br\/cnbb-app\/wp\/v2\/posts\/34798\/revisions"}],"wp:featuredmedia":[{"embeddable":true,"href":"https:\/\/www.cnbb.org.br\/cnbb-app\/wp\/v2\/media\/2008"}],"wp:attachment":[{"href":"https:\/\/www.cnbb.org.br\/cnbb-app\/wp\/v2\/media?parent=34798"}],"wp:term":[{"taxonomy":"category","embeddable":true,"href":"https:\/\/www.cnbb.org.br\/cnbb-app\/wp\/v2\/categories?post=34798"},{"taxonomy":"post_tag","embeddable":true,"href":"https:\/\/www.cnbb.org.br\/cnbb-app\/wp\/v2\/tags?post=34798"}],"curies":[{"name":"wp","href":"https:\/\/api.w.org\/{rel}","templated":true}]}}