{"id":34811,"date":"2019-07-30T00:00:00","date_gmt":"2019-07-30T03:00:00","guid":{"rendered":"https:\/\/www.cnbb.org.br\/regional-norte-2-da-cnbb-emite-nota-sobre-a-tragedia-no-presidio-regional-de-altamira\/"},"modified":"2019-07-30T00:00:00","modified_gmt":"2019-07-30T03:00:00","slug":"regional-norte-2-da-cnbb-emite-nota-sobre-a-tragedia-no-presidio-regional-de-altamira","status":"publish","type":"post","link":"https:\/\/www.cnbb.org.br\/regional-norte-2-da-cnbb-emite-nota-sobre-a-tragedia-no-presidio-regional-de-altamira\/","title":{"rendered":"Regional Norte 2 da CNBB emite nota sobre a trag\u00e9dia no Pres\u00eddio de Altamira\u00a0"},"content":{"rendered":"<p>Os bispos que comp\u00f5em o Regional Norte 2, que compreende os estados do Amap\u00e1 e Par\u00e1, da Confer\u00eancia Nacional dos Bispos do Brasil e a Arquidiocese de Bel\u00e9m emitiram uma nota p\u00fablica em rep\u00fadio \u00e0 toda e qualquer forma de viol\u00eancia e desrespeito \u00e0 dignidade humana diante dos fatos ocorridos no Pres\u00eddio Regional de Altamira.<\/p>\n<p>Leia a nota na \u00edntegra:<\/p>\n<p style=\"text-align: center\"><strong>Nota sobre a viol\u00eancia<\/strong><\/p>\n<p style=\"text-align: center\"><strong>Trag\u00e9dia no Pres\u00eddio Regional de Altamira\u00a0<\/strong><\/p>\n<p style=\"font-weight: 400;text-align: right\">30 de Julho de 2019<\/p>\n<p style=\"font-weight: 400;text-align: justify\">Considerando a trag\u00e9dia acontecida no pres\u00eddio Regional de Altamira, no dia 29 de julho, a Confer\u00eancia Nacional dos Bispos do Brasil Regional Norte 2 e a Arquidiocese de Bel\u00e9m vem a p\u00fablico manifestar rep\u00fadio \u00e0 toda e qualquer forma de viol\u00eancia e desrespeito \u00e0 dignidade humana.<\/p>\n<p style=\"font-weight: 400;text-align: justify\">O evento, lamentavelmente, n\u00e3o est\u00e1 isolado e \u00e9 mais um grito clamoroso acusando a ineficiente gest\u00e3o dos pres\u00eddios brasileiros caracterizada por fugas, rebeli\u00f5es, tens\u00e3o, ociosidade, p\u00e9ssimas estruturas, superlota\u00e7\u00e3o e neglig\u00eancia pedag\u00f3gica.<\/p>\n<p style=\"font-weight: 400;text-align: justify\">Repudiamos a &#8220;cultura do encarceramento em massa&#8221;, bem como, a &#8220;ideologia da repress\u00e3o&#8221; em vez da promo\u00e7\u00e3o da \u201ccultura preventiva\u201d dentro e fora dos pres\u00eddios.<\/p>\n<p style=\"font-weight: 400;text-align: justify\">Por outro lado, bem sabemos, a cultura repressiva n\u00e3o tem consist\u00eancia para, de forma isolada, dar resposta \u00e0 gravidade e amplitude das causas da viol\u00eancia, que s\u00e3o m\u00faltiplas e profundas.<\/p>\n<p style=\"font-weight: 400;text-align: justify\">Reiteramos a necessidade da promo\u00e7\u00e3o de pol\u00edticas p\u00fablicas integradas e a urg\u00eancia da promo\u00e7\u00e3o da preventividade, sobretudo, por meio de programas sociais voltados para o apoio \u00e0 fam\u00edlia, inf\u00e2ncia e juventude.<\/p>\n<p style=\"font-weight: 400;text-align: justify\">Inspirados nas atitudes de Jesus Cristo, que tratou a todos com o m\u00e1ximo respeito, renovamos o nosso compromisso de presen\u00e7a diferenciada nas unidades prisionais atrav\u00e9s da Pastoral Carcer\u00e1ria.<\/p>\n<p style=\"font-weight: 400;text-align: justify\">A promo\u00e7\u00e3o da justi\u00e7a n\u00e3o combina com a viol\u00eancia. Por isso, Deus n\u00e3o deseja a morte do pecador, mas sim que ele se converta e viva (cf. Ez 18, 23). Para isso precisamos de um Sistema Penal \u00e0 altura da dignidade humana para que a mais profunda remiss\u00e3o aconte\u00e7a na mente e no cora\u00e7\u00e3o de cada detento.<\/p>\n<p style=\"font-weight: 400;text-align: justify\">\u00c9 preciso que continuemos a sonhar por mudan\u00e7as como nos pede a Palavra de Deus: &#8220;N\u00e3o vos conformeis com este mundo, mas transformai-vos, renovando vossa maneira de pensar e julgar, para que possais distinguir o que \u00e9 da vontade de Deus, a saber, o que \u00e9 bom, o que lhe agrada, o que \u00e9 perfeito&#8221; (Rm 12, 2).<\/p>\n<p style=\"font-weight: 400;text-align: justify\">Que o sangue derramado nos pres\u00eddios seja semente de um sistema penal mais humano e coerente com a dignidade da pessoa humana!<\/p>\n<p style=\"font-weight: 400;text-align: justify\">A todos chegue a nossa ben\u00e7\u00e3o de paz.<\/p>\n<p style=\"font-weight: 400;text-align: center\"><strong>Bernardo Johannes Bahlmann<br \/>\n<\/strong>Bispo da Diocese de \u00d3bidos &#8211; PA<br \/>\nPresidente da CNBB Norte 2<\/p>\n<p style=\"font-weight: 400;text-align: center\"><strong>Dom Alberto Taveira Corr\u00eaa<br \/>\n<\/strong>Arcebispo Metropolitano de Bel\u00e9m do Par\u00e1<br \/>\nVice-Presidente da CNBB Norte 2<\/p>\n<p style=\"font-weight: 400;text-align: center\"><strong>Dom Irineu Roman<br \/>\n<\/strong>Bispo Auxiliar de Bel\u00e9m do Par\u00e1<br \/>\nSecret\u00e1rio da CNBB Norte 2<\/p>\n<p style=\"font-weight: 400;text-align: center\"><strong>Dom Ant\u00f4nio de Assis Ribeiro<br \/>\n<\/strong>Bispo Auxiliar de Bel\u00e9m do Par\u00e1<\/p>\n","protected":false},"excerpt":{"rendered":"<p>A nota p\u00fablica, tamb\u00e9m \u00e9 assinada pela Arquidiocese de Bel\u00e9m, repudia toda e qualquer forma de viol\u00eancia e desrespeito \u00e0 dignidade humana<\/p>\n","protected":false},"author":83,"featured_media":2026,"comment_status":"closed","ping_status":"open","sticky":false,"template":"","format":"standard","meta":{"site-sidebar-layout":"default","site-content-layout":"default","ast-global-header-display":"","ast-banner-title-visibility":"","ast-main-header-display":"","ast-hfb-above-header-display":"","ast-hfb-below-header-display":"","ast-hfb-mobile-header-display":"","site-post-title":"","ast-breadcrumbs-content":"","ast-featured-img":"","footer-sml-layout":"","theme-transparent-header-meta":"","adv-header-id-meta":"","stick-header-meta":"","header-above-stick-meta":"","header-main-stick-meta":"","header-below-stick-meta":""},"categories":[822,769],"tags":[],"acf":[],"_links":{"self":[{"href":"https:\/\/www.cnbb.org.br\/cnbb-app\/wp\/v2\/posts\/34811"}],"collection":[{"href":"https:\/\/www.cnbb.org.br\/cnbb-app\/wp\/v2\/posts"}],"about":[{"href":"https:\/\/www.cnbb.org.br\/cnbb-app\/wp\/v2\/types\/post"}],"author":[{"embeddable":true,"href":"https:\/\/www.cnbb.org.br\/cnbb-app\/wp\/v2\/users\/83"}],"replies":[{"embeddable":true,"href":"https:\/\/www.cnbb.org.br\/cnbb-app\/wp\/v2\/comments?post=34811"}],"version-history":[{"count":0,"href":"https:\/\/www.cnbb.org.br\/cnbb-app\/wp\/v2\/posts\/34811\/revisions"}],"wp:featuredmedia":[{"embeddable":true,"href":"https:\/\/www.cnbb.org.br\/cnbb-app\/wp\/v2\/media\/2026"}],"wp:attachment":[{"href":"https:\/\/www.cnbb.org.br\/cnbb-app\/wp\/v2\/media?parent=34811"}],"wp:term":[{"taxonomy":"category","embeddable":true,"href":"https:\/\/www.cnbb.org.br\/cnbb-app\/wp\/v2\/categories?post=34811"},{"taxonomy":"post_tag","embeddable":true,"href":"https:\/\/www.cnbb.org.br\/cnbb-app\/wp\/v2\/tags?post=34811"}],"curies":[{"name":"wp","href":"https:\/\/api.w.org\/{rel}","templated":true}]}}