{"id":34817,"date":"2019-07-31T00:00:00","date_gmt":"2019-07-31T03:00:00","guid":{"rendered":"https:\/\/www.cnbb.org.br\/comissao-para-os-ministerios-ordenados-realiza-primeira-reuniao-na-sede-da-cnbb\/"},"modified":"2019-07-31T00:00:00","modified_gmt":"2019-07-31T03:00:00","slug":"comissao-para-os-ministerios-ordenados-realiza-primeira-reuniao-na-sede-da-cnbb","status":"publish","type":"post","link":"https:\/\/www.cnbb.org.br\/comissao-para-os-ministerios-ordenados-realiza-primeira-reuniao-na-sede-da-cnbb\/","title":{"rendered":"Comiss\u00e3o realiza primeira reuni\u00e3o na sede da CNBB"},"content":{"rendered":"<p style=\"text-align: justify\">Nesta ter\u00e7a-feira, 30, os novos membros da Comiss\u00e3o para os Minist\u00e9rios Ordenados e a Vida Consagrada estiveram reunidos pela primeira vez na sede da Confer\u00eancia Nacional dos Bispos do Brasil (CNBB), em Bras\u00edlia (DF). O secret\u00e1rio-geral da CNBB, dom Joel Portella tamb\u00e9m esteve presente.<\/p>\n<p style=\"text-align: justify\">Na ocasi\u00e3o, os bispos tiveram a oportunidade de fazer uma partilha sobre as compet\u00eancias de cada um e atribui\u00e7\u00f5es. \u201cA reuni\u00e3o \u00e9 para nos aproximarmos mais, nos conhecermos melhor, vermos a disposi\u00e7\u00e3o de cada um para darmos conta da miss\u00e3o que a Igreja nos confia\u201d, afirma o presidente da Comiss\u00e3o, dom Francisco Salm.<\/p>\n<p style=\"text-align: justify\">Na pauta do encontro, os bispos discutiram a agenda cumprida pela Comiss\u00e3o no primeiro semestre e os compromissos j\u00e1 agendados para o pr\u00f3ximo, como \u00e9 o caso do IV Congresso Vocacional do Brasil, a ser realizado em setembro, em Aparecida (SP). <a href=\"https:\/\/www.cnbb.org.br\/comissao-para-os-ministerios-ordenados-realiza-primeira-reuniao-na-sede-da-cnbb\/img_9958\/\" rel=\"attachment wp-att-223443\"><img decoding=\"async\" loading=\"lazy\" class=\"size-medium wp-image-223443 alignright\" src=\"https:\/\/www.cnbb.org.br\/wp-content\/uploads\/2020\/03\/IMG_9958-scaled.jpg\" alt=\"\" width=\"300\" height=\"169\" \/><\/a><\/p>\n<p style=\"text-align: justify\">Al\u00e9m disso, debateram sobre as Diretrizes Gerais da A\u00e7\u00e3o Evangelizadora da Igreja no Brasil (DGAE), aprovadas na \u00faltima Assembleia Geral da entidade. \u201cEstamos nos dando conta do quanto as novas Diretrizes s\u00e3o fundamentais para orientar o trabalho que nos \u00e9 confiado, principalmente o de acompanhar os organismos que constituem a nossa Comiss\u00e3o\u201d, salienta dom Salm.<\/p>\n<p style=\"text-align: justify\">Outro assunto de destaque foram as Diretrizes para a Forma\u00e7\u00e3o de Presb\u00edteros, tamb\u00e9m aprovadas pela CNBB e recentemente pela Santa S\u00e9. Dom Jo\u00e3o Salm explica que o desafio da Comiss\u00e3o \u00e9 ajudar a implement\u00e1-las e torn\u00e1-las conhecidas. \u201cCabe \u00e0s dioceses estud\u00e1-las e adequ\u00e1-las da melhor forma em suas realidades, mas o nosso papel como Comiss\u00e3o \u00e9 divulg\u00e1-las, trabalhar na implementa\u00e7\u00e3o e estamos empenhados nisso\u201d, finalizou.<\/p>\n<p>Saiba quem s\u00e3o os novos membros da Comiss\u00e3o:<\/p>\n<p><strong>Dom Jo\u00e3o Francisco Salm, bispo de Tubar\u00e3o (SC) &#8211; Presidente<br \/>\n<\/strong><strong>Dom Andr\u00e9 Vital F\u00e9lix da Silva, bispo de Limoeiro do Norte (CE)<br \/>\nDom Jo\u00e3o In\u00e1cio M\u00fcller, arcebispo de Campinas (SP)<br \/>\nDom Jos\u00e9 Albuquerque de Ara\u00fajo, bispo auxiliar de Manaus (AM)<\/strong><\/p>\n<p>Assessores:<\/p>\n<p><strong>Padre Juarez Albino Destro \u2013 Rogacionista \u2013 Bras\u00edlia (DF)<br \/>\nPadre Jo\u00e3o C\u00e2ndido da Silva Neto \u2013 S\u00e3o Jo\u00e3o da Boa Vista (SP)<\/strong><\/p>\n","protected":false},"excerpt":{"rendered":"<p>Na pauta, os bispos discutiram a agenda do primeiro semestre e os compromissos do pr\u00f3ximo ano<\/p>\n","protected":false},"author":83,"featured_media":34818,"comment_status":"closed","ping_status":"open","sticky":false,"template":"","format":"standard","meta":{"site-sidebar-layout":"default","site-content-layout":"default","ast-global-header-display":"","ast-banner-title-visibility":"","ast-main-header-display":"","ast-hfb-above-header-display":"","ast-hfb-below-header-display":"","ast-hfb-mobile-header-display":"","site-post-title":"","ast-breadcrumbs-content":"","ast-featured-img":"","footer-sml-layout":"","theme-transparent-header-meta":"","adv-header-id-meta":"","stick-header-meta":"","header-above-stick-meta":"","header-main-stick-meta":"","header-below-stick-meta":""},"categories":[748,807],"tags":[],"acf":[],"_links":{"self":[{"href":"https:\/\/www.cnbb.org.br\/cnbb-app\/wp\/v2\/posts\/34817"}],"collection":[{"href":"https:\/\/www.cnbb.org.br\/cnbb-app\/wp\/v2\/posts"}],"about":[{"href":"https:\/\/www.cnbb.org.br\/cnbb-app\/wp\/v2\/types\/post"}],"author":[{"embeddable":true,"href":"https:\/\/www.cnbb.org.br\/cnbb-app\/wp\/v2\/users\/83"}],"replies":[{"embeddable":true,"href":"https:\/\/www.cnbb.org.br\/cnbb-app\/wp\/v2\/comments?post=34817"}],"version-history":[{"count":0,"href":"https:\/\/www.cnbb.org.br\/cnbb-app\/wp\/v2\/posts\/34817\/revisions"}],"wp:featuredmedia":[{"embeddable":true,"href":"https:\/\/www.cnbb.org.br\/cnbb-app\/wp\/v2\/media\/34818"}],"wp:attachment":[{"href":"https:\/\/www.cnbb.org.br\/cnbb-app\/wp\/v2\/media?parent=34817"}],"wp:term":[{"taxonomy":"category","embeddable":true,"href":"https:\/\/www.cnbb.org.br\/cnbb-app\/wp\/v2\/categories?post=34817"},{"taxonomy":"post_tag","embeddable":true,"href":"https:\/\/www.cnbb.org.br\/cnbb-app\/wp\/v2\/tags?post=34817"}],"curies":[{"name":"wp","href":"https:\/\/api.w.org\/{rel}","templated":true}]}}