{"id":34827,"date":"2019-07-31T00:00:00","date_gmt":"2019-07-31T03:00:00","guid":{"rendered":"https:\/\/www.cnbb.org.br\/dom-jaime-e-reconduzido-para-a-congregacao-para-os-institutos-de-vida-consagrada-do-vaticano\/"},"modified":"2019-07-31T00:00:00","modified_gmt":"2019-07-31T03:00:00","slug":"dom-jaime-e-reconduzido-para-a-congregacao-para-os-institutos-de-vida-consagrada-do-vaticano","status":"publish","type":"post","link":"https:\/\/www.cnbb.org.br\/dom-jaime-e-reconduzido-para-a-congregacao-para-os-institutos-de-vida-consagrada-do-vaticano\/","title":{"rendered":"Dom Jaime \u00e9 reconduzido \u00e0 Congrega\u00e7\u00e3o para os Institutos de Vida Consagrada do Vaticano"},"content":{"rendered":"<p style=\"text-align: justify\">O papa Francisco confirmou, pela segunda vez, o nome do arcebispo da arquidiocese de Porto Alegre (RS), dom Jaime Spengler, primeiro vice-presidente da Confer\u00eancia Nacional dos Bispos do Brasil (CNBB), como membro da Congrega\u00e7\u00e3o para os Institutos de Vida Consagrada e Sociedades de Vida Apost\u00f3lica da Santa S\u00e9, no Vaticano. O documento de nomea\u00e7\u00e3o, conforme informou em carta enviada pelo cardeal brasileiro Jo\u00e3o Braz de Aviz, prefeito da Congrega\u00e7\u00e3o, foi assinado pelo cardeal Pietro Parolin, secret\u00e1rio de Estado.<\/p>\n<p style=\"text-align: justify\">Segundo dom Jaime, a confirma\u00e7\u00e3o de seu nome \u00e9 uma oportunidade para\u00a0\u00a0continuar colaborando com a referida Congrega\u00e7\u00e3o na reflex\u00e3o e indica\u00e7\u00e3o de linhas de a\u00e7\u00e3o para acompanhar e promover a vida consagrada. &#8220;N\u00e3o se pode esquecer que a vida consagrada \u00e9 um dom de Deus \u00e0 sua Igreja; ela \u00e9 um elemento decisivo para a miss\u00e3o da Igreja. Seus elementos constitutivos s\u00e3o parte integrante da vida da Igreja&#8221;, disse.<\/p>\n<p style=\"text-align: justify\">O arcebispo de Porto Alegre (RS) refor\u00e7a que os Institutos de Vida Consagrada e as Sociedades de Vida Apost\u00f3lica est\u00e3o presentes no Brasil desde sua descoberta, no s\u00e9culo XVI, marcando presen\u00e7a desenvolvimento da obra evangelizadora da Igreja no imenso territ\u00f3rio nacional. O primeiro vice-presidente da CNBB acredita que sua nomea\u00e7\u00e3o pode ser vista como reconhecimento desta longa hist\u00f3ria.<\/p>\n<p style=\"text-align: justify\">O religioso falou de um grande desafio que precisa ser enfrentado na atua\u00e7\u00e3o da Congrega\u00e7\u00e3o: uma crise no seio da vida consagrada em diversos lugares e tamb\u00e9m no Brasil, com um acentuado decl\u00ednio no n\u00famero de candidatos a essa forma de vida por um lado; e de outro, expressivo aumento da m\u00e9dia de idade dos membros dos diversos entes. &#8220;Animar essa forma de vida requer criatividade, ousadia, senso eclesial e f\u00e9&#8221;, afirmou.<\/p>\n","protected":false},"excerpt":{"rendered":"<p>&#8220;Animar essa forma de vida requer criatividade, ousadia, senso eclesial e f\u00e9&#8221;, afirmou o primeiro vice-presidente da CNBB<\/p>\n","protected":false},"author":83,"featured_media":2044,"comment_status":"closed","ping_status":"open","sticky":false,"template":"","format":"standard","meta":{"site-sidebar-layout":"default","site-content-layout":"default","ast-global-header-display":"","ast-banner-title-visibility":"","ast-main-header-display":"","ast-hfb-above-header-display":"","ast-hfb-below-header-display":"","ast-hfb-mobile-header-display":"","site-post-title":"","ast-breadcrumbs-content":"","ast-featured-img":"","footer-sml-layout":"","theme-transparent-header-meta":"","adv-header-id-meta":"","stick-header-meta":"","header-above-stick-meta":"","header-main-stick-meta":"","header-below-stick-meta":""},"categories":[784],"tags":[],"acf":[],"_links":{"self":[{"href":"https:\/\/www.cnbb.org.br\/cnbb-app\/wp\/v2\/posts\/34827"}],"collection":[{"href":"https:\/\/www.cnbb.org.br\/cnbb-app\/wp\/v2\/posts"}],"about":[{"href":"https:\/\/www.cnbb.org.br\/cnbb-app\/wp\/v2\/types\/post"}],"author":[{"embeddable":true,"href":"https:\/\/www.cnbb.org.br\/cnbb-app\/wp\/v2\/users\/83"}],"replies":[{"embeddable":true,"href":"https:\/\/www.cnbb.org.br\/cnbb-app\/wp\/v2\/comments?post=34827"}],"version-history":[{"count":0,"href":"https:\/\/www.cnbb.org.br\/cnbb-app\/wp\/v2\/posts\/34827\/revisions"}],"wp:featuredmedia":[{"embeddable":true,"href":"https:\/\/www.cnbb.org.br\/cnbb-app\/wp\/v2\/media\/2044"}],"wp:attachment":[{"href":"https:\/\/www.cnbb.org.br\/cnbb-app\/wp\/v2\/media?parent=34827"}],"wp:term":[{"taxonomy":"category","embeddable":true,"href":"https:\/\/www.cnbb.org.br\/cnbb-app\/wp\/v2\/categories?post=34827"},{"taxonomy":"post_tag","embeddable":true,"href":"https:\/\/www.cnbb.org.br\/cnbb-app\/wp\/v2\/tags?post=34827"}],"curies":[{"name":"wp","href":"https:\/\/api.w.org\/{rel}","templated":true}]}}