{"id":34844,"date":"2019-08-04T00:00:00","date_gmt":"2019-08-04T03:00:00","guid":{"rendered":"https:\/\/www.cnbb.org.br\/trabalhadores-do-reino\/"},"modified":"2019-08-04T00:00:00","modified_gmt":"2019-08-04T03:00:00","slug":"trabalhadores-do-reino","status":"publish","type":"post","link":"https:\/\/www.cnbb.org.br\/trabalhadores-do-reino\/","title":{"rendered":"Trabalhadores do Reino"},"content":{"rendered":"<p style=\"text-align: right\"><em><strong>Dom Jos\u00e9 Gislon<\/strong><\/em><br \/>\n<em><strong>Administrador Apost\u00f3lico da Diocese de Erexim<\/strong><\/em><\/p>\n<p style=\"text-align: justify\">Estimados Diocesanos! Estamos iniciando o m\u00eas vocacional. Ele \u00e9 sempre oportunidade para refletirmos sobre a nossa voca\u00e7\u00e3o \u201ca partir do chamado do cora\u00e7\u00e3o\u201d e da resposta que damos atrav\u00e9s de um compromisso de vida.<\/p>\n<p style=\"text-align: justify\">Podemos sempre falar e motivar os nossos jovens para que saibam ouvir e discernir o chamado do \u201cvem e segue-me\u201d que o Senhor faz hoje, como fez no in\u00edcio do seu minist\u00e9rio. Mas a resposta a uma voca\u00e7\u00e3o, ao seguimento de Cristo \u00e9 e ser\u00e1 sempre pessoal.\u00a0 Facilmente, n\u00f3s associamos voca\u00e7\u00e3o como um chamado \u00e0 vida consagrada, ao minist\u00e9rio sacerdotal, diaconal ou a outros minist\u00e9rios de servi\u00e7o \u00e0 comunidade de f\u00e9. Mas se esquecermos da dimens\u00e3o da entrega pela causa do Reino, na qual Cristo \u00e9 o modelo de amor e fidelidade ao Pai, a ser seguido, poderemos viver uma escolha e uma consagra\u00e7\u00e3o ou mesmo a vida de crist\u00e3o, marcada por muitas motiva\u00e7\u00f5es puramente humanas, em que a doa\u00e7\u00e3o, a entrega da vida pelo amor a Cristo, o servi\u00e7o aos irm\u00e3os e irm\u00e3s, na Igreja comunidade de f\u00e9, pode ser considerada mais um peso que nos oprime do que uma gra\u00e7a que nos torna livres para amar como Jesus amou.<\/p>\n<p style=\"text-align: justify\">Quando falamos do minist\u00e9rio sacerdotal, temos presente o sacerdote como o \u201c\u00edcone de Jesus Cristo\u201d. \u201cEm Jesus Cristo, o humano e o divino est\u00e3o unidos de modo \u00fanico, porque nele Deus e o homem entraram de uma vez para sempre num di\u00e1logo salv\u00edfico. O sacerdote est\u00e1 a servi\u00e7o deste di\u00e1logo entre o c\u00e9u e a terra. O seu dever e tarefa, n\u00e3o deleg\u00e1veis, s\u00e3o juntar o terreno e o celeste, apesar de todas as dificuldades internas ou externas que os acompanham&#8230; O centro unificador de todo o minist\u00e9rio sacerdotal consiste em testemunhar que Jesus Cristo est\u00e1 presente na Igreja para dar e realizar a salva\u00e7\u00e3o. O elemento espec\u00edfico do servi\u00e7o sacerdotal consiste no fato de, com a palavra e com a a\u00e7\u00e3o, tornar hoje presente o dom que Cristo faz de si ao Pai para a salva\u00e7\u00e3o do mundo\u201d (Augustin, George. <em>Colaboradores da vossa alegria: o minist\u00e9rio sacerdotal hoje<\/em>).<\/p>\n<p style=\"text-align: justify\">Como sacerdotes, precisamos sempre ter presente que \u00e9 atrav\u00e9s da ora\u00e7\u00e3o que fortalecemos a nossa comunh\u00e3o com o Senhor e revigoramos as nossas for\u00e7as para a miss\u00e3o junto ao povo de Deus. Devemos lembrar que \u201c\u00c9 a for\u00e7a de Deus que age em n\u00f3s\u201d: \u201cN\u00e3o que sejamos capazes de conceber alguma coisa como de n\u00f3s mesmos; \u00e9 de Deus que prov\u00e9m a nossa capacidade. \u00c9 Ele que nos torna aptos para sermos ministros de uma nova alian\u00e7a, n\u00e3o da letra, mas do Esp\u00edrito; porque a letra mata, enquanto o Esp\u00edrito d\u00e1 vida\u201d (2Cor 3,5-6).<\/p>\n<p style=\"text-align: justify\">Que Deus aben\u00e7oe com ternura e miseric\u00f3rdia os sacerdotes e di\u00e1conos, confirmando-os no testemunho de homens do amor caridade, da ora\u00e7\u00e3o e da a\u00e7\u00e3o no mundo e na Igreja comunidade de f\u00e9.<\/p>\n<p style=\"text-align: justify\">Tende todos um bom domingo.<\/p>\n","protected":false},"excerpt":{"rendered":"<p>Dom Jos\u00e9 Gislon Administrador Apost\u00f3lico da Diocese de Erexim Estimados Diocesanos! Estamos iniciando o m\u00eas vocacional. Ele \u00e9 sempre oportunidade para refletirmos sobre a nossa voca\u00e7\u00e3o \u201ca partir do chamado do cora\u00e7\u00e3o\u201d e da resposta que damos atrav\u00e9s de um compromisso de vida. Podemos sempre falar e motivar os nossos jovens para que saibam ouvir &hellip;<\/p>\n<p class=\"read-more\"> <a class=\"\" href=\"https:\/\/www.cnbb.org.br\/trabalhadores-do-reino\/\"> <span class=\"screen-reader-text\">Trabalhadores do Reino<\/span> Leia mais &raquo;<\/a><\/p>\n","protected":false},"author":20,"featured_media":0,"comment_status":"closed","ping_status":"open","sticky":false,"template":"","format":"standard","meta":{"site-sidebar-layout":"default","site-content-layout":"default","ast-global-header-display":"","ast-banner-title-visibility":"","ast-main-header-display":"","ast-hfb-above-header-display":"","ast-hfb-below-header-display":"","ast-hfb-mobile-header-display":"","site-post-title":"","ast-breadcrumbs-content":"","ast-featured-img":"","footer-sml-layout":"","theme-transparent-header-meta":"","adv-header-id-meta":"","stick-header-meta":"","header-above-stick-meta":"","header-main-stick-meta":"","header-below-stick-meta":""},"categories":[758],"tags":[],"acf":[],"_links":{"self":[{"href":"https:\/\/www.cnbb.org.br\/cnbb-app\/wp\/v2\/posts\/34844"}],"collection":[{"href":"https:\/\/www.cnbb.org.br\/cnbb-app\/wp\/v2\/posts"}],"about":[{"href":"https:\/\/www.cnbb.org.br\/cnbb-app\/wp\/v2\/types\/post"}],"author":[{"embeddable":true,"href":"https:\/\/www.cnbb.org.br\/cnbb-app\/wp\/v2\/users\/20"}],"replies":[{"embeddable":true,"href":"https:\/\/www.cnbb.org.br\/cnbb-app\/wp\/v2\/comments?post=34844"}],"version-history":[{"count":0,"href":"https:\/\/www.cnbb.org.br\/cnbb-app\/wp\/v2\/posts\/34844\/revisions"}],"wp:attachment":[{"href":"https:\/\/www.cnbb.org.br\/cnbb-app\/wp\/v2\/media?parent=34844"}],"wp:term":[{"taxonomy":"category","embeddable":true,"href":"https:\/\/www.cnbb.org.br\/cnbb-app\/wp\/v2\/categories?post=34844"},{"taxonomy":"post_tag","embeddable":true,"href":"https:\/\/www.cnbb.org.br\/cnbb-app\/wp\/v2\/tags?post=34844"}],"curies":[{"name":"wp","href":"https:\/\/api.w.org\/{rel}","templated":true}]}}