{"id":34847,"date":"2019-08-02T00:00:00","date_gmt":"2019-08-02T03:00:00","guid":{"rendered":"https:\/\/www.cnbb.org.br\/vocacao-e-discernimento-sao-palavras-chave-neste-mes-de-agosto\/"},"modified":"2020-03-11T20:38:24","modified_gmt":"2020-03-11T23:38:24","slug":"vocacao-e-discernimento-sao-palavras-chave-neste-mes-de-agosto","status":"publish","type":"post","link":"https:\/\/www.cnbb.org.br\/vocacao-e-discernimento-sao-palavras-chave-neste-mes-de-agosto\/","title":{"rendered":"Voca\u00e7\u00e3o e Discernimento s\u00e3o palavras-chave neste m\u00eas de agosto"},"content":{"rendered":"<p style=\"text-align: justify\">Dedicado especialmente \u00e0s voca\u00e7\u00f5es, o m\u00eas de agosto deste ano se reveste de uma aten\u00e7\u00e3o especial, isto porque a Igreja tamb\u00e9m se prepara para celebrar o 4\u00ba Congresso Vocacional do Brasil, que ser\u00e1 realizado nos dias 05 a 08 de setembro, em Aparecida (SP). Segundo a equipe organizadora do evento, a reflex\u00e3o e o estudo do tema \u201cVoca\u00e7\u00e3o e Discernimento\u201d deseja refletir sobre a necessidade da ora\u00e7\u00e3o em prol das voca\u00e7\u00f5es e acima de tudo expandir a tem\u00e1tica para todos os \u00e2mbitos eclesiais e sociais.<\/p>\n<p style=\"text-align: justify\">\u00c9 neste contexto que o padre Elias Silva, coordenador nacional da Pastoral Vocacional faz um convite a todos os religiosos, leigos e consagrados a rezarem juntos pelas voca\u00e7\u00f5es no Brasil. \u201cO m\u00eas de agosto \u00e9 dedicado especialmente \u00e0s voca\u00e7\u00f5es. Neste momento, claro, a Igreja para e convida a todas as comunidades, a todas as pessoas a rezarem pelas voca\u00e7\u00f5es\u201d, diz.<\/p>\n<p style=\"text-align: justify\">Confira, abaixo, a entrevista com o padre Elias na \u00edntegra:<\/p>\n<div class=\"ast-oembed-container\" style=\"height: 100%;\"><iframe loading=\"lazy\" title=\"Padre Elias Silva - M\u00eas Vocacional\" width=\"500\" height=\"281\" src=\"https:\/\/www.youtube.com\/embed\/GCPTITPhL5Q?feature=oembed\" frameborder=\"0\" allow=\"accelerometer; autoplay; clipboard-write; encrypted-media; gyroscope; picture-in-picture\" allowfullscreen><\/iframe><\/div>\n<p>&nbsp;<\/p>\n","protected":false},"excerpt":{"rendered":"<p>No m\u00eas vocacional, a reflex\u00e3o e o estudo do tema \u201cVoca\u00e7\u00e3o e Discernimento\u201d deseja refletir sobre a necessidade da ora\u00e7\u00e3o em prol das voca\u00e7\u00f5es e, acima de tudo, expandir a tem\u00e1tica para todos os \u00e2mbitos eclesiais e sociais. Portal da CNBB entrevista o coordenador da Pastoral Vocacional, padre Elias Silva<\/p>\n","protected":false},"author":83,"featured_media":0,"comment_status":"closed","ping_status":"open","sticky":false,"template":"","format":"standard","meta":{"site-sidebar-layout":"default","site-content-layout":"default","ast-global-header-display":"","ast-banner-title-visibility":"","ast-main-header-display":"","ast-hfb-above-header-display":"","ast-hfb-below-header-display":"","ast-hfb-mobile-header-display":"","site-post-title":"","ast-breadcrumbs-content":"","ast-featured-img":"","footer-sml-layout":"","theme-transparent-header-meta":"","adv-header-id-meta":"","stick-header-meta":"","header-above-stick-meta":"","header-main-stick-meta":"","header-below-stick-meta":""},"categories":[748,807],"tags":[],"acf":[],"_links":{"self":[{"href":"https:\/\/www.cnbb.org.br\/cnbb-app\/wp\/v2\/posts\/34847"}],"collection":[{"href":"https:\/\/www.cnbb.org.br\/cnbb-app\/wp\/v2\/posts"}],"about":[{"href":"https:\/\/www.cnbb.org.br\/cnbb-app\/wp\/v2\/types\/post"}],"author":[{"embeddable":true,"href":"https:\/\/www.cnbb.org.br\/cnbb-app\/wp\/v2\/users\/83"}],"replies":[{"embeddable":true,"href":"https:\/\/www.cnbb.org.br\/cnbb-app\/wp\/v2\/comments?post=34847"}],"version-history":[{"count":0,"href":"https:\/\/www.cnbb.org.br\/cnbb-app\/wp\/v2\/posts\/34847\/revisions"}],"wp:attachment":[{"href":"https:\/\/www.cnbb.org.br\/cnbb-app\/wp\/v2\/media?parent=34847"}],"wp:term":[{"taxonomy":"category","embeddable":true,"href":"https:\/\/www.cnbb.org.br\/cnbb-app\/wp\/v2\/categories?post=34847"},{"taxonomy":"post_tag","embeddable":true,"href":"https:\/\/www.cnbb.org.br\/cnbb-app\/wp\/v2\/tags?post=34847"}],"curies":[{"name":"wp","href":"https:\/\/api.w.org\/{rel}","templated":true}]}}