{"id":34851,"date":"2019-08-02T00:00:00","date_gmt":"2019-08-02T03:00:00","guid":{"rendered":"https:\/\/www.cnbb.org.br\/4-de-agosto-igreja-celebra-dia-internacional-de-oracao-pelos-cristaos-perseguidos\/"},"modified":"2019-08-02T00:00:00","modified_gmt":"2019-08-02T03:00:00","slug":"4-de-agosto-igreja-celebra-dia-internacional-de-oracao-pelos-cristaos-perseguidos","status":"publish","type":"post","link":"https:\/\/www.cnbb.org.br\/4-de-agosto-igreja-celebra-dia-internacional-de-oracao-pelos-cristaos-perseguidos\/","title":{"rendered":"4 de agosto: Igreja celebra Dia Internacional de Ora\u00e7\u00e3o pelos Crist\u00e3os Perseguidos"},"content":{"rendered":"<p style=\"text-align: justify\">Uma corrente mundial a favor dos crist\u00e3os que sofrem persegui\u00e7\u00e3o religiosa por professarem a f\u00e9 crist\u00e3. Esse \u00e9 o prop\u00f3sito do Dia Internacional de Ora\u00e7\u00e3o pelos Crist\u00e3os Perseguidos, celebrado neste domingo, dia 4 de agosto.<\/p>\n<p style=\"text-align: justify\">A iniciativa \u00e9 promovida pela Funda\u00e7\u00e3o Pontif\u00edcia ACN (Ajuda \u00e0 Igreja que Sofre), entidade com sede no Vaticano que apoia projetos da Igreja Cat\u00f3lica em mais de 140 pa\u00edses, e mais uma vez recebe o apoio da Confer\u00eancia Nacional dos Bispos do Brasil (CNBB) e ainda participa\u00e7\u00e3o de todas as par\u00f3quias do pa\u00eds.<\/p>\n<p style=\"text-align: justify\">Este ano, haver\u00e1 atos centrais, ou seja, celebra\u00e7\u00f5es especiais em nove capitais brasileiras: Aracaju; Belo Horizonte, Curitiba; Florian\u00f3polis; Macei\u00f3; Recife; Rio de Janeiro; Salvador e S\u00e3o Paulo. Nas celebra\u00e7\u00f5es, haver\u00e1 a presen\u00e7a de um porta-voz da ACN, que apresentar\u00e1 o apoio que a entidade recebe do Papa Francisco diante dos projetos de aux\u00edlio aos crist\u00e3os perseguidos no mundo. <strong><em>Veja a lista completa abaixo.<\/em><\/strong><\/p>\n<p style=\"text-align: justify\">O arcebispo de Belo Horizonte (MG) e presidente da CNBB, dom Walmor Oliveira de Azevedo preside Celebra\u00e7\u00e3o Eucar\u00edstica no domingo, \u00e0s 8h, no \u00a0Santu\u00e1rio Bas\u00edlica Nossa Senhora da Piedade. Trata-se de uma a\u00e7\u00e3o que refor\u00e7a a parceria da CNBB com a\u00a0Funda\u00e7\u00e3o Pontif\u00edcia ACN. Muitas par\u00f3quias e comunidades brasileiras tamb\u00e9m est\u00e3o preparando e vivenciar\u00e3o momentos celebrativos. O\u00a0prop\u00f3sito \u00e9 confortar, com as ora\u00e7\u00f5es , todos aqueles que sofrem persegui\u00e7\u00e3o religiosa por professarem a f\u00e9 crist\u00e3.<\/p>\n<p style=\"text-align: justify\">De acordo com a ACN, o ano de 2019 \u00e9 um dos mais sangrentos para os crist\u00e3os. No Domingo de P\u00e1scoa, o Santu\u00e1rio de Santo Ant\u00f4nio, no Sri Lanka (foto), foi alvo de um dos ataques que tiraram a vida de mais de 200 pessoas. Este ano, a celebra\u00e7\u00e3o\u00a0ganha ainda mais for\u00e7a ao redor do mundo em fun\u00e7\u00e3o da aprova\u00e7\u00e3o da Assembleia Geral da ONU, em 28 de maio de 2019, da resolu\u00e7\u00e3o que estabelece o dia 22 de agosto como o Dia Internacional em Homenagem \u00e0s V\u00edtimas de Atos de Viol\u00eancia Baseada na Religi\u00e3o ou Cren\u00e7a.<\/p>\n<p style=\"text-align: justify\">Ainda segundo a institui\u00e7\u00e3o, a ACN acolheu esta resolu\u00e7\u00e3o como um primeiro passo para chamar mais aten\u00e7\u00e3o para a persegui\u00e7\u00e3o religiosa,\u00a0 particularmente a da viol\u00eancia contra os crist\u00e3os &#8211; at\u00e9 hoje, o grupo de f\u00e9 que mais sofreu.<\/p>\n<p style=\"text-align: justify\"><strong>Hist\u00f3rico<\/strong><\/p>\n<figure id=\"attachment_223618\" aria-describedby=\"caption-attachment-223618\" style=\"width: 350px\" class=\"wp-caption alignright\"><a href=\"https:\/\/www.cnbb.org.br\/4-de-agosto-igreja-celebra-dia-internacional-de-oracao-pelos-cristaos-perseguidos\/mundo-siria-isis-cristaos-perseguidos\/\" rel=\"attachment wp-att-223618\"><img decoding=\"async\" loading=\"lazy\" class=\"wp-image-223618 \" src=\"https:\/\/www.cnbb.org.br\/wp-content\/uploads\/2020\/03\/mundo-siria-isis-crist\u00e3os-perseguidos-300x200.jpg\" alt=\"\" width=\"350\" height=\"234\" \/><\/a><figcaption id=\"caption-attachment-223618\" class=\"wp-caption-text\"><em>Mundo S\u00edria. Foto: internet<\/em><\/figcaption><\/figure>\n<p style=\"text-align: justify\">O Dia Internacional de Ora\u00e7\u00e3o pelos Crist\u00e3os Perseguidos no Mundo ocorre anualmente no dia 6 de agosto em refer\u00eancia \u00e0 mesma noite e madrugada de 7 de agosto de 2014, quando milhares de crist\u00e3os fugiram do norte do Iraque, expulsos pelos extremistas do grupo Estado Isl\u00e2mico.<\/p>\n<p style=\"text-align: justify\">\u201cCerca de 100 mil crist\u00e3os, aterrorizados e em p\u00e2nico, fugiram de suas casas sem nada, somente com as roupas do corpo, a p\u00e9, rumo \u00e0s cidades curdas. Entre eles havia doentes, idosos, crian\u00e7as e mulheres gr\u00e1vidas, precisando de \u00e1gua, comida, medicamentos e um lugar para ficar\u201d, declarou na ocasi\u00e3o o patriarca Louis Raphael Sako, chefe da Igreja Cat\u00f3lica Caldeia.<\/p>\n<p style=\"text-align: justify\">Assim que recebeu as primeiras informa\u00e7\u00f5es na manh\u00e3 do dia 7 de agosto, a ACN mobilizou os benfeitores e iniciou campanhas e projetos para socorrer materialmente e espiritualmente os perseguidos e refugiados. Desde ent\u00e3o a Funda\u00e7\u00e3o Pontif\u00edcia realiza um dos maiores projetos de ajuda da sua hist\u00f3ria, direcionando esfor\u00e7os para alimento, abrigo e educa\u00e7\u00e3o para os refugiados, a\u00e7\u00e3o que j\u00e1 resulta em mais de 2 mil projetos no Oriente M\u00e9dio desde o in\u00edcio da crise.<\/p>\n<p style=\"text-align: justify\"><strong>Ora\u00e7\u00e3o<\/strong><\/p>\n<p style=\"text-align: justify\">Senhor Jesus Cristo, V\u00f3s nos ensinastes a rezar ao Pai em vosso nome e nos assegurastes que tudo o que ped\u00edssemos n\u00f3s receber\u00edamos. Por isso, nos dirigimos a V\u00f3s com total confian\u00e7a, pedindo-lhe a gra\u00e7a e a for\u00e7a de perseverar nesta tempestade, para alcan\u00e7ar a paz e a seguran\u00e7a, antes que seja tarde demais.<\/p>\n<p style=\"text-align: justify\">Esta \u00e9 a nossa ora\u00e7\u00e3o e, embora pare\u00e7a imposs\u00edvel para n\u00f3s, confiamos a V\u00f3s a nossa sobreviv\u00eancia e nosso futuro.<\/p>\n<p style=\"text-align: justify\">Ajude-nos, Pai, Em nome de seu Filho crucificado e ressuscitado, Jesus, para continuarmos a trabalhar juntos; para sermos livres, respons\u00e1veis e amorosos; para encontrarmos a vossa vontade e faz\u00ea-la com alegria, zelo e coragem.<\/p>\n<p style=\"text-align: justify\">Em Can\u00e1, a M\u00e3e de Jesus foi a primeira a notar que n\u00e3o havia vinho. Pela intercess\u00e3o de Maria, pedimos-lhe, Pai, para mudar a nossa situa\u00e7\u00e3o \u2013 como vosso Filho transformou a \u00e1gua em vinho \u2013 da morte para a vida.<\/p>\n<p style=\"text-align: justify\">Am\u00e9m.<br \/>\nPatriarca Caldeu Louis Raphael Sako<\/p>\n<p style=\"text-align: justify\"><strong>Celebra\u00e7\u00f5es centrais:<\/strong><\/p>\n<p><strong>4 de agosto<\/strong><\/p>\n<p>BELO HORIZONTE<br \/>\nHor\u00e1rio: \u00c0s 8h<br \/>\nLocal: Santu\u00e1rio Bas\u00edlica Nossa Senhora da Piedade<br \/>\nCelebrante: Dom Walmor Oliveira de Azevedo<\/p>\n<p>CURITIBA<br \/>\nHor\u00e1rio: \u00c0s 11h<br \/>\nLocal: Santu\u00e1rio Nossa Senhora de Guadalupe (Pra\u00e7a Senador Correia, 128 \u2013 Centro)<br \/>\nCelebrante: Padre Reginaldo Manzotti<\/p>\n<p style=\"text-align: justify\">FLORIAN\u00d3POLIS<br \/>\nHor\u00e1rio: \u00c0s 19h30<br \/>\nLocal: Par\u00f3quia Nossa Senhora do Carmo (R. Prof. Bayer Filho, 49 \u2013 Coqueiros)<br \/>\nCelebrante: Dom Wilson Tadeu J\u00f6nck<\/p>\n<p style=\"text-align: justify\">GOIANA (PE)<br \/>\nHor\u00e1rio: \u00c0s 10h<br \/>\nLocal: Convento de Santo Alberto (Pra\u00e7a Frei Caneca, s\/n \u2013 Goiana)<br \/>\nCelebrante: Dom Francisco de Assis Dantas de Lucena<\/p>\n<p style=\"text-align: justify\">RIO DE JANEIRO<br \/>\nHor\u00e1rio: \u00c0s 10h<br \/>\nLocal: Catedral S\u00e3o Sebasti\u00e3o do Rio de Janeiro (Av. Chile, 245 \u2013 Centro)<br \/>\nCelebrante: Padre Claudio dos Santos<\/p>\n<p style=\"text-align: justify\">S\u00c3O PAULO<br \/>\nHor\u00e1rio: \u00c0s 11h<br \/>\nLocal: Catedral Metropolitana de S\u00e3o Paulo (Pra\u00e7a da S\u00e9 s\/n)<br \/>\nCelebrante: Dom Odilo Pedro Scherer<\/p>\n<p><strong>Outras datas:<\/strong><\/p>\n<p><span style=\"text-align: justify\">OLINDA\/RECIFE<br \/>\n<\/span>Data: dia 5 de agosto, \u00c0s 19h<br \/>\nLocal: Catedral de Olinda e Recife (Alto da S\u00e9, s\/n \u2013 bairro do Carmo)<br \/>\nCelebrante: Monsenhor Lino Duarte<\/p>\n<p style=\"text-align: justify\">S\u00c3O SALVADOR<br \/>\nData: dia 6 de agosto, \u00e0s 17h<br \/>\nLocal: Capela Sagrada Fam\u00edlia (Dorot\u00e9ias) (Av. Leovigildo Filgueiras, 270 \u2013 Garcia)<br \/>\nCelebrante: Dom Marco Eug\u00eanio Galr\u00e3o Leite de Almeida<\/p>\n<p style=\"text-align: justify\">MACEI\u00d3<br \/>\nData: dia 17 de agosto, \u00e0s 19h<br \/>\nLocal: Catedral da Macei\u00f3 (Pra\u00e7a Dom Pedro II, s\/n \u2013 Centro)<br \/>\nCelebrante: Dom Ant\u00f4nio Muniz Fernandes<\/p>\n<p style=\"text-align: justify\">ARACAJU<br \/>\nData: dia 18 de agosto, \u00e0s 19h<br \/>\nLocal: Par\u00f3quia Nossa Senhora do Carmo e Santa Teresinha (R. Porto da Folha, 1755 \u2013 Su\u00edssa)<br \/>\nCelebrante: Frei Rogerio Lima O. Carm.<\/p>\n<div class=\"ast-oembed-container\" style=\"height: 100%;\"><iframe loading=\"lazy\" title=\"Dia Internacional de Ora\u00e7\u00e3o pelos Crist\u00e3os Perseguidos\" width=\"500\" height=\"281\" src=\"https:\/\/www.youtube.com\/embed\/QQHHJ9F9zXY?feature=oembed\" frameborder=\"0\" allow=\"accelerometer; autoplay; clipboard-write; encrypted-media; gyroscope; picture-in-picture\" allowfullscreen><\/iframe><\/div>\n<h5><strong><em>Mais informa\u00e7\u00f5es aqui no portal da ACN: <a href=\"https:\/\/www.acn.org.br\" target=\"_blank\" rel=\"noopener\">www.acn.org.br<\/a><\/em><\/strong><\/h5>\n","protected":false},"excerpt":{"rendered":"<p>O presidente da CNBB, dom Walmor preside Celebra\u00e7\u00e3o Eucar\u00edstica no domingo, \u00e0s 8h, no Santu\u00e1rio Bas\u00edlica Nossa Senhora da Piedade<\/p>\n","protected":false},"author":83,"featured_media":34852,"comment_status":"closed","ping_status":"open","sticky":false,"template":"","format":"standard","meta":{"site-sidebar-layout":"default","site-content-layout":"default","ast-global-header-display":"","ast-banner-title-visibility":"","ast-main-header-display":"","ast-hfb-above-header-display":"","ast-hfb-below-header-display":"","ast-hfb-mobile-header-display":"","site-post-title":"","ast-breadcrumbs-content":"","ast-featured-img":"","footer-sml-layout":"","theme-transparent-header-meta":"","adv-header-id-meta":"","stick-header-meta":"","header-above-stick-meta":"","header-main-stick-meta":"","header-below-stick-meta":""},"categories":[841],"tags":[],"acf":[],"_links":{"self":[{"href":"https:\/\/www.cnbb.org.br\/cnbb-app\/wp\/v2\/posts\/34851"}],"collection":[{"href":"https:\/\/www.cnbb.org.br\/cnbb-app\/wp\/v2\/posts"}],"about":[{"href":"https:\/\/www.cnbb.org.br\/cnbb-app\/wp\/v2\/types\/post"}],"author":[{"embeddable":true,"href":"https:\/\/www.cnbb.org.br\/cnbb-app\/wp\/v2\/users\/83"}],"replies":[{"embeddable":true,"href":"https:\/\/www.cnbb.org.br\/cnbb-app\/wp\/v2\/comments?post=34851"}],"version-history":[{"count":0,"href":"https:\/\/www.cnbb.org.br\/cnbb-app\/wp\/v2\/posts\/34851\/revisions"}],"wp:featuredmedia":[{"embeddable":true,"href":"https:\/\/www.cnbb.org.br\/cnbb-app\/wp\/v2\/media\/34852"}],"wp:attachment":[{"href":"https:\/\/www.cnbb.org.br\/cnbb-app\/wp\/v2\/media?parent=34851"}],"wp:term":[{"taxonomy":"category","embeddable":true,"href":"https:\/\/www.cnbb.org.br\/cnbb-app\/wp\/v2\/categories?post=34851"},{"taxonomy":"post_tag","embeddable":true,"href":"https:\/\/www.cnbb.org.br\/cnbb-app\/wp\/v2\/tags?post=34851"}],"curies":[{"name":"wp","href":"https:\/\/api.w.org\/{rel}","templated":true}]}}