{"id":34861,"date":"2019-08-02T00:00:00","date_gmt":"2019-08-02T03:00:00","guid":{"rendered":"https:\/\/www.cnbb.org.br\/padres\/"},"modified":"2019-08-02T00:00:00","modified_gmt":"2019-08-02T03:00:00","slug":"padres","status":"publish","type":"post","link":"https:\/\/www.cnbb.org.br\/padres\/","title":{"rendered":"Padres"},"content":{"rendered":"<p style=\"text-align: right\"><strong>Dom Rodolfo Lu\u00eds Weber<\/strong><br \/>\n<strong>Arcebispo de Passo Fundo<\/strong><\/p>\n<p>&nbsp;<\/p>\n<p style=\"text-align: justify\">No dia 04 de agosto \u00e9 celebrado o \u201cDia do Padre\u201d, tendo como refer\u00eancia a celebra\u00e7\u00e3o de S\u00e3o Jo\u00e3o Maria Vianney, canonizado pelo Papa Pio XI em 1925. Ele nasceu em 1786 e foi ordenado padre em 1815 e partir de 1819 at\u00e9 a sua morte em 1859, foi p\u00e1roco na aldeia de Ars, na Fran\u00e7a. No seu tempo e no seu contexto exerceu o minist\u00e9rio presbiteral com incans\u00e1vel dedica\u00e7\u00e3o gerando profundas mudan\u00e7as na vida espiritual, eclesial, nos costumes e no atendimento aos pobres na aldeia de Ars. Sua fama se espalhou pelo mundo e os peregrinos iam l\u00e1 para ouvi-lo, confessar-se e v\u00ea-lo.<\/p>\n<p style=\"text-align: justify\">\u00a0Em 1929 o padre S\u00e3o Jo\u00e3o Maria Vianney foi proclamado patrono dos p\u00e1rocos e atrav\u00e9s dele quero homenagear todos os padres de nossas par\u00f3quias da atualidade. Convido a comunidade cat\u00f3lica, especialmente neste domingo, a manifestar o seu carinho pelo padre. Eles est\u00e3o presentes nas grandes cidades e nas pequenas. Realizam a sua miss\u00e3o de m\u00faltiplas maneiras, algumas delas tem maior visibilidade como a presid\u00eancia dos sacramentos; mas a maioria das a\u00e7\u00f5es s\u00e3o silenciosas e quase invis\u00edveis. Visitam e confortam, com a Palavra de Deus e os sacramentos, os doentes. Acolhem, ouvem e orientam indiv\u00edduos e fam\u00edlias; ouvem confiss\u00f5es e administram a gra\u00e7a do sacramento do perd\u00e3o. Dedicam horas para confortar fam\u00edlias enlutadas anunciando-lhes a esperan\u00e7a da ressurrei\u00e7\u00e3o.<\/p>\n<p style=\"text-align: justify\">Normalmente vemos aquilo que o padre faz, por\u00e9m n\u00e3o podemos esquecer o que vem antes, o que o sustenta e o sentido das atividades. A Igreja Cat\u00f3lica acredita que o padre \u00e9 uma pessoa vocacionada. A voca\u00e7\u00e3o se identifica com a pr\u00f3pria realidade da pessoa: a constitui e a define. Podemos dizer que \u00e9 o resultado de chamado e de resposta. \u00c9 Deus que chama e s\u00f3 Ele pode entrar na vida do ser humano com sua voz imperiosa; s\u00f3 Ele pode propor a algu\u00e9m um destino que toca toda sua vida.<\/p>\n<p style=\"text-align: justify\">A escolha vocacional n\u00e3o se situa entre uma mais f\u00e1cil e outra mais dif\u00edcil. Uma op\u00e7\u00e3o \u00e9 positiva quando a escolha do caminho foi feita livremente. A escolha o conduziu a um modo de viver, ao exerc\u00edcio de determinadas atividades. Os padres acolheram o chamado de Deus para serem e viverem deste modo com suas virtudes, qualidades, limita\u00e7\u00f5es e fraquezas. Para fazer a escolha abriram m\u00e3o de outras op\u00e7\u00f5es para seguirem com liberdade e plena consci\u00eancia os passos do mestre Jesus Cristo e partilhar da Sua vida. \u00c9 um ato de f\u00e9 e de comunh\u00e3o com o projeto de Jesus Cristo, denominado de Reino de Deus.<\/p>\n<p style=\"text-align: justify\">O seguimento gera responsabilidades para o padre que s\u00e3o sintetizadas em tr\u00eas grandes \u00e1reas. A primeira e a fundamental \u00e9 anunciar o Evangelho, despertando a f\u00e9 e o seguimento de Jesus Cristo e a forma\u00e7\u00e3o da Igreja. A segunda \u00e9 santificar o Povo de Deus. O padre \u00e9 um homem ligado ao sagrado. Munido pelo poder recebido no sacramento da Ordem, ele torna-se ministro e servidor das coisas que se referem a Deus para o bem das pessoas. E a terceira miss\u00e3o do padre \u00e9 conduzir e orientar a comunidade eclesial. Agregar as pessoas, fortalecendo-as e animando-as na viv\u00eancia crist\u00e3. A realiza\u00e7\u00e3o vocacional do padre ocorre na abertura para os outros, no exerc\u00edcio daquilo que lhe \u00e9 pr\u00f3prio.<\/p>\n<p style=\"text-align: justify\">Ser padre \u00e9 uma constru\u00e7\u00e3o cotidiana que \u00e9 feita na intimidade com Deus, na comunh\u00e3o com a Igreja e no zeloso exerc\u00edcio ministerial. O padre passa a vida inteira, cotidianamente, respondendo ao chamado e reafirmando a escolha radical feita num momento de sua vida.<\/p>\n<p style=\"text-align: justify\">Parab\u00e9ns a todos os padres e que Deus os aben\u00e7oe!<\/p>\n<p>&nbsp;<\/p>\n<p>&nbsp;<\/p>\n<p>&nbsp;<\/p>\n","protected":false},"excerpt":{"rendered":"<p>Dom Rodolfo Lu\u00eds Weber Arcebispo de Passo Fundo &nbsp; No dia 04 de agosto \u00e9 celebrado o \u201cDia do Padre\u201d, tendo como refer\u00eancia a celebra\u00e7\u00e3o de S\u00e3o Jo\u00e3o Maria Vianney, canonizado pelo Papa Pio XI em 1925. Ele nasceu em 1786 e foi ordenado padre em 1815 e partir de 1819 at\u00e9 a sua morte &hellip;<\/p>\n<p class=\"read-more\"> <a class=\"\" href=\"https:\/\/www.cnbb.org.br\/padres\/\"> <span class=\"screen-reader-text\">Padres<\/span> Leia mais &raquo;<\/a><\/p>\n","protected":false},"author":27,"featured_media":0,"comment_status":"closed","ping_status":"open","sticky":false,"template":"","format":"standard","meta":{"site-sidebar-layout":"default","site-content-layout":"default","ast-global-header-display":"","ast-banner-title-visibility":"","ast-main-header-display":"","ast-hfb-above-header-display":"","ast-hfb-below-header-display":"","ast-hfb-mobile-header-display":"","site-post-title":"","ast-breadcrumbs-content":"","ast-featured-img":"","footer-sml-layout":"","theme-transparent-header-meta":"","adv-header-id-meta":"","stick-header-meta":"","header-above-stick-meta":"","header-main-stick-meta":"","header-below-stick-meta":""},"categories":[758],"tags":[],"acf":[],"_links":{"self":[{"href":"https:\/\/www.cnbb.org.br\/cnbb-app\/wp\/v2\/posts\/34861"}],"collection":[{"href":"https:\/\/www.cnbb.org.br\/cnbb-app\/wp\/v2\/posts"}],"about":[{"href":"https:\/\/www.cnbb.org.br\/cnbb-app\/wp\/v2\/types\/post"}],"author":[{"embeddable":true,"href":"https:\/\/www.cnbb.org.br\/cnbb-app\/wp\/v2\/users\/27"}],"replies":[{"embeddable":true,"href":"https:\/\/www.cnbb.org.br\/cnbb-app\/wp\/v2\/comments?post=34861"}],"version-history":[{"count":0,"href":"https:\/\/www.cnbb.org.br\/cnbb-app\/wp\/v2\/posts\/34861\/revisions"}],"wp:attachment":[{"href":"https:\/\/www.cnbb.org.br\/cnbb-app\/wp\/v2\/media?parent=34861"}],"wp:term":[{"taxonomy":"category","embeddable":true,"href":"https:\/\/www.cnbb.org.br\/cnbb-app\/wp\/v2\/categories?post=34861"},{"taxonomy":"post_tag","embeddable":true,"href":"https:\/\/www.cnbb.org.br\/cnbb-app\/wp\/v2\/tags?post=34861"}],"curies":[{"name":"wp","href":"https:\/\/api.w.org\/{rel}","templated":true}]}}