{"id":34919,"date":"2019-08-08T00:00:00","date_gmt":"2019-08-08T03:00:00","guid":{"rendered":"https:\/\/www.cnbb.org.br\/comissao-regional-de-justica-e-paz-do-mato-grosso-do-sul-repudia-acao-contra-povo-kinikinau\/"},"modified":"2019-08-08T00:00:00","modified_gmt":"2019-08-08T03:00:00","slug":"comissao-regional-de-justica-e-paz-do-mato-grosso-do-sul-repudia-acao-contra-povo-kinikinau","status":"publish","type":"post","link":"https:\/\/www.cnbb.org.br\/comissao-regional-de-justica-e-paz-do-mato-grosso-do-sul-repudia-acao-contra-povo-kinikinau\/","title":{"rendered":"Comiss\u00e3o de Justi\u00e7a e Paz do Mato Grosso do Sul repudia a\u00e7\u00e3o contra povo Kinikinau"},"content":{"rendered":"<p style=\"text-align: justify\">A Comiss\u00e3o Regional de Justi\u00e7a e Paz de Mato Grosso do Sul \u2013 CRJP\/MS e demais entidades, movimentos sociais, organismos e pastorais do regional Oeste 1 estiveram reunidos no dia 03 de agosto de 2019, na sede do regional Oeste 1, para o Semin\u00e1rio Regional \u201cPol\u00edticas P\u00fablicas e o Grito dos Exclu\u00eddos\u201d. Na ocasi\u00e3o, os membros das Comiss\u00e3o receberam durante o encontro ind\u00edgenas que vieram para expressar seu grito de socorro e denunciar os fatos ocorridos no dia 01 de agosto de 2019 no munic\u00edpio de Aquidauana\/MS, quando tentavam a retomada de suas terras tradicionais reconhecidas conforme estudos antropol\u00f3gicos.<\/p>\n<p style=\"text-align: justify\">O povo Kinikinau foi surpreendido por uma a\u00e7\u00e3o de despejo for\u00e7ado, ao arrepio das normas legais em vigor com um aparato e uso de for\u00e7a desproporcional por parte do Estado, sem nenhum tipo de assist\u00eancia, suporte e di\u00e1logo. Nesse sentido as pastorais sociais, movimentos e organismos do regional Oeste 1 se solidarizam com a causa ind\u00edgena, em especial com o povo Kinikinau, em raz\u00e3o da viol\u00eancia sofrida neste acontecimento.<\/p>\n<p style=\"text-align: justify\"><a href=\"https:\/\/cnbboeste1.org.br\/carta-aberta-de-solidariedade-ao-povo-kinikinau\/\" target=\"_blank\" rel=\"noopener\">Confira a not\u00edcia na \u00edntegra.<\/a><\/p>\n","protected":false},"excerpt":{"rendered":"<p>Comiss\u00e3o Regional de Justi\u00e7a e Paz do Mato Grosso do Sul recebe grupo de ind\u00edgenas que foi surpreendido por a\u00e7\u00e3o de despejo for\u00e7ado<\/p>\n","protected":false},"author":83,"featured_media":34920,"comment_status":"closed","ping_status":"open","sticky":false,"template":"","format":"standard","meta":{"site-sidebar-layout":"default","site-content-layout":"default","ast-global-header-display":"","ast-banner-title-visibility":"","ast-main-header-display":"","ast-hfb-above-header-display":"","ast-hfb-below-header-display":"","ast-hfb-mobile-header-display":"","site-post-title":"","ast-breadcrumbs-content":"","ast-featured-img":"","footer-sml-layout":"","theme-transparent-header-meta":"","adv-header-id-meta":"","stick-header-meta":"","header-above-stick-meta":"","header-main-stick-meta":"","header-below-stick-meta":""},"categories":[788,769],"tags":[],"acf":[],"_links":{"self":[{"href":"https:\/\/www.cnbb.org.br\/cnbb-app\/wp\/v2\/posts\/34919"}],"collection":[{"href":"https:\/\/www.cnbb.org.br\/cnbb-app\/wp\/v2\/posts"}],"about":[{"href":"https:\/\/www.cnbb.org.br\/cnbb-app\/wp\/v2\/types\/post"}],"author":[{"embeddable":true,"href":"https:\/\/www.cnbb.org.br\/cnbb-app\/wp\/v2\/users\/83"}],"replies":[{"embeddable":true,"href":"https:\/\/www.cnbb.org.br\/cnbb-app\/wp\/v2\/comments?post=34919"}],"version-history":[{"count":0,"href":"https:\/\/www.cnbb.org.br\/cnbb-app\/wp\/v2\/posts\/34919\/revisions"}],"wp:featuredmedia":[{"embeddable":true,"href":"https:\/\/www.cnbb.org.br\/cnbb-app\/wp\/v2\/media\/34920"}],"wp:attachment":[{"href":"https:\/\/www.cnbb.org.br\/cnbb-app\/wp\/v2\/media?parent=34919"}],"wp:term":[{"taxonomy":"category","embeddable":true,"href":"https:\/\/www.cnbb.org.br\/cnbb-app\/wp\/v2\/categories?post=34919"},{"taxonomy":"post_tag","embeddable":true,"href":"https:\/\/www.cnbb.org.br\/cnbb-app\/wp\/v2\/tags?post=34919"}],"curies":[{"name":"wp","href":"https:\/\/api.w.org\/{rel}","templated":true}]}}