{"id":34923,"date":"2019-08-08T00:00:00","date_gmt":"2019-08-08T03:00:00","guid":{"rendered":"https:\/\/www.cnbb.org.br\/afinal-o-que-e-vocacao\/"},"modified":"2019-08-08T00:00:00","modified_gmt":"2019-08-08T03:00:00","slug":"afinal-o-que-e-vocacao","status":"publish","type":"post","link":"https:\/\/www.cnbb.org.br\/afinal-o-que-e-vocacao\/","title":{"rendered":"Afinal, o que \u00e9 voca\u00e7\u00e3o?"},"content":{"rendered":"<p style=\"text-align: right\"><strong>Dom Jaime Spengler<\/strong><br \/>\n<strong>Arcebispo de Porto Alegre<\/strong><\/p>\n<p>&nbsp;<\/p>\n<p style=\"text-align: justify\">A voca\u00e7\u00e3o \u00e9 um fato muito pessoal. \u00c9 a disposi\u00e7\u00e3o natural e espont\u00e2nea que orienta a pessoa no sentido de escolher uma espec\u00edfica forma de vida. Para quem a vive, sobretudo quando madura gradualmente atrav\u00e9s de variadas experi\u00eancias, ela se torna algo integrante e integrador da pessoa.<\/p>\n<p style=\"text-align: justify\">Com dificuldade, identificamos os elementos constitutivos de nosso ser. A voca\u00e7\u00e3o, sendo express\u00e3o de um trabalho de discernimento sobre aquilo que somos e por que o somos, entra no \u00e2mbito do mist\u00e9rio da exist\u00eancia humana. Por isso, nos encontramos numa esp\u00e9cie de desconforto quando precisamos definir o que seja voca\u00e7\u00e3o.<\/p>\n<p style=\"text-align: justify\">A voca\u00e7\u00e3o possui muitos fatores espont\u00e2neos e pessoais dif\u00edceis de ser justificados: s\u00e3o elementos que formam e constituem a identidade da pessoa.\u00a0N\u00f3s experimentamos isso\u00a0quando somos desafiados a, em caso de d\u00favida, definir se uma pessoa possui essa ou aquela voca\u00e7\u00e3o. N\u00e3o \u00e9 f\u00e1cil responder a essa quest\u00e3o.<\/p>\n<p style=\"text-align: justify\">Mesmo pessoas com grande experi\u00eancia nesse campo encontram dificuldades para exprimir um ju\u00edzo. Toca-se uma dimens\u00e3o da exist\u00eancia humana onde somos confrontados com coisas que n\u00e3o se veem e n\u00e3o se podem facilmente enumerar e contar. S\u00e3o situa\u00e7\u00f5es nas quais n\u00f3s mesmos somos colocados em quest\u00e3o. O &#8220;fundo&#8221; da pessoa \u00e9 aquilo que se \u00e9, \u00e9 a identidade, e a voca\u00e7\u00e3o pertence a esta realidade pessoal. Quando se fala disso, quando se procura construir um discurso linear sobre o que seja voca\u00e7\u00e3o, corre-se o risco de depreciar e de banalizar o que est\u00e1 em jogo.<\/p>\n<p style=\"text-align: justify\">A\u00a0voca\u00e7\u00e3o\u00a0\u00e9 um mist\u00e9rio que vai se revelando paulatinamente, \u00e0 medida que vamos descobrindo quem somos e a finalidade da nossa exist\u00eancia.\u00a0As voca\u00e7\u00f5es, de algum modo, s\u00e3o todas distintas; cada indiv\u00edduo expressa uma singularidade. Quando se pensa poder tratar todas as hist\u00f3rias da mesma forma, corre-se o risco de generalizar experi\u00eancias personal\u00edssimas e singular\u00edssimas. Corre-se o risco de cair em certos esquemas, impedindo o verdadeiro conhecimento do singular e concreto, dessa e daquela experi\u00eancia, desta ou daquela pessoa.<\/p>\n<p style=\"text-align: justify\">\n","protected":false},"excerpt":{"rendered":"<p>Dom Jaime Spengler Arcebispo de Porto Alegre &nbsp; A voca\u00e7\u00e3o \u00e9 um fato muito pessoal. \u00c9 a disposi\u00e7\u00e3o natural e espont\u00e2nea que orienta a pessoa no sentido de escolher uma espec\u00edfica forma de vida. Para quem a vive, sobretudo quando madura gradualmente atrav\u00e9s de variadas experi\u00eancias, ela se torna algo integrante e integrador da pessoa. &hellip;<\/p>\n<p class=\"read-more\"> <a class=\"\" href=\"https:\/\/www.cnbb.org.br\/afinal-o-que-e-vocacao\/\"> <span class=\"screen-reader-text\">Afinal, o que \u00e9 voca\u00e7\u00e3o?<\/span> Leia mais &raquo;<\/a><\/p>\n","protected":false},"author":11,"featured_media":0,"comment_status":"closed","ping_status":"open","sticky":false,"template":"","format":"standard","meta":{"site-sidebar-layout":"default","site-content-layout":"default","ast-global-header-display":"","ast-banner-title-visibility":"","ast-main-header-display":"","ast-hfb-above-header-display":"","ast-hfb-below-header-display":"","ast-hfb-mobile-header-display":"","site-post-title":"","ast-breadcrumbs-content":"","ast-featured-img":"","footer-sml-layout":"","theme-transparent-header-meta":"","adv-header-id-meta":"","stick-header-meta":"","header-above-stick-meta":"","header-main-stick-meta":"","header-below-stick-meta":""},"categories":[758],"tags":[],"acf":[],"_links":{"self":[{"href":"https:\/\/www.cnbb.org.br\/cnbb-app\/wp\/v2\/posts\/34923"}],"collection":[{"href":"https:\/\/www.cnbb.org.br\/cnbb-app\/wp\/v2\/posts"}],"about":[{"href":"https:\/\/www.cnbb.org.br\/cnbb-app\/wp\/v2\/types\/post"}],"author":[{"embeddable":true,"href":"https:\/\/www.cnbb.org.br\/cnbb-app\/wp\/v2\/users\/11"}],"replies":[{"embeddable":true,"href":"https:\/\/www.cnbb.org.br\/cnbb-app\/wp\/v2\/comments?post=34923"}],"version-history":[{"count":0,"href":"https:\/\/www.cnbb.org.br\/cnbb-app\/wp\/v2\/posts\/34923\/revisions"}],"wp:attachment":[{"href":"https:\/\/www.cnbb.org.br\/cnbb-app\/wp\/v2\/media?parent=34923"}],"wp:term":[{"taxonomy":"category","embeddable":true,"href":"https:\/\/www.cnbb.org.br\/cnbb-app\/wp\/v2\/categories?post=34923"},{"taxonomy":"post_tag","embeddable":true,"href":"https:\/\/www.cnbb.org.br\/cnbb-app\/wp\/v2\/tags?post=34923"}],"curies":[{"name":"wp","href":"https:\/\/api.w.org\/{rel}","templated":true}]}}