{"id":34924,"date":"2019-08-08T00:00:00","date_gmt":"2019-08-08T03:00:00","guid":{"rendered":"https:\/\/www.cnbb.org.br\/dia-dos-pais\/"},"modified":"2019-08-08T00:00:00","modified_gmt":"2019-08-08T03:00:00","slug":"dia-dos-pais","status":"publish","type":"post","link":"https:\/\/www.cnbb.org.br\/dia-dos-pais\/","title":{"rendered":"Dia dos Pais"},"content":{"rendered":"<p style=\"text-align: right\"><strong>Dom Manoel Jo\u00e3o Francisco<br \/>\nArcebispo de Porto Alegre<\/strong><\/p>\n<p>&nbsp;<\/p>\n<p style=\"text-align: justify\">No contexto do m\u00eas vocacional, no pr\u00f3ximo domingo, dia 11 de agosto, estaremos celebrando o Dia dos Pais e a voca\u00e7\u00e3o \u00e0 paternidade.<\/p>\n<p style=\"text-align: justify\">Conforme a carta do Ap\u00f3stolo Paulo aos ef\u00e9sios, toda paternidade sobre a terra tem seu in\u00edcio em Deus e nele encontra seu modelo. \u201cPor esta raz\u00e3o, dobro os joelhos diante do Pai, de quem recebe o nome toda a paternidade no c\u00e9u e na terra\u201d (Ef 3,14-15). A voca\u00e7\u00e3o e miss\u00e3o dos pais, portanto, \u00e9 um dom divino, sublime e cheio de dignidade.<br \/>\nContudo, este ideal de paternidade est\u00e1 amea\u00e7ado por muitos fatores. As diferentes configura\u00e7\u00f5es familiares delineadas nos tempos atuais, sem d\u00favida, trazem \u00e0 voca\u00e7\u00e3o e miss\u00e3o dos pais grandes desafios, mais especificamente em rela\u00e7\u00e3o \u00e0 sua presen\u00e7a no ambiente familiar. Uma pesquisa realizada em 2005, depois de investigar milhares de certid\u00f5es em cart\u00f3rios de registro civil, e ter consultado dados do IBGE, concluiu que, anualmente, cerca de 800 mil crian\u00e7as s\u00e3o registradas sem filia\u00e7\u00e3o paterna.<\/p>\n<p style=\"text-align: justify\">Segundo psic\u00f3logos e pedagogos a aus\u00eancia ou abandono paterno \u00e9 extremamente prejudicial \u00e0 vida dos filhos, especialmente quando ainda s\u00e3o crian\u00e7as e adolescentes. De acordo com estes mesmos especialistas, a aus\u00eancia paterna tem potencial para gerar conflitos no desenvolvimento psicol\u00f3gico e cognitivo dos filhos. Eles podem levar, para a sua vida adulta, v\u00e1rios transtornos. A pediatra Melissa Wake, da Austr\u00e1lia, realizou uma pesquisa com quase 5 mil crian\u00e7as entre 4 e 5 anos. Ela descobriu que a incid\u00eancia de sobrepeso e obesidade na garotada em idade pr\u00e9-escolar tem rela\u00e7\u00e3o direta com a neglig\u00eancia dos pais. Na busca de solu\u00e7\u00e3o, a psic\u00f3loga Ala ide Degani De Cantone d\u00e1 algumas dicas: \u201cParticipe dos momentos importantes, felizes ou n\u00e3o, procure compreender a crian\u00e7a nos seus momentos mais adversos, orientando-a e propondo alternativas para a vida. Nem sempre \u00e9 f\u00e1cil, mas vale muito a pena\u201d, conclui a especialista.<\/p>\n<p style=\"text-align: justify\">Na d\u00e9cada de 90, esta realidade j\u00e1 preocupava os legisladores brasileiros que, em 1992, publicaram a Lei n\u00b0 8.560\/92 que tinha por objetivo \u201cdar pai a quem n\u00e3o tem\u201d. De acordo com tal lei, todos os registros de nascimento, que n\u00e3o contivessem o nome paterno, deveriam ser comunicados ao Minist\u00e9rio P\u00fablico para que o Estado iniciasse a busca por esta paternidade. Contudo, parece que a preocupa\u00e7\u00e3o dos legisladores foi totalmente ignorada. N\u00e3o tenho conhecimento que esta lei tenha sido posta em pr\u00e1tica.<\/p>\n<p style=\"text-align: justify\">A Igreja sempre teve em grande conta a voca\u00e7\u00e3o \u00e0 paternidade, destacando sobremaneira a miss\u00e3o dos pais, porque eles s\u00e3o, para as novas gera\u00e7\u00f5es, cust\u00f3dios e mediadores insubstitu\u00edveis da f\u00e9 na bondade, na justi\u00e7a e na prote\u00e7\u00e3o de Deus.<\/p>\n<p style=\"text-align: justify\">Em novembro de 1986, na Austr\u00e1lia, o Papa, S\u00e3o Jo\u00e3o Paulo II, dirigindo-se aos pais, assim lhes falou: \u201c\u00c9 um privil\u00e9gio estupendo, uma miss\u00e3o maravilhosa que recebestes de Deus\u201d. Na mesma homilia, voltando-se para os filhos, exortou-os: \u201cE a voc\u00eas crian\u00e7as e jovens, presentes aqui em n\u00famero t\u00e3o consider\u00e1vel, que posso dizer? Amem seus pais, rezem por eles, cada dia, d\u00eaem gra\u00e7as a Deus por eles\u201d.<\/p>\n<p style=\"text-align: justify\">Fazendo eco aos especialistas no que diz respeito \u00e0 presen\u00e7a do pai na vida dos filhos, o nosso Papa Francisco, numa das Audi\u00eancias Gerais, nas quartas feiras, fez este pronunciamento: &#8220;Hoje, por\u00e9m, sobretudo na cultura ocidental, o conceito de pai parece estar em crise. Se no passado a paternidade estava ligada ao autoritarismo, agora se passou ao outro extremo: a aus\u00eancia da figura paterna. Muitos s\u00e3o os jovens que experimentam um sentido de orfandade, n\u00e3o porque n\u00e3o tenham um pai, mas porque est\u00e1 ausente. A aus\u00eancia do pai \u00e9 muito nociva \u00e0s crian\u00e7as e aos jovens, produz lacunas e feridas que podem ser muito graves. Eles ficam vazios e propensos a buscarem \u00eddolos que preencham os seus cora\u00e7\u00f5es. A aus\u00eancia dos pais deixa os jovens sem estradas seguras, sem mestres nos quais confiar. Ficam \u00f3rf\u00e3os de ideais que lhes aque\u00e7am os cora\u00e7\u00f5es, \u00f3rf\u00e3os de valores e de esperan\u00e7as que amparem o seu dia a dia. O pai deve estar presente na fam\u00edlia, que seja pr\u00f3ximo da mulher, para compartilhar tudo, alegrias e tristezas, fadigas e esperan\u00e7as. E deve estar pr\u00f3ximo dos filhos em seu crescimento: quando brincam e quando se empenham, quando ousam ou hesitam, quando erram e voltam atr\u00e1s. Pai presente sempre! Presente n\u00e3o significa controlador, pois pode anular o filho\u201d.<\/p>\n<p style=\"text-align: justify\">Sem a gra\u00e7a que vem do Pai que est\u00e1 nos c\u00e9us, os pais da terra n\u00e3o conseguem realizar a sua sublime voca\u00e7\u00e3o. Por isso, o pai crist\u00e3o, s\u00f3 o ser\u00e1 de fato, se for uma pessoa de f\u00e9, de ora\u00e7\u00e3o e de pr\u00e1tica sacramental.<br \/>\nFeliz Dia dos Pais!<\/p>\n<p style=\"text-align: justify\">\n<p style=\"text-align: justify\">\n","protected":false},"excerpt":{"rendered":"<p>Dom Manoel Jo\u00e3o Francisco Arcebispo de Porto Alegre &nbsp; No contexto do m\u00eas vocacional, no pr\u00f3ximo domingo, dia 11 de agosto, estaremos celebrando o Dia dos Pais e a voca\u00e7\u00e3o \u00e0 paternidade. Conforme a carta do Ap\u00f3stolo Paulo aos ef\u00e9sios, toda paternidade sobre a terra tem seu in\u00edcio em Deus e nele encontra seu modelo. &hellip;<\/p>\n<p class=\"read-more\"> <a class=\"\" href=\"https:\/\/www.cnbb.org.br\/dia-dos-pais\/\"> <span class=\"screen-reader-text\">Dia dos Pais<\/span> Leia mais &raquo;<\/a><\/p>\n","protected":false},"author":55,"featured_media":0,"comment_status":"closed","ping_status":"open","sticky":false,"template":"","format":"standard","meta":{"site-sidebar-layout":"default","site-content-layout":"default","ast-global-header-display":"","ast-banner-title-visibility":"","ast-main-header-display":"","ast-hfb-above-header-display":"","ast-hfb-below-header-display":"","ast-hfb-mobile-header-display":"","site-post-title":"","ast-breadcrumbs-content":"","ast-featured-img":"","footer-sml-layout":"","theme-transparent-header-meta":"","adv-header-id-meta":"","stick-header-meta":"","header-above-stick-meta":"","header-main-stick-meta":"","header-below-stick-meta":""},"categories":[758],"tags":[],"acf":[],"_links":{"self":[{"href":"https:\/\/www.cnbb.org.br\/cnbb-app\/wp\/v2\/posts\/34924"}],"collection":[{"href":"https:\/\/www.cnbb.org.br\/cnbb-app\/wp\/v2\/posts"}],"about":[{"href":"https:\/\/www.cnbb.org.br\/cnbb-app\/wp\/v2\/types\/post"}],"author":[{"embeddable":true,"href":"https:\/\/www.cnbb.org.br\/cnbb-app\/wp\/v2\/users\/55"}],"replies":[{"embeddable":true,"href":"https:\/\/www.cnbb.org.br\/cnbb-app\/wp\/v2\/comments?post=34924"}],"version-history":[{"count":0,"href":"https:\/\/www.cnbb.org.br\/cnbb-app\/wp\/v2\/posts\/34924\/revisions"}],"wp:attachment":[{"href":"https:\/\/www.cnbb.org.br\/cnbb-app\/wp\/v2\/media?parent=34924"}],"wp:term":[{"taxonomy":"category","embeddable":true,"href":"https:\/\/www.cnbb.org.br\/cnbb-app\/wp\/v2\/categories?post=34924"},{"taxonomy":"post_tag","embeddable":true,"href":"https:\/\/www.cnbb.org.br\/cnbb-app\/wp\/v2\/tags?post=34924"}],"curies":[{"name":"wp","href":"https:\/\/api.w.org\/{rel}","templated":true}]}}