{"id":34926,"date":"2019-08-16T00:00:00","date_gmt":"2019-08-16T03:00:00","guid":{"rendered":"https:\/\/www.cnbb.org.br\/igreja-no-brasil-trabalha-para-promover-uma-cultura-vocacional\/"},"modified":"2020-03-11T17:15:58","modified_gmt":"2020-03-11T20:15:58","slug":"igreja-no-brasil-trabalha-para-promover-uma-cultura-vocacional","status":"publish","type":"post","link":"https:\/\/www.cnbb.org.br\/igreja-no-brasil-trabalha-para-promover-uma-cultura-vocacional\/","title":{"rendered":"Igreja no Brasil trabalha para o desenvolvimento e promo\u00e7\u00e3o de uma cultura vocacional"},"content":{"rendered":"<p style=\"text-align: justify\">A experi\u00eancia eclesial crist\u00e3 resgatada pelo Conc\u00edlio Vaticano II suscitou na Igreja, a partir da Europa e depois na Am\u00e9rica Latina, uma grande preocupa\u00e7\u00e3o com a quest\u00e3o vocacional. Esse contexto contribuiu para que, na Igreja do Brasil, passos significativos fossem dados com o objetivo de incrementar uma consci\u00eancia vocacional em todo o povo de Deus, resgatando a comunidade eclesial como lugar da efetiva participa\u00e7\u00e3o de todos os batizados na miss\u00e3o da Igreja.<\/p>\n<p style=\"text-align: justify\">Atualmente refletir a din\u00e2mica vocacional a partir de uma eclesiologia de comunh\u00e3o e participa\u00e7\u00e3o \u00e9 segundo o bispo auxiliar de Manaus, dom Jos\u00e9 Albuquerque tarefa de todos: \u201cToda a a\u00e7\u00e3o pastoral deve ser orientada para o discernimento vocacional, tendo como objetivo ajudar cada crist\u00e3o a descobrir o caminho concreto para realizar o projeto de vida ao qual Deus o chama\u201d.<\/p>\n<p style=\"text-align: justify\">Diante dos desafios que a p\u00f3s-modernidade imp\u00f5e, o bispo afirma que a quest\u00e3o vocacional se torna urgente e necess\u00e1ria, sobretudo, para se compreender e enfrentar as problem\u00e1ticas oriundas de um acentuado individualismo. Para ele, a ora\u00e7\u00e3o constitui o primeiro e insubstitu\u00edvel servi\u00e7o que podemos oferecer \u00e0 causa das voca\u00e7\u00f5es. \u201cA comunidade que reza pelas voca\u00e7\u00f5es, que medita a partir da Palavra de Deus, que celebra a Liturgia com fervor e alegria, que oferece dire\u00e7\u00e3o espiritual aos jovens, colabora incansavelmente para criar uma cultura vocacional\u201d, salienta.<\/p>\n<p style=\"text-align: justify\">Na caminhada vocacional, alguns eventos foram determinantes para a constru\u00e7\u00e3o da identidade que, hoje, caracteriza o servi\u00e7o de anima\u00e7\u00e3o vocacional na Igreja do Brasil. O m\u00eas vocacional \u00e9 um desses exemplos. Assumido em \u00e2mbito nacional, em 1981, por dioceses e regionais da Confer\u00eancia Nacional dos Bispos do Brasil (CNBB), seu intuito \u00e9 ser um tempo especial de reflex\u00e3o e ora\u00e7\u00e3o pelas voca\u00e7\u00f5es e minist\u00e9rios.<\/p>\n<p style=\"text-align: justify\">Hoje cada domingo do m\u00eas de agosto \u00e9 dedicado \u00e0 celebra\u00e7\u00e3o de uma determinada voca\u00e7\u00e3o. No primeiro, celebra-se sacerd\u00f3cio e os minist\u00e9rios ordenados; no segundo, o matrim\u00f4nio junto \u00e0 semana da Fam\u00edlia; no terceiro, a vida consagrada, e por fim, no quarto, a voca\u00e7\u00e3o dos Leigos. \u201cO M\u00eas Vocacional, consagrado h\u00e1 mais de tr\u00eas d\u00e9cadas em nosso pa\u00eds, se tornou uma grande convoca\u00e7\u00e3o eclesial, tempo privilegiado para celebrar as diversas voca\u00e7\u00f5es e para intensificar a ora\u00e7\u00e3o pelas voca\u00e7\u00f5es nas fam\u00edlias, nos ambientes estudantis, em todos os grupos e comunidades eclesiais e para realizar a\u00e7\u00f5es concretas e tantas outras iniciativas, de forma envolvente e criativa ao longo deste aben\u00e7oado m\u00eas\u201d, diz dom Jos\u00e9.<\/p>\n<p style=\"text-align: justify\"><strong><a href=\"https:\/\/www.cnbb.org.br\/igreja-no-brasil-trabalha-para-promover-uma-cultura-vocacional\/banner-site\/\" rel=\"attachment wp-att-223952\"><img decoding=\"async\" loading=\"lazy\" class=\"size-medium wp-image-223952 alignright\" src=\"https:\/\/www.cnbb.org.br\/wp-content\/uploads\/2020\/03\/Banner-Site-300x300.png\" alt=\"\" width=\"300\" height=\"300\" \/><\/a>Congressos vocacionais<\/strong> &#8211; Outra iniciativa que tamb\u00e9m tem como preocupa\u00e7\u00e3o o itiner\u00e1rio vocacional s\u00e3o os Congressos Vocacionais do Brasil. Organizados pela Comiss\u00e3o para os Minist\u00e9rios Ordenados e a Vida Consagrada da CNBB, eles trazem ao longo dos anos temas e lemas profundamente enraizados na Sagrada Escritura e inseridos na realidade contempor\u00e2nea. Este ano com o tema \u201cVoca\u00e7\u00e3o e Discernimento\u201d e o lema \u201cMostra-me, Senhor, os teus caminhos\u201d (Salmo 25,4), o IV Congresso Vocacional do Brasil ser\u00e1 realizado de 05 a 08 de setembro, no Centro de Eventos do Santu\u00e1rio Nacional Nossa Senhora de Aparecida, em Aparecida (SP).<\/p>\n<p style=\"text-align: justify\">Segundo a equipe organizadora, a iniciativa deseja refletir sobre a necessidade da ora\u00e7\u00e3o em prol das voca\u00e7\u00f5es e acima de tudo expandir a tem\u00e1tica para todos os \u00e2mbitos eclesiais e sociais. \u201cUm dos grandes objetivos do 4\u00ba. Congresso Vocacional \u00e9 a promo\u00e7\u00e3o da Cultura Vocacional nas comunidades, para que o tema vocacional seja abra\u00e7ado como prioridade essencial de nossa Igreja, assim como de fato o \u00e9: uma comunidade de chamados que assumem o papel de tamb\u00e9m chamar outros oper\u00e1rios, nas mais diversas miss\u00f5es e carismas\u201d, afirma o padre Elias Silva, coordenador nacional da Pastoral Vocacional.<\/p>\n<p style=\"text-align: justify\">O sacerdote reitera que o evento possibilitar\u00e1 a cria\u00e7\u00e3o de um trabalho vocacional em redes, especialmente porque \u00e9 adaptado \u00e0 concretude das circunst\u00e2ncias espec\u00edficas de cada regi\u00e3o do pa\u00eds. Neste contexto, ele explica que como parte da execu\u00e7\u00e3o do 4\u00ba Congresso est\u00e3o os pr\u00e9-congressos que acontecem nos regionais de todo o Brasil e tamb\u00e9m da vida religiosa. \u201cEstamos em um per\u00edodo bonito da promo\u00e7\u00e3o vocacional do Brasil. A cada novo encontro que acontece pelo Brasil vai se solidificando a necessidade e urg\u00eancia de promover a Cultura Vocacional, e de uma maneira muito espec\u00edfica de possibilitar um discernimento vocacional que oriente as pessoas ao verdadeiro seguimento de Cristo, ouvindo a voz amorosa e exigente do Pai\u201d, alega.<\/p>\n<p style=\"text-align: justify\"><a href=\"https:\/\/www.cnbb.org.br\/igreja-no-brasil-trabalha-para-promover-uma-cultura-vocacional\/larissa-2\/\" rel=\"attachment wp-att-223950\"><img decoding=\"async\" loading=\"lazy\" class=\"size-medium wp-image-223950 alignleft\" src=\"https:\/\/www.cnbb.org.br\/wp-content\/uploads\/2020\/03\/Larissa-2-200x300-1.jpg\" alt=\"\" width=\"200\" height=\"300\" \/><\/a>Neima Pereira dos Santos, de 49 anos, \u00e9 membro da Pastoral Vocacional da diocese de Formosa (GO). Para ela, refletir sobre a voca\u00e7\u00e3o \u00e9 trilhar um caminho de descobertas da pr\u00f3pria identidade. \u201cVivemos num mundo cada vez mais fragmentado e veloz, h\u00e1 uma perda da identidade, falta um aut\u00eantico sentido de vida, principalmente em rela\u00e7\u00e3o aos nossos jovens\u201d, diz. Consagrada Secular do Instituto Secular Servas de Jesus Sacerdote, Neima vai participar ativamente do IV Congresso Vocacional.<\/p>\n<p style=\"text-align: justify\">Ela aponta a import\u00e2ncia de um evento como esses em \u00e2mbito nacional. \u201cCom a realiza\u00e7\u00e3o do 4\u00ba Congresso Vocacional teremos a oportunidade de refletir sobre os novos questionamentos e desafios vocacionais que nos s\u00e3o apresentados no contexto atual. Conheceremos as diferentes realidades e diversidades vocacionais e obst\u00e1culos a serem superados\u201d, considera. Pensar em conjunto, amadurecer e aprofundar concretamente a quest\u00e3o vocacional \u00e9 um dos desafios da Igreja no Brasil para os pr\u00f3ximos anos. \u201cO 4\u00ba Congresso Vocacional dar\u00e1 \u00e2nimo e vigor a todos os participantes e aos agentes da Pastoral Vocacional trazendo tamb\u00e9m novas luzes e pistas para a anima\u00e7\u00e3o vocacional no Brasil\u201d, finaliza.<\/p>\n<p><em>Mat\u00e9ria Revista Bote F\u00e9 n\u00ba 28 &#8211; Edi\u00e7\u00f5es CNBB<\/em><\/p>\n","protected":false},"excerpt":{"rendered":"<p>Diversas iniciativas realizadas por comunidades, par\u00f3quias e dioceses promovem o surgimento de novas voca\u00e7\u00f5es no pa\u00eds<\/p>\n","protected":false},"author":83,"featured_media":34927,"comment_status":"closed","ping_status":"open","sticky":false,"template":"","format":"standard","meta":{"site-sidebar-layout":"default","site-content-layout":"default","ast-global-header-display":"","ast-banner-title-visibility":"","ast-main-header-display":"","ast-hfb-above-header-display":"","ast-hfb-below-header-display":"","ast-hfb-mobile-header-display":"","site-post-title":"","ast-breadcrumbs-content":"","ast-featured-img":"","footer-sml-layout":"","theme-transparent-header-meta":"","adv-header-id-meta":"","stick-header-meta":"","header-above-stick-meta":"","header-main-stick-meta":"","header-below-stick-meta":""},"categories":[1],"tags":[],"acf":[],"_links":{"self":[{"href":"https:\/\/www.cnbb.org.br\/cnbb-app\/wp\/v2\/posts\/34926"}],"collection":[{"href":"https:\/\/www.cnbb.org.br\/cnbb-app\/wp\/v2\/posts"}],"about":[{"href":"https:\/\/www.cnbb.org.br\/cnbb-app\/wp\/v2\/types\/post"}],"author":[{"embeddable":true,"href":"https:\/\/www.cnbb.org.br\/cnbb-app\/wp\/v2\/users\/83"}],"replies":[{"embeddable":true,"href":"https:\/\/www.cnbb.org.br\/cnbb-app\/wp\/v2\/comments?post=34926"}],"version-history":[{"count":0,"href":"https:\/\/www.cnbb.org.br\/cnbb-app\/wp\/v2\/posts\/34926\/revisions"}],"wp:featuredmedia":[{"embeddable":true,"href":"https:\/\/www.cnbb.org.br\/cnbb-app\/wp\/v2\/media\/34927"}],"wp:attachment":[{"href":"https:\/\/www.cnbb.org.br\/cnbb-app\/wp\/v2\/media?parent=34926"}],"wp:term":[{"taxonomy":"category","embeddable":true,"href":"https:\/\/www.cnbb.org.br\/cnbb-app\/wp\/v2\/categories?post=34926"},{"taxonomy":"post_tag","embeddable":true,"href":"https:\/\/www.cnbb.org.br\/cnbb-app\/wp\/v2\/tags?post=34926"}],"curies":[{"name":"wp","href":"https:\/\/api.w.org\/{rel}","templated":true}]}}