{"id":349409,"date":"2021-07-12T17:58:59","date_gmt":"2021-07-12T20:58:59","guid":{"rendered":"https:\/\/www.cnbb.org.br\/?p=349409"},"modified":"2021-07-12T17:58:59","modified_gmt":"2021-07-12T20:58:59","slug":"papa-pos-operatorio-concluido-a-alegria-pela-vitoria-da-argentina-e-da-italia-no-futebol","status":"publish","type":"post","link":"https:\/\/www.cnbb.org.br\/papa-pos-operatorio-concluido-a-alegria-pela-vitoria-da-argentina-e-da-italia-no-futebol\/","title":{"rendered":"Papa: p\u00f3s-operat\u00f3rio conclu\u00eddo. A alegria pela vit\u00f3ria da Argentina e da It\u00e1lia no futebol"},"content":{"rendered":"<p style=\"text-align: justify;\">&#8220;O Papa Francisco transcorreu um dia tranquilo e completou o per\u00edodo p\u00f3s-operat\u00f3rio cir\u00fargico. Para otimizar ao m\u00e1ximo a terapia m\u00e9dica e reabilitativa, o Santo Padre permanecer\u00e1 internado ainda por alguns dias.&#8221; \u00c9 o que informa o diretor da Sala de Imprensa da Santa S\u00e9, Matteo Bruni, no comunicado desta segunda-feira, 12 de julho.<\/p>\n<p style=\"text-align: justify;\">No dia de ontem, afirma Bruni, antes de rezar o \u00c2ngelus, desejou encontrar alguns pequenos pacientes da unidade vizinha de Oncologia com os seus respectivos familiares que, sucessivamente, o acompanharam no balc\u00e3o do d\u00e9cimo andar por ocasi\u00e3o da ora\u00e7\u00e3o mariana. Ao final, saudou as pessoas internadas no seu mesmo andar, entretendo-se brevemente com os m\u00e9dicos e enfermeiros.\u00c0 tarde, celebrou a Santa Missa na capela particular com quem o assiste cotidianamente.<\/p>\n<p style=\"text-align: justify;\">Ao compartilhar a alegria pela vit\u00f3ria das sele\u00e7\u00f5es argentina e italiana com as pessoas a ele pr\u00f3ximas, concluiu-se o comunicado, &#8220;Sua Santidade se deteve sobre o significado do esporte e dos seus valores, e sobre a capacidade esportiva de saber aceitar qualquer resultado, mesmo a derrota: \u201cSomente assim, diante das dificuldades da vida, \u00e9 poss\u00edvel colocar-se em jogo, lutando sem desistir, com esperan\u00e7a e confian\u00e7a\u201d.<\/p>\n","protected":false},"excerpt":{"rendered":"<p>&#8220;O Papa Francisco transcorreu um dia tranquilo e completou o per\u00edodo p\u00f3s-operat\u00f3rio cir\u00fargico. Para otimizar ao m\u00e1ximo a terapia m\u00e9dica e reabilitativa, o Santo Padre permanecer\u00e1 internado ainda por alguns dias.&#8221; \u00c9 o que informa o diretor da Sala de Imprensa da Santa S\u00e9, Matteo Bruni, no comunicado desta segunda-feira, 12 de julho. No dia &hellip;<\/p>\n<p class=\"read-more\"> <a class=\"\" href=\"https:\/\/www.cnbb.org.br\/papa-pos-operatorio-concluido-a-alegria-pela-vitoria-da-argentina-e-da-italia-no-futebol\/\"> <span class=\"screen-reader-text\">Papa: p\u00f3s-operat\u00f3rio conclu\u00eddo. A alegria pela vit\u00f3ria da Argentina e da It\u00e1lia no futebol<\/span> Leia mais &raquo;<\/a><\/p>\n","protected":false},"author":83,"featured_media":349412,"comment_status":"open","ping_status":"open","sticky":false,"template":"","format":"standard","meta":{"site-sidebar-layout":"default","site-content-layout":"default","ast-global-header-display":"","ast-banner-title-visibility":"","ast-main-header-display":"","ast-hfb-above-header-display":"","ast-hfb-below-header-display":"","ast-hfb-mobile-header-display":"","site-post-title":"","ast-breadcrumbs-content":"","ast-featured-img":"","footer-sml-layout":"","theme-transparent-header-meta":"default","adv-header-id-meta":"","stick-header-meta":"","header-above-stick-meta":"","header-main-stick-meta":"","header-below-stick-meta":""},"categories":[1840,784],"tags":[3782],"acf":[],"_links":{"self":[{"href":"https:\/\/www.cnbb.org.br\/cnbb-app\/wp\/v2\/posts\/349409"}],"collection":[{"href":"https:\/\/www.cnbb.org.br\/cnbb-app\/wp\/v2\/posts"}],"about":[{"href":"https:\/\/www.cnbb.org.br\/cnbb-app\/wp\/v2\/types\/post"}],"author":[{"embeddable":true,"href":"https:\/\/www.cnbb.org.br\/cnbb-app\/wp\/v2\/users\/83"}],"replies":[{"embeddable":true,"href":"https:\/\/www.cnbb.org.br\/cnbb-app\/wp\/v2\/comments?post=349409"}],"version-history":[{"count":0,"href":"https:\/\/www.cnbb.org.br\/cnbb-app\/wp\/v2\/posts\/349409\/revisions"}],"wp:featuredmedia":[{"embeddable":true,"href":"https:\/\/www.cnbb.org.br\/cnbb-app\/wp\/v2\/media\/349412"}],"wp:attachment":[{"href":"https:\/\/www.cnbb.org.br\/cnbb-app\/wp\/v2\/media?parent=349409"}],"wp:term":[{"taxonomy":"category","embeddable":true,"href":"https:\/\/www.cnbb.org.br\/cnbb-app\/wp\/v2\/categories?post=349409"},{"taxonomy":"post_tag","embeddable":true,"href":"https:\/\/www.cnbb.org.br\/cnbb-app\/wp\/v2\/tags?post=349409"}],"curies":[{"name":"wp","href":"https:\/\/api.w.org\/{rel}","templated":true}]}}