{"id":34947,"date":"2019-08-12T00:00:00","date_gmt":"2019-08-12T03:00:00","guid":{"rendered":"https:\/\/www.cnbb.org.br\/papa-angelus-a-fe-autentica-e-madura-e-capaz-de-iluminar-as-muitas-noites-da-vida\/"},"modified":"2019-08-12T00:00:00","modified_gmt":"2019-08-12T03:00:00","slug":"papa-angelus-a-fe-autentica-e-madura-e-capaz-de-iluminar-as-muitas-noites-da-vida","status":"publish","type":"post","link":"https:\/\/www.cnbb.org.br\/papa-angelus-a-fe-autentica-e-madura-e-capaz-de-iluminar-as-muitas-noites-da-vida\/","title":{"rendered":"Papa Angelus: A f\u00e9 aut\u00eantica e madura \u00e9 capaz de iluminar as muitas &#8220;noites&#8221; da vida"},"content":{"rendered":"<p style=\"text-align: justify\">O Papa Francisco rezou ao meio-dia deste domingo (11\/08) o Angelus com os milhares de fi\u00e9is e peregrinos reunidos na Pra\u00e7a S\u00e3o Pedro. Na sua alocu\u00e7\u00e3o que precedeu a ora\u00e7\u00e3o mariana o Santo Padre citou a p\u00e1gina evang\u00e9lica do domingo na qual Jesus chama os seus disc\u00edpulos \u00e0 vigil\u00e2ncia constante para captar a passagem de Deus na pr\u00f3pria vida, porque Deus continuamente passa na nossa vida.<\/p>\n<p style=\"text-align: justify\">Francisco sublinhou que \u201ca verdadeira f\u00e9 abre o cora\u00e7\u00e3o ao pr\u00f3ximo e encoraja a comunh\u00e3o com os irm\u00e3os, especialmente com aqueles que est\u00e3o na necessidade\u201d. Chamou ent\u00e3o a aten\u00e7\u00e3o a todos os fi\u00e9is que se professam crist\u00e3os que &#8220;ningu\u00e9m pode retirar-se intimamente na certeza da sua pr\u00f3pria salva\u00e7\u00e3o, desinteressando-se dos outros\u201d.<\/p>\n<p style=\"text-align: justify\">O Pont\u00edfice exortou &#8220;a n\u00e3o criar ra\u00edzes em c\u00f4modas e tranquilizadoras habita\u00e7\u00f5es, mas abandonar-se com simplicidade e confian\u00e7a \u00e0 vontade de Deus, que nos guia para a pr\u00f3xima meta&#8221;.<\/p>\n<p style=\"text-align: justify\">\u201cO Senhor sempre caminha conosco e tantas vezes nos pega pela m\u00e3o, para nos guiar, para n\u00e3o errarmos neste caminho t\u00e3o dif\u00edcil. De fato, quem confia em Deus sabe bem que a vida de f\u00e9 n\u00e3o \u00e9 algo est\u00e1tico, mas \u00e9 din\u00e2mica: \u00e9 um caminho cont\u00ednuo, para ir para etapas sempre novas, que o pr\u00f3prio Senhor indica dia ap\u00f3s dia. Porque Ele \u00e9 o Senhor das surpresas, o Senhor das novidades, mas das verdadeiras novidades\u201d.<\/p>\n<p style=\"text-align: justify\">E depois &#8211; continuou Francisco &#8211; nos \u00e9 pedido para mantermos as &#8220;l\u00e2mpadas acesas&#8221; para sermos capazes de iluminar a escurid\u00e3o da noite. Somos convidados, isto \u00e9, a viver uma f\u00e9 aut\u00eantica e madura, capaz de iluminar as muitas &#8220;noites&#8221; da vida. \u201cE sabemos, todos n\u00f3s tivemos dias que eram verdadeiras noites espirituais\u201d. &#8220;A l\u00e2mpada da f\u00e9 precisa ser alimentada continuamente, com o encontro cora\u00e7\u00e3o a cora\u00e7\u00e3o com Jesus na ora\u00e7\u00e3o e na escuta da sua Palavra&#8221;.<\/p>\n<p style=\"text-align: justify\">O Papa recordou ent\u00e3o o que j\u00e1 dissera v\u00e1rias vezes: &#8220;carreguem sempre com voc\u00eas um pequeno Evangelho no bolso, na bolsa, para o l\u00ea-lo. \u00c9 um encontro com Jesus, com a Palavra de Jesus. Esta l\u00e2mpada do encontro com Jesus na ora\u00e7\u00e3o e na sua Palavra nos \u00e9 confiada para o bem de todos&#8221;. E sublinhou: \u201c\u00e9 uma fantasia crer que algu\u00e9m possa iluminar-se de dentro. N\u00e3o, \u00e9 uma fantasia\u201d.<\/p>\n<p style=\"text-align: justify\">Francisco disse ainda que Jesus, para nos fazer compreender a atitude de espera, conta a par\u00e1bola dos servos que esperam o retorno do patr\u00e3o quando regressa de um casamento, apresentando assim outro aspecto da vigil\u00e2ncia: estar prontos para o encontro \u00faltimo e definitivo com o Senhor. Cada um de n\u00f3s vai se encontrar com Ele naquele dia do encontro. Cada um de n\u00f3s tem a sua pr\u00f3pria data para o encontro final.<\/p>\n<p style=\"text-align: justify\">O Papa observou que &#8220;a vida \u00e9 um caminho em dire\u00e7\u00e3o \u00e0 eternidade; por isso, somos chamados a fazer frutificar todos os talentos que temos, nunca esquecendo que n\u00e3o temos aqui a cidade est\u00e1vel, mas estamos \u00e0 procura da cidade futura&#8221;. Nesta perspectiva o Pont\u00edfice concluiu, &#8220;cada momento se torna precioso&#8221;, com vista a &#8220;construir um mundo mais justo e fraterno&#8221;.<\/p>\n<p><em>Com informa\u00e7\u00f5es do VaticanNews<\/em><\/p>\n","protected":false},"excerpt":{"rendered":"<p>Francisco sublinhou que \u201ca verdadeira f\u00e9 abre o cora\u00e7\u00e3o ao pr\u00f3ximo e encoraja a comunh\u00e3o com os irm\u00e3os, especialmente os mais necessitados<\/p>\n","protected":false},"author":83,"featured_media":2131,"comment_status":"closed","ping_status":"open","sticky":false,"template":"","format":"standard","meta":{"site-sidebar-layout":"default","site-content-layout":"default","ast-global-header-display":"","ast-banner-title-visibility":"","ast-main-header-display":"","ast-hfb-above-header-display":"","ast-hfb-below-header-display":"","ast-hfb-mobile-header-display":"","site-post-title":"","ast-breadcrumbs-content":"","ast-featured-img":"","footer-sml-layout":"","theme-transparent-header-meta":"","adv-header-id-meta":"","stick-header-meta":"","header-above-stick-meta":"","header-main-stick-meta":"","header-below-stick-meta":""},"categories":[784],"tags":[],"acf":[],"_links":{"self":[{"href":"https:\/\/www.cnbb.org.br\/cnbb-app\/wp\/v2\/posts\/34947"}],"collection":[{"href":"https:\/\/www.cnbb.org.br\/cnbb-app\/wp\/v2\/posts"}],"about":[{"href":"https:\/\/www.cnbb.org.br\/cnbb-app\/wp\/v2\/types\/post"}],"author":[{"embeddable":true,"href":"https:\/\/www.cnbb.org.br\/cnbb-app\/wp\/v2\/users\/83"}],"replies":[{"embeddable":true,"href":"https:\/\/www.cnbb.org.br\/cnbb-app\/wp\/v2\/comments?post=34947"}],"version-history":[{"count":0,"href":"https:\/\/www.cnbb.org.br\/cnbb-app\/wp\/v2\/posts\/34947\/revisions"}],"wp:featuredmedia":[{"embeddable":true,"href":"https:\/\/www.cnbb.org.br\/cnbb-app\/wp\/v2\/media\/2131"}],"wp:attachment":[{"href":"https:\/\/www.cnbb.org.br\/cnbb-app\/wp\/v2\/media?parent=34947"}],"wp:term":[{"taxonomy":"category","embeddable":true,"href":"https:\/\/www.cnbb.org.br\/cnbb-app\/wp\/v2\/categories?post=34947"},{"taxonomy":"post_tag","embeddable":true,"href":"https:\/\/www.cnbb.org.br\/cnbb-app\/wp\/v2\/tags?post=34947"}],"curies":[{"name":"wp","href":"https:\/\/api.w.org\/{rel}","templated":true}]}}