{"id":34961,"date":"2019-08-13T00:00:00","date_gmt":"2019-08-13T03:00:00","guid":{"rendered":"https:\/\/www.cnbb.org.br\/lancado-material-do-festejo-do-padroeiro-do-maranhao-que-ira-ocorrer-em-setembro\/"},"modified":"2019-08-13T00:00:00","modified_gmt":"2019-08-13T03:00:00","slug":"lancado-material-do-festejo-do-padroeiro-do-maranhao-que-ira-ocorrer-em-setembro","status":"publish","type":"post","link":"https:\/\/www.cnbb.org.br\/lancado-material-do-festejo-do-padroeiro-do-maranhao-que-ira-ocorrer-em-setembro\/","title":{"rendered":"Lan\u00e7ado material do festejo do Padroeiro do Maranh\u00e3o, que ir\u00e1 ocorrer em setembro"},"content":{"rendered":"<p class=\"font_8\" style=\"text-align: justify\">Foi lan\u00e7ado o material do grande festejo do Padroeiro do Maranh\u00e3o, que ocorrer\u00e1 entre os dias 01 a 29 de setembro de 2019. O m\u00eas ser\u00e1 dedicado a celebra\u00e7\u00f5es e romarias em honra do santo de imensa devo\u00e7\u00e3o popular no Estado do Maranh\u00e3o.<\/p>\n<p class=\"font_8\" style=\"text-align: justify\">O tema abordado este ano &#8220;Amaz\u00f4nia: Igreja, Miss\u00e3o e ecologia&#8221; faz refer\u00eancia ao S\u00ednodo para a Amaz\u00f4nia, convocado pelo Papa Francisco, para o pr\u00f3ximo m\u00eas de outubro, como explica Padre Cl\u00e1udio Roberto, reitor do Santu\u00e1rio: &#8220;S\u00e3o Jos\u00e9 de Ribamar, grande exemplo: Protetor da fam\u00edlia de Nazar\u00e9, ensinar-nos-\u00e1 a cuidar da nossa regi\u00e3o amaz\u00f4nica, da nossa f\u00e9 e da nossa Igreja, como ardorosos mission\u00e1rios e servos de Deus&#8221;.<\/p>\n<p class=\"font_8\" style=\"text-align: justify\">Inspirado nesse tema, todo m\u00eas de setembro ser\u00e1 festa do Padroeiro do Maranh\u00e3o, S\u00e3o Jos\u00e9 de Ribamar. O reitor do Santu\u00e1rio ressalta esperar a presen\u00e7a ativa dos devotos e romeiros do Padroeiro e finaliza &#8220;para realizarmos um bom festejo precisamos das ora\u00e7\u00f5es, da participa\u00e7\u00e3o e das doa\u00e7\u00f5es de todos&#8221;.<\/p>\n<p><a href=\"https:\/\/www.cnbbne5.org\/single-post\/2019\/08\/12\/Santu%C3%A1rio-do-Padroeiro-do-Maranh%C3%A3o-lan%C3%A7a-festejo-2019\" target=\"_blank\" rel=\"noopener\">Confira a not\u00edcia na \u00edntegra<\/a>.<\/p>\n","protected":false},"excerpt":{"rendered":"<p>O tema abordado este ano &#8221; Amaz\u00f4nia: Igreja, Miss\u00e3o e ecologia&#8221; faz refer\u00eancia ao S\u00ednodo para a Amaz\u00f4nia, convocado pelo Papa Francisco<\/p>\n","protected":false},"author":83,"featured_media":798,"comment_status":"closed","ping_status":"open","sticky":false,"template":"","format":"standard","meta":{"site-sidebar-layout":"default","site-content-layout":"default","ast-global-header-display":"","ast-banner-title-visibility":"","ast-main-header-display":"","ast-hfb-above-header-display":"","ast-hfb-below-header-display":"","ast-hfb-mobile-header-display":"","site-post-title":"","ast-breadcrumbs-content":"","ast-featured-img":"","footer-sml-layout":"","theme-transparent-header-meta":"","adv-header-id-meta":"","stick-header-meta":"","header-above-stick-meta":"","header-main-stick-meta":"","header-below-stick-meta":""},"categories":[821,769],"tags":[],"acf":[],"_links":{"self":[{"href":"https:\/\/www.cnbb.org.br\/cnbb-app\/wp\/v2\/posts\/34961"}],"collection":[{"href":"https:\/\/www.cnbb.org.br\/cnbb-app\/wp\/v2\/posts"}],"about":[{"href":"https:\/\/www.cnbb.org.br\/cnbb-app\/wp\/v2\/types\/post"}],"author":[{"embeddable":true,"href":"https:\/\/www.cnbb.org.br\/cnbb-app\/wp\/v2\/users\/83"}],"replies":[{"embeddable":true,"href":"https:\/\/www.cnbb.org.br\/cnbb-app\/wp\/v2\/comments?post=34961"}],"version-history":[{"count":0,"href":"https:\/\/www.cnbb.org.br\/cnbb-app\/wp\/v2\/posts\/34961\/revisions"}],"wp:featuredmedia":[{"embeddable":true,"href":"https:\/\/www.cnbb.org.br\/cnbb-app\/wp\/v2\/media\/798"}],"wp:attachment":[{"href":"https:\/\/www.cnbb.org.br\/cnbb-app\/wp\/v2\/media?parent=34961"}],"wp:term":[{"taxonomy":"category","embeddable":true,"href":"https:\/\/www.cnbb.org.br\/cnbb-app\/wp\/v2\/categories?post=34961"},{"taxonomy":"post_tag","embeddable":true,"href":"https:\/\/www.cnbb.org.br\/cnbb-app\/wp\/v2\/tags?post=34961"}],"curies":[{"name":"wp","href":"https:\/\/api.w.org\/{rel}","templated":true}]}}