{"id":34970,"date":"2019-08-15T00:00:00","date_gmt":"2019-08-15T03:00:00","guid":{"rendered":"https:\/\/www.cnbb.org.br\/semana-da-familia\/"},"modified":"2019-08-15T00:00:00","modified_gmt":"2019-08-15T03:00:00","slug":"semana-da-familia","status":"publish","type":"post","link":"https:\/\/www.cnbb.org.br\/semana-da-familia\/","title":{"rendered":"Semana da fam\u00edlia"},"content":{"rendered":"<p style=\"text-align: right\"><strong>Cardeal Orani Jo\u00e3o Tempesta<br \/>\n<\/strong><strong>Arcebispo Metropolitano de S\u00e3o Sebasti\u00e3o do Rio de Janeiro (RJ)<\/strong><\/p>\n<p style=\"font-weight: 400;text-align: justify\">A Igreja sempre cuidou da fam\u00edlia. Por um lado, por acreditar ser ela n\u00e3o apenas a c\u00e9lula<em>mater<\/em>\u00a0da sociedade e o santu\u00e1rio da vida, mas tamb\u00e9m a \u201cIgreja dom\u00e9stica\u201d (Constitui\u00e7\u00e3o Dogm\u00e1tica Lumen Gentium, n. 11). E, por outro, porque est\u00e1 convencida de que \u201co bem-estar da pessoa e da sociedade humana e crist\u00e3 est\u00e1 intimamente ligado com uma favor\u00e1vel situa\u00e7\u00e3o da comunidade conjugal e familiar (Constitui\u00e7\u00e3o Pastoral\u00a0Gaudium\u00a0et\u00a0Spes, n. 47).<\/p>\n<p style=\"font-weight: 400;text-align: justify\">Logo no in\u00edcio de seu pontificado, o Papa S\u00e3o Jo\u00e3o Paulo II publicou uma Exorta\u00e7\u00e3o Apost\u00f3lica sobre a fam\u00edlia, como conclus\u00e3o, precisamente, dos temas tratados e um S\u00ednodo de Bispos sobre a fam\u00edlia. Nela, ele afirma com convic\u00e7\u00e3o que a evangeliza\u00e7\u00e3o depende essencialmente da sa\u00fade espiritual dessa institui\u00e7\u00e3o, porque, \u201conde uma legisla\u00e7\u00e3o antirreligiosa pretende impedir at\u00e9 a educa\u00e7\u00e3o na f\u00e9, onde uma incredulidade difundida ou um secularismo invasor tornam praticamente imposs\u00edvel um verdadeiro crescimento religioso, aquela que poderia ser chamada \u201cIgreja dom\u00e9stica\u201d fica como \u00fanico ambiente, no qual crian\u00e7as e jovens podem receber uma aut\u00eantica catequese\u201d (Papa S\u00e3o Jo\u00e3o Paulo II, Exorta\u00e7\u00e3o Apost\u00f3lica Familiares consortio, n. 52).<\/p>\n<p style=\"font-weight: 400;text-align: justify\">\u00a0Amar a fam\u00edlia significa saber estimar os seus valores e possibilidades, promovendo-os sempre. Amar a fam\u00edlia significa descobrir os perigos e os males que a amea\u00e7am, para poder super\u00e1-los. Amar a fam\u00edlia significa empenhar-se em criar um ambiente favor\u00e1vel ao seu desenvolvimento. E, por fim, forma eminente de amor \u00e0 fam\u00edlia crist\u00e3 de hoje, muitas vezes tentada por incomodidades e angustiada por crescentes dificuldades, \u00e9 dar-lhe novamente raz\u00f5es de confian\u00e7a em si mesma, nas riquezas pr\u00f3prias que lhe adv\u00e9m da natureza e da gra\u00e7a e na miss\u00e3o que Deus lhe confiou. \u00c9 necess\u00e1rio que as fam\u00edlias do nosso tempo tomem novamente altura! \u00c9 necess\u00e1rio que sigam a Cristo\u201d (Papa S\u00e3o Jo\u00e3o Paulo II, Exorta\u00e7\u00e3o Apost\u00f3lica Familiares\u00a0consortio, Conclus\u00e3o).<\/p>\n<p style=\"font-weight: 400;text-align: justify\">A cada ano, durante o m\u00eas de agosto temos a gra\u00e7a de celebrar no Brasil o m\u00eas vocacional, celebramos na terceira semana do m\u00eas, a semana nacional da fam\u00edlia. A Comiss\u00e3o Nacional da Pastoral Familiar (CNPF) disponibilizou o subs\u00eddio com a tem\u00e1tica <em>\u201cA fam\u00edlia, como vai?<\/em>\u201d, que comemora o jubileu de prata \u2013 25 anos \u2013 da Campanha da Fraternidade de 1994. A proposta da Semana Nacional das Fam\u00edlias \u00e9 indicar a necessidade de a fam\u00edlia vivenciar uma profunda experi\u00eancia de Jesus e da sua Palavra para conseguir vencer os desafios e dificuldades que encontra em seu caminho, e assim compreender seu papel evangelizador na Igreja e na sociedade.<\/p>\n<p style=\"font-weight: 400;text-align: justify\">Atrav\u00e9s do tema: \u201cA fam\u00edlia, como vai?\u201d, uma quest\u00e3o simples, mas instigadora, a Semana Nacional da Fam\u00edlia no Brasil convida a realizar um caminho de discernimento para compreender melhor a dignidade e a nobreza da fam\u00edlia crist\u00e3.<\/p>\n<p style=\"font-weight: 400;text-align: justify\">O tema deste ano \u00e9 uma retomada da reflex\u00e3o que marcou a Campanha da Fraternidade de 1994. Ao voltar ao passado e ver o quanto a Pastoral Familiar j\u00e1 cresceu, percebe-se que a fam\u00edlia busca e precisa aprofundar cada vez mais a sua miss\u00e3o na Igreja e na sociedade para conquistar um papel decisivo e central.\u00a0Esse desejo de estar no centro das a\u00e7\u00f5es eclesiais aparece na \u201cHora da Fam\u00edlia\u201d, ligando-o \u00e0 Inicia\u00e7\u00e3o \u00e0 Vida Crist\u00e3, \u00e0s Pol\u00edticas P\u00fablicas, ao envolvimento com as quest\u00f5es contempor\u00e2neas da vida urbana e \u00e0 miss\u00e3o em meio a outras fam\u00edlias. O subs\u00eddio vem com os tradicionais encontros\u00a0celebrativos\u00a0da Semana Nacional da Fam\u00edlia e\u00a0refletem os seguintes temas:\u00a0Fam\u00edlia, voca\u00e7\u00e3o e juventude; Fam\u00edlia e Pol\u00edticas P\u00fablicas; Fam\u00edlia, defensora da vida; Matrim\u00f4nio e Fam\u00edlia no plano de Deus, e por fim, o tema central: A fam\u00edlia, como vai? Al\u00e9m dos encontros, o material traz tr\u00eas celebra\u00e7\u00f5es tem\u00e1ticas para realizar no Dia das M\u00e3es, Dia dos Pais e uma celebra\u00e7\u00e3o e consagra\u00e7\u00e3o \u00e0 Sagrada Fam\u00edlia.<\/p>\n<p style=\"font-weight: 400;text-align: justify\">Rezemos pela fam\u00edlia como nos \u00e9 sugerido na conclus\u00e3o da Exorta\u00e7\u00e3o Apost\u00f3lica AmorisLaetitia, n.325:<\/p>\n<p style=\"font-weight: 400;text-align: justify\"><strong>Ora\u00e7\u00e3o \u00e0 Sagrada Fam\u00edlia<\/strong><\/p>\n<p style=\"font-weight: 400;text-align: justify\">Jesus, Maria e Jos\u00e9, em v\u00f3s contemplamos o esplendor do verdadeiro amor, confiantes, a V\u00f3s nos consagramos. Sagrada Fam\u00edlia de Nazar\u00e9, tornai tamb\u00e9m as nossas fam\u00edlias lugares de comunh\u00e3o e cen\u00e1culos de ora\u00e7\u00e3o, aut\u00eanticas escolas do Evangelho e pequenas igrejas dom\u00e9sticas. Sagrada Fam\u00edlia de Nazar\u00e9, que nunca mais haja nas fam\u00edlias epis\u00f3dios de viol\u00eancia, de fechamento e divis\u00e3o; e quem tiver sido ferido ou escandalizado seja rapidamente consolado e curado. Sagrada Fam\u00edlia de Nazar\u00e9, fazei que todos nos tornemos conscientes do car\u00e1ter sagrado e inviol\u00e1vel da fam\u00edlia, da sua beleza no projeto de Deus. Jesus, Maria e Jos\u00e9, ouvi-nos e acolhei a nossa s\u00faplica. Am\u00e9m.<\/p>\n","protected":false},"excerpt":{"rendered":"<p>Cardeal Orani Jo\u00e3o Tempesta Arcebispo Metropolitano de S\u00e3o Sebasti\u00e3o do Rio de Janeiro (RJ) A Igreja sempre cuidou da fam\u00edlia. Por um lado, por acreditar ser ela n\u00e3o apenas a c\u00e9lulamater\u00a0da sociedade e o santu\u00e1rio da vida, mas tamb\u00e9m a \u201cIgreja dom\u00e9stica\u201d (Constitui\u00e7\u00e3o Dogm\u00e1tica Lumen Gentium, n. 11). E, por outro, porque est\u00e1 convencida de &hellip;<\/p>\n<p class=\"read-more\"> <a class=\"\" href=\"https:\/\/www.cnbb.org.br\/semana-da-familia\/\"> <span class=\"screen-reader-text\">Semana da fam\u00edlia<\/span> Leia mais &raquo;<\/a><\/p>\n","protected":false},"author":31,"featured_media":0,"comment_status":"closed","ping_status":"open","sticky":false,"template":"","format":"standard","meta":{"site-sidebar-layout":"default","site-content-layout":"default","ast-global-header-display":"","ast-banner-title-visibility":"","ast-main-header-display":"","ast-hfb-above-header-display":"","ast-hfb-below-header-display":"","ast-hfb-mobile-header-display":"","site-post-title":"","ast-breadcrumbs-content":"","ast-featured-img":"","footer-sml-layout":"","theme-transparent-header-meta":"","adv-header-id-meta":"","stick-header-meta":"","header-above-stick-meta":"","header-main-stick-meta":"","header-below-stick-meta":""},"categories":[758],"tags":[],"acf":[],"_links":{"self":[{"href":"https:\/\/www.cnbb.org.br\/cnbb-app\/wp\/v2\/posts\/34970"}],"collection":[{"href":"https:\/\/www.cnbb.org.br\/cnbb-app\/wp\/v2\/posts"}],"about":[{"href":"https:\/\/www.cnbb.org.br\/cnbb-app\/wp\/v2\/types\/post"}],"author":[{"embeddable":true,"href":"https:\/\/www.cnbb.org.br\/cnbb-app\/wp\/v2\/users\/31"}],"replies":[{"embeddable":true,"href":"https:\/\/www.cnbb.org.br\/cnbb-app\/wp\/v2\/comments?post=34970"}],"version-history":[{"count":0,"href":"https:\/\/www.cnbb.org.br\/cnbb-app\/wp\/v2\/posts\/34970\/revisions"}],"wp:attachment":[{"href":"https:\/\/www.cnbb.org.br\/cnbb-app\/wp\/v2\/media?parent=34970"}],"wp:term":[{"taxonomy":"category","embeddable":true,"href":"https:\/\/www.cnbb.org.br\/cnbb-app\/wp\/v2\/categories?post=34970"},{"taxonomy":"post_tag","embeddable":true,"href":"https:\/\/www.cnbb.org.br\/cnbb-app\/wp\/v2\/tags?post=34970"}],"curies":[{"name":"wp","href":"https:\/\/api.w.org\/{rel}","templated":true}]}}