{"id":34993,"date":"2019-08-16T00:00:00","date_gmt":"2019-08-16T03:00:00","guid":{"rendered":"https:\/\/www.cnbb.org.br\/congresso-de-gestao-eclesial-tera-programacao-paralela-com-seminarios-tematicos-na-pb\/"},"modified":"2019-08-16T00:00:00","modified_gmt":"2019-08-16T03:00:00","slug":"congresso-de-gestao-eclesial-tera-programacao-paralela-com-seminarios-tematicos-na-pb","status":"publish","type":"post","link":"https:\/\/www.cnbb.org.br\/congresso-de-gestao-eclesial-tera-programacao-paralela-com-seminarios-tematicos-na-pb\/","title":{"rendered":"Congresso de Gest\u00e3o Eclesial ter\u00e1 programa\u00e7\u00e3o paralela com Semin\u00e1rios Tem\u00e1ticos na PB"},"content":{"rendered":"<p style=\"text-align: justify\">O Congresso de Gest\u00e3o Eclesial (Congec), promovido pela arquidiocese da Para\u00edba em parceria com o regional Nordeste 2 da Confer\u00eancia Nacional dos Bispos do Brasil (CNBB NE 2), ter\u00e1 programa\u00e7\u00e3o para n\u00e3o congressistas. Nesta quarta edi\u00e7\u00e3o do evento, os Semin\u00e1rios Tem\u00e1ticos ser\u00e3o realizados nos dias 25 e 26 de setembro e abordar\u00e3o assuntos como Vida e Fam\u00edlia, Catequese, D\u00edzimo, Comunica\u00e7\u00e3o e Mariologia, por exemplo.<\/p>\n<p style=\"text-align: justify\">O objetivo dos semin\u00e1rios \u00e9 promover uma forma\u00e7\u00e3o qualificada, dentro de v\u00e1rias tem\u00e1ticas pastorais, mesmo para aqueles que n\u00e3o podem participar de todo o congresso. Essas atividades fazem parte do Congec desde a primeira edi\u00e7\u00e3o e conta &#8220;com valores acess\u00edveis e assessores gabaritados&#8221; de modo que pode &#8220;oferecer forma\u00e7\u00e3o qualificada&#8221;, segundo destaca a organiza\u00e7\u00e3o&#8221;.<\/p>\n<p style=\"text-align: justify\"><a href=\"http:\/\/cnbbne2.org.br\/congec-oferece-programacao-paralela-com-seminarios-tematicos\/\" target=\"_blank\" rel=\"noopener\">Confira a not\u00edcia na \u00edntegra.\u00a0<\/a><\/p>\n","protected":false},"excerpt":{"rendered":"<p>Objetivo dos semin\u00e1rios \u00e9 promover uma forma\u00e7\u00e3o qualificada, dentro de v\u00e1rias tem\u00e1ticas pastorais, mesmo para aqueles que n\u00e3o podem participar de todo o congresso<\/p>\n","protected":false},"author":83,"featured_media":2185,"comment_status":"closed","ping_status":"open","sticky":false,"template":"","format":"standard","meta":{"site-sidebar-layout":"default","site-content-layout":"default","ast-global-header-display":"","ast-banner-title-visibility":"","ast-main-header-display":"","ast-hfb-above-header-display":"","ast-hfb-below-header-display":"","ast-hfb-mobile-header-display":"","site-post-title":"","ast-breadcrumbs-content":"","ast-featured-img":"","footer-sml-layout":"","theme-transparent-header-meta":"","adv-header-id-meta":"","stick-header-meta":"","header-above-stick-meta":"","header-main-stick-meta":"","header-below-stick-meta":""},"categories":[770,769],"tags":[],"acf":[],"_links":{"self":[{"href":"https:\/\/www.cnbb.org.br\/cnbb-app\/wp\/v2\/posts\/34993"}],"collection":[{"href":"https:\/\/www.cnbb.org.br\/cnbb-app\/wp\/v2\/posts"}],"about":[{"href":"https:\/\/www.cnbb.org.br\/cnbb-app\/wp\/v2\/types\/post"}],"author":[{"embeddable":true,"href":"https:\/\/www.cnbb.org.br\/cnbb-app\/wp\/v2\/users\/83"}],"replies":[{"embeddable":true,"href":"https:\/\/www.cnbb.org.br\/cnbb-app\/wp\/v2\/comments?post=34993"}],"version-history":[{"count":0,"href":"https:\/\/www.cnbb.org.br\/cnbb-app\/wp\/v2\/posts\/34993\/revisions"}],"wp:featuredmedia":[{"embeddable":true,"href":"https:\/\/www.cnbb.org.br\/cnbb-app\/wp\/v2\/media\/2185"}],"wp:attachment":[{"href":"https:\/\/www.cnbb.org.br\/cnbb-app\/wp\/v2\/media?parent=34993"}],"wp:term":[{"taxonomy":"category","embeddable":true,"href":"https:\/\/www.cnbb.org.br\/cnbb-app\/wp\/v2\/categories?post=34993"},{"taxonomy":"post_tag","embeddable":true,"href":"https:\/\/www.cnbb.org.br\/cnbb-app\/wp\/v2\/tags?post=34993"}],"curies":[{"name":"wp","href":"https:\/\/api.w.org\/{rel}","templated":true}]}}