{"id":35003,"date":"2019-08-19T00:00:00","date_gmt":"2019-08-19T03:00:00","guid":{"rendered":"https:\/\/www.cnbb.org.br\/o-valor-da-familia-no-sinodo-da-amazonia\/"},"modified":"2019-08-19T00:00:00","modified_gmt":"2019-08-19T03:00:00","slug":"o-valor-da-familia-no-sinodo-da-amazonia","status":"publish","type":"post","link":"https:\/\/www.cnbb.org.br\/o-valor-da-familia-no-sinodo-da-amazonia\/","title":{"rendered":"O valor da fam\u00edlia no S\u00ednodo da Amaz\u00f4nia"},"content":{"rendered":"<p style=\"text-align: right\"><strong>Dom Vital Corbellini<\/strong><br \/>\n<strong>Bispo de Marab\u00e1 (PA)<\/strong><\/p>\n<p style=\"text-align: justify\">O Senhor Jesus Cristo nasceu em uma fam\u00edlia humana, tendo como pais adotivos Jos\u00e9 e Maria. Se Ela foi fundamental para o Senhor Jesus Cristo, o \u00e9 tamb\u00e9m na vida pessoal, comunit\u00e1ria e social de todos n\u00f3s seguidores de Jesus Cristo. A vida familiar \u00e9 gra\u00e7a de Deus e responsabilidade humana. Precisamos zelar pelas fam\u00edlias, porque Deus criou o ser humano para viver na unidade e n\u00e3o na divis\u00e3o, no div\u00f3rcio.<\/p>\n<p style=\"text-align: justify\">O Instrumento de Trabalho tem presente a fam\u00edlia, ponto a ser debatido no S\u00ednodo sobre a Amaz\u00f4nia que teremos em Roma, Outubro pr\u00f3ximo. Diz que a fam\u00edlia \u00e9 local de muitas viv\u00eancias, de v\u00e1rios conhecimentos e pr\u00e1ticas em diferentes campos, como a agricultura, a medicina, a ca\u00e7a, a pesca, sempre em harmonia com Deus, com a natureza e com a comunidade. \u00c9 na fam\u00edlia que se transmitem os valores da reciprocidade, da solidariedade, do trabalho, do amor entre as pessoas. Faz parte tamb\u00e9m da heran\u00e7a familiar os trajes, a alimenta\u00e7\u00e3o, l\u00ednguas e ritos, de modo que \u00e9 que na fam\u00edlia que se aprende a viver em harmonia entre os povos, gera\u00e7\u00f5es e com a natureza (IL, n. 75).<\/p>\n<p style=\"text-align: justify\">Mas do ponto de vista amaz\u00f4nico a fam\u00edlia foi vitima do colonialismo e de um novo colonialismo no presente. No passado, a fam\u00edlia foi qualificada como selvagem ou primitiva. No momento atual a imposi\u00e7\u00e3o de um modelo econ\u00f4mico ocidental extrativista atinge as fam\u00edlias, invadindo e destruindo suas terras, suas culturas e suas vidas, tendo como conseq\u00fc\u00eancia para as cidades e periferias. As mudan\u00e7as da \u00e9poca moderna afetam a fam\u00edlia amaz\u00f4nica, com novos formatos tais como a responsabilidade da mulher na fam\u00edlia, aumento de fam\u00edlias separadas, diminui\u00e7\u00e3o de casamentos a partir do matrimonio eclesial. Constata-se o aumento da viol\u00eancia intra familiar, mas sobretudo os assassinatos de mulheres muitas vezes dados por seus companheiros, a explora\u00e7\u00e3o sexual infantil, o crescente n\u00famero de adolescentes gr\u00e1vidas e de abortos (IL, n. 77). Temos tamb\u00e9m o assassinato de agricultores sem terra. Muitas fam\u00edlias sofrem a pobreza, a precariedade da habita\u00e7\u00e3o, a falta de emprego, o consumo de drogas, discrimina\u00e7\u00e3o, a falta de apoio \u00e0 sa\u00fade dos povos ind\u00edgenas.<\/p>\n<p style=\"text-align: justify\">Mas \u00e9 muito importante o trabalho da evangeliza\u00e7\u00e3o da Igreja no sentido da fam\u00edlia na realidade amaz\u00f4nica. Deve-se fortalecer sempre mais a estrutura comunit\u00e1ria, familiar dos povos. As pol\u00edticas p\u00fablicas devem favorecer a identidade familiar e coletiva para promover o bem comum. H\u00e1 tamb\u00e9m o ECC: Encontro de Casais com Cristo, servi\u00e7o muito importante na vida eclesial que prepara casais para a Pastoral familiar na vida da comunidade e da sociedade. Neste sentido, a Pastoral familiar est\u00e1 trabalhando em nossas comunidades, par\u00f3quias, dioceses, para favorecer a unidade na fam\u00edlia, preparando os casais para assumirem o matrim\u00f4nio crist\u00e3o, cat\u00f3lico, constituindo fam\u00edlias unidas, participativas e que se queiram bem. O IL fala de articular uma pastoral familiar que siga as indica\u00e7\u00f5es da Exorta\u00e7\u00e3o Apost\u00f3lica <em>Amoris Laetitia<\/em> que acompanhe, integre e n\u00e3o exclua a fam\u00edlia ferida, que console a todos, e que possa formar agentes de pastorais que leve em considera\u00e7\u00e3o os recentes s\u00ednodos e a realidade amaz\u00f4nica, e que a fam\u00edlia seja a protagonista da hist\u00f3ria (IL, n. 79, d). Vemos a import\u00e2ncia da fam\u00edlia no contexto amaz\u00f4nico e eclesial porque tudo nasce da fam\u00edlia e a nossa vida de seguidores de Jesus Cristo tem como ponto fundamental a fam\u00edlia. A Sagrada Fam\u00edlia de Nazar\u00e9 aben\u00e7oe a todas as fam\u00edlias sobretudo aquelas do contexto amaz\u00f4nico.<\/p>\n","protected":false},"excerpt":{"rendered":"<p>Dom Vital Corbellini Bispo de Marab\u00e1 (PA) O Senhor Jesus Cristo nasceu em uma fam\u00edlia humana, tendo como pais adotivos Jos\u00e9 e Maria. Se Ela foi fundamental para o Senhor Jesus Cristo, o \u00e9 tamb\u00e9m na vida pessoal, comunit\u00e1ria e social de todos n\u00f3s seguidores de Jesus Cristo. A vida familiar \u00e9 gra\u00e7a de Deus &hellip;<\/p>\n<p class=\"read-more\"> <a class=\"\" href=\"https:\/\/www.cnbb.org.br\/o-valor-da-familia-no-sinodo-da-amazonia\/\"> <span class=\"screen-reader-text\">O valor da fam\u00edlia no S\u00ednodo da Amaz\u00f4nia<\/span> Leia mais &raquo;<\/a><\/p>\n","protected":false},"author":16,"featured_media":0,"comment_status":"closed","ping_status":"open","sticky":false,"template":"","format":"standard","meta":{"site-sidebar-layout":"default","site-content-layout":"default","ast-global-header-display":"","ast-banner-title-visibility":"","ast-main-header-display":"","ast-hfb-above-header-display":"","ast-hfb-below-header-display":"","ast-hfb-mobile-header-display":"","site-post-title":"","ast-breadcrumbs-content":"","ast-featured-img":"","footer-sml-layout":"","theme-transparent-header-meta":"","adv-header-id-meta":"","stick-header-meta":"","header-above-stick-meta":"","header-main-stick-meta":"","header-below-stick-meta":""},"categories":[758],"tags":[],"acf":[],"_links":{"self":[{"href":"https:\/\/www.cnbb.org.br\/cnbb-app\/wp\/v2\/posts\/35003"}],"collection":[{"href":"https:\/\/www.cnbb.org.br\/cnbb-app\/wp\/v2\/posts"}],"about":[{"href":"https:\/\/www.cnbb.org.br\/cnbb-app\/wp\/v2\/types\/post"}],"author":[{"embeddable":true,"href":"https:\/\/www.cnbb.org.br\/cnbb-app\/wp\/v2\/users\/16"}],"replies":[{"embeddable":true,"href":"https:\/\/www.cnbb.org.br\/cnbb-app\/wp\/v2\/comments?post=35003"}],"version-history":[{"count":0,"href":"https:\/\/www.cnbb.org.br\/cnbb-app\/wp\/v2\/posts\/35003\/revisions"}],"wp:attachment":[{"href":"https:\/\/www.cnbb.org.br\/cnbb-app\/wp\/v2\/media?parent=35003"}],"wp:term":[{"taxonomy":"category","embeddable":true,"href":"https:\/\/www.cnbb.org.br\/cnbb-app\/wp\/v2\/categories?post=35003"},{"taxonomy":"post_tag","embeddable":true,"href":"https:\/\/www.cnbb.org.br\/cnbb-app\/wp\/v2\/tags?post=35003"}],"curies":[{"name":"wp","href":"https:\/\/api.w.org\/{rel}","templated":true}]}}