{"id":35004,"date":"2019-08-19T00:00:00","date_gmt":"2019-08-19T03:00:00","guid":{"rendered":"https:\/\/www.cnbb.org.br\/consep-e-grupo-de-assessores-das-comissoes-se-reunem-na-cnbb-esta-semana\/"},"modified":"2019-08-19T00:00:00","modified_gmt":"2019-08-19T03:00:00","slug":"consep-e-grupo-de-assessores-das-comissoes-se-reunem-na-cnbb-esta-semana","status":"publish","type":"post","link":"https:\/\/www.cnbb.org.br\/consep-e-grupo-de-assessores-das-comissoes-se-reunem-na-cnbb-esta-semana\/","title":{"rendered":"Consep e Grupo de Assessores das Comiss\u00f5es se re\u00fanem na CNBB esta semana"},"content":{"rendered":"<p style=\"text-align: justify\">Ter\u00e7a e quarta, 20 a 21 de agosto, encontra-se na sede da Confer\u00eancia Nacional dos Bispos do Brasil (CNBB), em Bras\u00edlia (DF), o Conselho Episcopal Pastoral (Consep). A segunda reuni\u00e3o do organismo com a nova forma\u00e7\u00e3o, uma vez que a Presid\u00eancia e os presidentes das Comiss\u00f5es Episcopais Pastorais foram eleitos durante a 57\u00aa Assembleia Geral da entidade. Esta reuni\u00e3o tamb\u00e9m contar\u00e1 com novos assessores que chegaram para o trabalho das 12 comiss\u00f5es episcopais pastorais da entidade.<\/p>\n<p style=\"text-align: justify\">Segundo o bispo-auxiliar do Rio de Janeiro e secret\u00e1rio-geral da CNBB, dom Joel Portella, em carta convocat\u00f3ria aos participantes, \u00e9 tempo de acolher os que chegam e ratificar a alegria com os que permanecem no servi\u00e7o \u00e0s comiss\u00f5es.<\/p>\n<p style=\"text-align: justify\">Um dos pontos centrais da pauta, ser\u00e1 sobre os novos caminhos propostos para a Igreja pelo papa Francisco, a reflex\u00e3o sobre as novas Diretrizes Gerais e a sua aplica\u00e7\u00e3o a cada Comiss\u00e3o bem como o Plano Quadrienal, que est\u00e1 sendo sistematizado ap\u00f3s a defini\u00e7\u00e3o das novas diretrizes.<\/p>\n<p style=\"text-align: justify\">O grupo tamb\u00e9m refletir\u00e1 sobre os processos em curso na Igreja no Brasil do M\u00eas Mission\u00e1rio Extraordin\u00e1rio, cujo ponto alto \u00e9 no m\u00eas de outubro, e deliberar\u00e1 sobre as Campanhas (Fraternidade 2020 e Evangeliza\u00e7\u00e3o 2019) e sobre as novas propostas de comunica\u00e7\u00e3o para entidade.<\/p>\n<p style=\"text-align: justify\">Nos dias 22 e 23, segue a reuni\u00e3o do Grupo de Assessores (GA) das comiss\u00f5es episcopais pastorais da CNBB para dar prosseguimento aos encaminhamentos do Consep.<\/p>\n","protected":false},"excerpt":{"rendered":"<p>Segundo dom Joel Portella \u00e9 tempo de acolher quem chega e ratificar a alegria com os que permanecem no servi\u00e7o \u00e0s comiss\u00f5es<\/p>\n","protected":false},"author":83,"featured_media":2194,"comment_status":"closed","ping_status":"open","sticky":false,"template":"","format":"standard","meta":{"site-sidebar-layout":"default","site-content-layout":"default","ast-global-header-display":"","ast-banner-title-visibility":"","ast-main-header-display":"","ast-hfb-above-header-display":"","ast-hfb-below-header-display":"","ast-hfb-mobile-header-display":"","site-post-title":"","ast-breadcrumbs-content":"","ast-featured-img":"","footer-sml-layout":"","theme-transparent-header-meta":"","adv-header-id-meta":"","stick-header-meta":"","header-above-stick-meta":"","header-main-stick-meta":"","header-below-stick-meta":""},"categories":[824,744],"tags":[],"acf":[],"_links":{"self":[{"href":"https:\/\/www.cnbb.org.br\/cnbb-app\/wp\/v2\/posts\/35004"}],"collection":[{"href":"https:\/\/www.cnbb.org.br\/cnbb-app\/wp\/v2\/posts"}],"about":[{"href":"https:\/\/www.cnbb.org.br\/cnbb-app\/wp\/v2\/types\/post"}],"author":[{"embeddable":true,"href":"https:\/\/www.cnbb.org.br\/cnbb-app\/wp\/v2\/users\/83"}],"replies":[{"embeddable":true,"href":"https:\/\/www.cnbb.org.br\/cnbb-app\/wp\/v2\/comments?post=35004"}],"version-history":[{"count":0,"href":"https:\/\/www.cnbb.org.br\/cnbb-app\/wp\/v2\/posts\/35004\/revisions"}],"wp:featuredmedia":[{"embeddable":true,"href":"https:\/\/www.cnbb.org.br\/cnbb-app\/wp\/v2\/media\/2194"}],"wp:attachment":[{"href":"https:\/\/www.cnbb.org.br\/cnbb-app\/wp\/v2\/media?parent=35004"}],"wp:term":[{"taxonomy":"category","embeddable":true,"href":"https:\/\/www.cnbb.org.br\/cnbb-app\/wp\/v2\/categories?post=35004"},{"taxonomy":"post_tag","embeddable":true,"href":"https:\/\/www.cnbb.org.br\/cnbb-app\/wp\/v2\/tags?post=35004"}],"curies":[{"name":"wp","href":"https:\/\/api.w.org\/{rel}","templated":true}]}}