{"id":35023,"date":"2019-08-21T00:00:00","date_gmt":"2019-08-21T03:00:00","guid":{"rendered":"https:\/\/www.cnbb.org.br\/catequistas-refletem-a-iniciacao-a-vida-crista-na-perspectiva-sinodal\/"},"modified":"2019-08-21T00:00:00","modified_gmt":"2019-08-21T03:00:00","slug":"catequistas-refletem-a-iniciacao-a-vida-crista-na-perspectiva-sinodal","status":"publish","type":"post","link":"https:\/\/www.cnbb.org.br\/catequistas-refletem-a-iniciacao-a-vida-crista-na-perspectiva-sinodal\/","title":{"rendered":"Catequistas refletem a Inicia\u00e7\u00e3o \u00e0 Vida Crist\u00e3 na perspectiva sinodal"},"content":{"rendered":"<p style=\"text-align: justify\">Foi realizado entre os dias 15 e 18 de agosto, o V Congresso Regional B\u00edlico-Catequ\u00e9tico, do Regional Norte 2 da CNBB. O evento promovido pela Comiss\u00e3o B\u00edblico-Catequ\u00e9tica do Regional, teve lugar na cidade de \u00d3bidos, sede da diocese de mesmo nome. Ao longo dos quatro dias de congresso, cerca de 240 catequistas, religiosos e sacerdotes participaram de extensa programa\u00e7\u00e3o que contou com confer\u00eancias, din\u00e2micas de debate em pequenos grupos, exposi\u00e7\u00e3o de s\u00ednteses, al\u00e9m de apresenta\u00e7\u00f5es culturais.<\/p>\n<p style=\"text-align: justify\">O evento teve in\u00edcio na tarde de quinta-feira, 15, com uma Celebra\u00e7\u00e3o Eucar\u00edstica presida pelo bispo de \u00d3bidos-PA, dom Bernardo Bahlmann, e concelebrada por dom Carlos Verzeletti, bispo de Castanhal-PA e referencial regional da Comiss\u00e3o Episcopal Pastoral B\u00edblico-Catequ\u00e9tica. V\u00e1rios sacerdotes de diversas dioceses e prelazias tamb\u00e9m participaram. Na ocasi\u00e3o, dom Bernardo deu as boas-vindas e falou de sua alegria em receber cada congressista, de modo particular por terem escolhido o cora\u00e7\u00e3o da Amaz\u00f4nia para viver esse congresso num tempo t\u00e3o especial como este, \u00e0s v\u00e9speras do S\u00ednodo dos Bispos para a Amaz\u00f4nia. Por fim, o religioso apresentou um grupo de jovens alem\u00e3es, alguns estudantes universit\u00e1rios, outros membros de um grupo vocacional, vindos da Arquidiocese de Paderborn (Alemanha).<\/p>\n<p><a href=\"http:\/\/cnbbn2.com.br\/catequistas-refletem-a-iniciacao-a-vida-crista-na-perspectiva-sinodal\/\" target=\"_blank\" rel=\"noopener\">Confira a not\u00edcia na \u00edntegra.\u00a0<\/a><\/p>\n","protected":false},"excerpt":{"rendered":"<p>Foi realizado entre os dias 15 e 18 de agosto, em \u00d3bidos (PA), o V Congresso Regional B\u00edlico-Catequ\u00e9tico, do regional Norte 2 da CNBB<\/p>\n","protected":false},"author":83,"featured_media":35024,"comment_status":"closed","ping_status":"open","sticky":false,"template":"","format":"standard","meta":{"site-sidebar-layout":"default","site-content-layout":"default","ast-global-header-display":"","ast-banner-title-visibility":"","ast-main-header-display":"","ast-hfb-above-header-display":"","ast-hfb-below-header-display":"","ast-hfb-mobile-header-display":"","site-post-title":"","ast-breadcrumbs-content":"","ast-featured-img":"","footer-sml-layout":"","theme-transparent-header-meta":"","adv-header-id-meta":"","stick-header-meta":"","header-above-stick-meta":"","header-main-stick-meta":"","header-below-stick-meta":""},"categories":[822,769],"tags":[],"acf":[],"_links":{"self":[{"href":"https:\/\/www.cnbb.org.br\/cnbb-app\/wp\/v2\/posts\/35023"}],"collection":[{"href":"https:\/\/www.cnbb.org.br\/cnbb-app\/wp\/v2\/posts"}],"about":[{"href":"https:\/\/www.cnbb.org.br\/cnbb-app\/wp\/v2\/types\/post"}],"author":[{"embeddable":true,"href":"https:\/\/www.cnbb.org.br\/cnbb-app\/wp\/v2\/users\/83"}],"replies":[{"embeddable":true,"href":"https:\/\/www.cnbb.org.br\/cnbb-app\/wp\/v2\/comments?post=35023"}],"version-history":[{"count":0,"href":"https:\/\/www.cnbb.org.br\/cnbb-app\/wp\/v2\/posts\/35023\/revisions"}],"wp:featuredmedia":[{"embeddable":true,"href":"https:\/\/www.cnbb.org.br\/cnbb-app\/wp\/v2\/media\/35024"}],"wp:attachment":[{"href":"https:\/\/www.cnbb.org.br\/cnbb-app\/wp\/v2\/media?parent=35023"}],"wp:term":[{"taxonomy":"category","embeddable":true,"href":"https:\/\/www.cnbb.org.br\/cnbb-app\/wp\/v2\/categories?post=35023"},{"taxonomy":"post_tag","embeddable":true,"href":"https:\/\/www.cnbb.org.br\/cnbb-app\/wp\/v2\/tags?post=35023"}],"curies":[{"name":"wp","href":"https:\/\/api.w.org\/{rel}","templated":true}]}}