{"id":35026,"date":"2019-08-21T00:00:00","date_gmt":"2019-08-21T03:00:00","guid":{"rendered":"https:\/\/www.cnbb.org.br\/vamos-a-casa-da-mae\/"},"modified":"2019-08-21T00:00:00","modified_gmt":"2019-08-21T03:00:00","slug":"vamos-a-casa-da-mae","status":"publish","type":"post","link":"https:\/\/www.cnbb.org.br\/vamos-a-casa-da-mae\/","title":{"rendered":"Vamos \u00e0 casa da M\u00e3e!"},"content":{"rendered":"<p style=\"text-align: right\"><strong>Cardeal Orani Jo\u00e3o\u00a0 Tempesta<br \/>\n<\/strong><strong>Arcebispo do Rio de Janeiro<\/strong><\/p>\n<p style=\"text-align: justify\"><strong>\u00a0<\/strong><\/p>\n<p style=\"text-align: justify\">Nossa Arquidiocese, no pr\u00f3ximo s\u00e1bado, dia 31 de agosto, vive mais uma bela experi\u00eancia que se tornou tradicional no \u00faltimo s\u00e1bado de agosto: ela se coloca no cora\u00e7\u00e3o da M\u00e3e, Padroeira e Rainha do Brasil, em nossa romaria arquidiocesana. Ser\u00e1 um momento importante da gra\u00e7a de Deus para todos n\u00f3s: <em>\u201cAs peregrina\u00e7\u00f5es evocam nossa caminhada pela terra em dire\u00e7\u00e3o ao c\u00e9u. S\u00e3o tradicionalmente tempos fortes de renova\u00e7\u00e3o da ora\u00e7\u00e3o. Os santu\u00e1rios s\u00e3o para os peregrinos, em busca de suas fontes vivas, lugares excepcionais para viver \u2018como Igreja\u2019 as formas da ora\u00e7\u00e3o crist\u00e3\u201d.<\/em> (<em>Catecismo da Igreja Cat\u00f3lica<\/em>\u00a0n\u00ba 2.691)<\/p>\n<p style=\"text-align: justify\">\u00a0Estaremos todos: bispos, padres, religiosos, seminaristas, lideran\u00e7as pastorais e fi\u00e9is de nossa Arquidiocese juntos com tantos outros peregrinos do Brasil, no Santu\u00e1rio Nacional de Nossa Senhora da Concei\u00e7\u00e3o Aparecida para a nossa a\u00e7\u00e3o de gra\u00e7as a Deus por tantos benef\u00edcios que Ele tem concedido \u00e0 nossa Igreja Arquidiocesana.<\/p>\n<p style=\"text-align: justify\">O Papa Jo\u00e3o Paulo II, ao falar sobre as peregrina\u00e7\u00f5es no contexto do Jubileo do ano 2000, assim dizia: \u201c<em>A peregrina\u00e7\u00e3o simboliza a experi\u00eancia do\u00a0homem peregrino\u00a0que, apenas sa\u00eddo do seio materno, empreende o caminho do tempo e do espa\u00e7o da sua exist\u00eancia; a experi\u00eancia fundamental de Israel, que est\u00e1 em marcha rumo \u00e0 terra prometida da salva\u00e7\u00e3o e da liberdade plena; a experi\u00eancia de Cristo, que da terra de Jerusal\u00e9m sobe at\u00e9 ao c\u00e9u, abrindo o percurso em dire\u00e7\u00e3o do Pai; a experi\u00eancia da Igreja, que procede na hist\u00f3ria rumo \u00e0 Jerusal\u00e9m celeste; a experi\u00eancia de toda a humanidade, que se protende para a esperan\u00e7a e a plenitude<\/em>\u201d (<em>A peregrina\u00e7\u00e3o no Grande Jubileu do ano<\/em>\u00a02000, n\u00ba 43).<\/p>\n<p style=\"text-align: justify\">Iremos, de maneira especial, neste ano vocacional sacerdotal, agradecer e pedir pelas voca\u00e7\u00f5es sacerdotais presentes, atuantes e santas para a Igreja formadas em nossa arquidiocese. Nossa romaria tem, neste ano, como tema: <em>Ano Vocacional Sacerdotal: Virgem Maria, M\u00e3e dos Sacerdotes: \u201cEis-me aqui!\u201d<\/em> (Is 6,8). Sendo Maria, a primeira vocacionada do Pai, que Ela continue a preparar os cora\u00e7\u00f5es de tantos crist\u00e3os para responder assim com ela o \u201c<em>fa\u00e7a-se<\/em>\u201d.\u00a0 Sendo os sacerdotes os filhos prediletos de Maria, pe\u00e7amos em especial que ela continua guardado esses seus filhos.<\/p>\n<p style=\"text-align: justify\">Todos os que peregrinam ao Santu\u00e1rio Nacional da Padroeira do Brasil experimentam, aos poucos, a gra\u00e7a de sentirem-se acolhidos por Maria Sant\u00edssima como filhos. Por meio de seu cora\u00e7\u00e3o materno, vivenciam o quanto Deus os ama e colocam-se a seu servi\u00e7o, confiantes na sua Provid\u00eancia Divina. A peregrina\u00e7\u00e3o anual de nossa Arquidiocese \u00e9 um momento de transforma\u00e7\u00e3o interior.<\/p>\n<p style=\"text-align: justify\">A programa\u00e7\u00e3o da nossa Romaria come\u00e7ar\u00e1 \u00e0s 6h30min, com a concentra\u00e7\u00e3o na Tribuna do Papa Bento XVI. \u00c0s 7h iniciar\u00e1 a recita\u00e7\u00e3o do ros\u00e1rio. \u00c0s 8h iremos nos deslocar para o interior da Bas\u00edlica para participar da missa solene \u00e0s 9hs que ser\u00e1 transmitida pela m\u00eddia cat\u00f3lica. Ap\u00f3s a missa continuaremos a recita\u00e7\u00e3o do ros\u00e1rio pelas ruas da cidade at\u00e9 chegar aos p\u00e9s do morro do cruzeiro, quando faremos devotamente a via-sacra, ap\u00f3s a qual encerramos os eventos arquidiocesanos. A partir da\u00ed as par\u00f3quias t\u00eam suas pr\u00f3prias programa\u00e7\u00f5es e visitas.<\/p>\n<p style=\"text-align: justify\">Nossa arquidiocese tem uma grande liga\u00e7\u00e3o com a Senhora de Aparecida. A primeira romaria para o Santu\u00e1rio Nacional aconteceu em 1902, motivada pelo Cardeal Arcoverde, em prepara\u00e7\u00e3o ao jubileu de ouro da proclama\u00e7\u00e3o do Dogma da Imaculada Concei\u00e7\u00e3o, que aconteceria dois anos depois. Mas foi a partir de 1931 que a peregrina\u00e7\u00e3o ganhou maior impulso, ap\u00f3s a visita da imagem de Nossa Senhora Aparecida ao Rio de Janeiro, quando foi proclamada Padroeira do Brasil, no dia 31 de maio desse ano.<\/p>\n<p style=\"text-align: justify\">Em 1929 surgiu o desejo de solicitar ao Santo Padre o Papa Pio XI, de declarar Nossa Senhora da Concei\u00e7\u00e3o Aparecida, ent\u00e3o Rainha, agora Padroeira do Brasil. O pedido fora enviado pelo Arcebispo de S\u00e3o Sebasti\u00e3o do Rio de Janeiro, o Cardeal Dom Sebasti\u00e3o Leme, e foi acolhido pelo Romano Pont\u00edfice em 16 de julho de 1930, com a mensagem contendo os seguintes dizeres: \u201c<em>Constitu\u00edmos e declaramos a Beat\u00edssima Virgem Maria, concebida sem mancha, conhecida sob o t\u00edtulo de \u2018Aparecida\u2019 Padroeira principal de todo o Brasil diante de Deus.\u201d<\/em><\/p>\n<p style=\"text-align: justify\">A\u00a0proclama\u00e7\u00e3o solene de Nossa Senhora Aparecida como Padroeira do Brasil ocorreu no Rio de Janeiro, ent\u00e3o capital do pa\u00eds, no dia 31 de maio de 1931. \u00c0 capital do pa\u00eds acorreram cerca de um milh\u00e3o de pessoas. Estiveram presentes no ato de Proclama\u00e7\u00e3o Patronal o ent\u00e3o Presidente da Rep\u00fablica o Sr. Get\u00falio Dornelles Vargas, seus ministros e autoridades civis e militares, que aos p\u00e9s da Virgem, prestaram a rever\u00eancia do Estado.<\/p>\n<p style=\"text-align: justify\">A imagem hist\u00f3rica esteve presente no ato de Proclama\u00e7\u00e3o Patronal. Ele veio em viagem de trem de Aparecida ao Rio de Janeiro, em vag\u00e3o devidamente preparado e decorado, acompanhada de distinto grupo eclesi\u00e1stico. Foi esta a\u00a0primeira vez que a imagem saiu da cidade de Aparecida\/SP. A Proclama\u00e7\u00e3o aconteceu na Pra\u00e7a da Esplanada do Castelo, na Ba\u00eda de Guanabara; ap\u00f3s missa campal celebrada em frente \u00e0 igreja de S\u00e3o Francisco de Paula. Neste dia solene e festivo, em seu discurso, o Cardeal Leme, ajoelhado aos p\u00e9s da imagem, asseverou:<\/p>\n<p style=\"text-align: justify\"><em>\u201cSenhora Aparecida, o Brasil \u00e9 vosso! Rainha do Brasil, aben\u00e7oai a nossa gente! (&#8230;) Senhora Aparecida, o Brasil vos ama, o Brasil em v\u00f3s confia! Senhora Aparecida, o Brasil vos aclama! Salve, Rainha!\u201d<br \/>\n<\/em>O Papa Francisco, em Aparecida, nos ensinou que: \u201c<em>\u00c9 de Maria que se aprende o verdadeiro discipulado. E por isso a Igreja sai em miss\u00e3o sempre na esteira de Maria. Venho hoje bater \u00e0 porta da casa de Maria, que amou e educou Jesus, para que ajude todos n\u00f3s, os Pastores do Povo de Deus, os pais e os educadores a transmitir aos nossos jovens os valores que far\u00e3o deles construtores de um pa\u00eds e de um mundo mais justo, solid\u00e1rio e fraterno. Para tal, gostaria de chamar a aten\u00e7\u00e3o para tr\u00eas simples posturas: conservar a esperan\u00e7a, deixar-se surpreender por Deus e viver na alegria<\/em>\u201d.<\/p>\n<p style=\"text-align: justify\">\u00a0Eu, igualmente, tamb\u00e9m gostaria que as tr\u00eas posturas propostas pelo nosso amado Papa Francisco fossem assumidas pela Igreja do Rio de Janeiro, ou seja, que conservemos sempre a esperan\u00e7a, que nos deixemos surpreender por Deus e que vivamos plenamente na alegria. Assim, como mission\u00e1rios permanentes poderemos contagiar com a Boa e alegre Not\u00edcia da Salva\u00e7\u00e3o a nossa querida metr\u00f3pole.<\/p>\n<p style=\"text-align: justify\">Cremos que somos amados por Deus, e, por isso, o amor nos impulsiona a viver de acordo com ensinamentos de Cristo.<\/p>\n<p style=\"text-align: justify\">Nossa Senhora Aparecida intercede a Jesus as gra\u00e7as que necessitamos para o seguimento do Evangelho e o an\u00fancio da salva\u00e7\u00e3o. Como o Pai lhe confiou a educa\u00e7\u00e3o humana de seu Filho, assim tamb\u00e9m acreditamos que a Virgem Aparecida nos ajuda a formar nossa vida \u00e0 sua semelhan\u00e7a.<\/p>\n<p style=\"text-align: justify\">O Papa Francisco tem insistido muito na evangeliza\u00e7\u00e3o, proclamando at\u00e9 o m\u00eas de outubro deste ano como m\u00eas mission\u00e1rio extraordin\u00e1rio com o tema: BATIZADOS E ENVIADOS. A Igreja de Cristo em miss\u00e3o no mundo. Maria, a primeira disc\u00edpula mission\u00e1ria, que vai \u00e0s pressas visitar sua prima Isabel sendo j\u00e1 portadora da Boa-Nova em seu ventre, ensina-nos a fazer tudo o que Jesus nos disser. As palavras comovem e os exemplos arrastam, assim, a transforma\u00e7\u00e3o do nosso interior faz com que, por meio de n\u00f3s, muitos encontrem o caminho de volta \u00e0 casa do Pai. Nosso apostolado torna-se uma express\u00e3o de amor, por isso, generoso, humilde e acompanhado com as b\u00ean\u00e7\u00e3os da Virgem Maria.<\/p>\n<p style=\"text-align: justify\">Nossa Senhora Aparecida nos aponta para Jesus Cristo ressuscitado, como nos ensinou ainda o Papa Francisco em Aparecida: &#8220;Se estivermos verdadeiramente enamorados de Cristo e sentirmos o quanto Ele nos ama, o nosso cora\u00e7\u00e3o se \u201cincendiar\u00e1\u201d de tal alegria que contagiar\u00e1 quem estiver ao nosso lado. Como dizia Bento XVI: \u00abO disc\u00edpulo sabe que sem Cristo n\u00e3o h\u00e1 luz, n\u00e3o h\u00e1 esperan\u00e7a, n\u00e3o h\u00e1 amor, n\u00e3o h\u00e1 futuro\u201d (Discurso inaugural da Confer\u00eancia de Aparecida).<\/p>\n<p style=\"text-align: justify\">Vamos bater \u00e0 porta da casa de Maria. Ela abrir-nos-\u00e1 e nos far\u00e1 entrar e nos apontar\u00e1 o seu Filho. Ela nos pede: \u00ab<em>Fazei o que Ele vos disser<\/em>\u00bb (Jo 2,5). Sim, M\u00e3e nossa, n\u00f3s nos comprometemos a fazer o que Jesus nos disser! E o faremos com esperan\u00e7a, confiantes nas surpresas de Deus e cheios de alegria.<\/p>\n<p style=\"text-align: justify\">Que nossa 87\u00aa Romaria continua, desde a primeira h\u00e1 117 anos, junto da Virgem Maria nos instrua a pedir que Maria Sant\u00edssima nos ensine a transformar em fatos concretos as maravilhas que Deus continua a realizar em nossa Arquidiocese, de maneira especial pelas voca\u00e7\u00f5es.<\/p>\n<p style=\"text-align: justify\">\u00a0Que todos n\u00f3s possamos ser, realmente, homens e mulheres, jovens, adolescentes, crian\u00e7as e, acima de tudo, crist\u00e3os capazes de conservar a esperan\u00e7a, deixar-se surpreender por Deus e viver na alegria. E que, saibamos, principalmente, rezar pelas voca\u00e7\u00f5es sacerdotais, rezar pelos nossos sacerdotes e rezar por nossos jovens. Que a Virgem Aparecida nos mantenha neste bom prop\u00f3sito! Boa e santa romaria para todos! Espero encontrar a todos em Aparecida.<\/p>\n<p><strong>\u00a0<\/strong><\/p>\n<p>&nbsp;<\/p>\n","protected":false},"excerpt":{"rendered":"<p>Cardeal Orani Jo\u00e3o\u00a0 Tempesta Arcebispo do Rio de Janeiro \u00a0 Nossa Arquidiocese, no pr\u00f3ximo s\u00e1bado, dia 31 de agosto, vive mais uma bela experi\u00eancia que se tornou tradicional no \u00faltimo s\u00e1bado de agosto: ela se coloca no cora\u00e7\u00e3o da M\u00e3e, Padroeira e Rainha do Brasil, em nossa romaria arquidiocesana. Ser\u00e1 um momento importante da gra\u00e7a &hellip;<\/p>\n<p class=\"read-more\"> <a class=\"\" href=\"https:\/\/www.cnbb.org.br\/vamos-a-casa-da-mae\/\"> <span class=\"screen-reader-text\">Vamos \u00e0 casa da M\u00e3e!<\/span> Leia mais &raquo;<\/a><\/p>\n","protected":false},"author":31,"featured_media":0,"comment_status":"closed","ping_status":"open","sticky":false,"template":"","format":"standard","meta":{"site-sidebar-layout":"default","site-content-layout":"default","ast-global-header-display":"","ast-banner-title-visibility":"","ast-main-header-display":"","ast-hfb-above-header-display":"","ast-hfb-below-header-display":"","ast-hfb-mobile-header-display":"","site-post-title":"","ast-breadcrumbs-content":"","ast-featured-img":"","footer-sml-layout":"","theme-transparent-header-meta":"","adv-header-id-meta":"","stick-header-meta":"","header-above-stick-meta":"","header-main-stick-meta":"","header-below-stick-meta":""},"categories":[758],"tags":[],"acf":[],"_links":{"self":[{"href":"https:\/\/www.cnbb.org.br\/cnbb-app\/wp\/v2\/posts\/35026"}],"collection":[{"href":"https:\/\/www.cnbb.org.br\/cnbb-app\/wp\/v2\/posts"}],"about":[{"href":"https:\/\/www.cnbb.org.br\/cnbb-app\/wp\/v2\/types\/post"}],"author":[{"embeddable":true,"href":"https:\/\/www.cnbb.org.br\/cnbb-app\/wp\/v2\/users\/31"}],"replies":[{"embeddable":true,"href":"https:\/\/www.cnbb.org.br\/cnbb-app\/wp\/v2\/comments?post=35026"}],"version-history":[{"count":0,"href":"https:\/\/www.cnbb.org.br\/cnbb-app\/wp\/v2\/posts\/35026\/revisions"}],"wp:attachment":[{"href":"https:\/\/www.cnbb.org.br\/cnbb-app\/wp\/v2\/media?parent=35026"}],"wp:term":[{"taxonomy":"category","embeddable":true,"href":"https:\/\/www.cnbb.org.br\/cnbb-app\/wp\/v2\/categories?post=35026"},{"taxonomy":"post_tag","embeddable":true,"href":"https:\/\/www.cnbb.org.br\/cnbb-app\/wp\/v2\/tags?post=35026"}],"curies":[{"name":"wp","href":"https:\/\/api.w.org\/{rel}","templated":true}]}}