{"id":35035,"date":"2019-08-22T00:00:00","date_gmt":"2019-08-22T03:00:00","guid":{"rendered":"https:\/\/www.cnbb.org.br\/a-vocacao-dos-cristaos-leigos-e-leigas-na-vida-da-igreja-e-na-sociedade\/"},"modified":"2019-08-22T00:00:00","modified_gmt":"2019-08-22T03:00:00","slug":"a-vocacao-dos-cristaos-leigos-e-leigas-na-vida-da-igreja-e-na-sociedade","status":"publish","type":"post","link":"https:\/\/www.cnbb.org.br\/a-vocacao-dos-cristaos-leigos-e-leigas-na-vida-da-igreja-e-na-sociedade\/","title":{"rendered":"A voca\u00e7\u00e3o dos crist\u00e3os leigos e leigas na vida da Igreja e na sociedade!"},"content":{"rendered":"<p style=\"text-align: right\"><strong>Dom Jos\u00e9 Gislon<\/strong><br \/>\n<strong>Administrador Apost\u00f3lico da Diocese de Erexim<\/strong><\/p>\n<p>&nbsp;<\/p>\n<p style=\"text-align: justify\">Estimados Diocesanos! Neste ano, na Igreja, nos preparamos para celebrar o M\u00eas Mission\u00e1rio Extraordin\u00e1rio. Ele ressalta que miss\u00e3o faz parte da vida do crist\u00e3o e da Igreja comunidade de f\u00e9. Sem ela, a Igreja deixa de viver o mandato de Cristo: \u201cIde pelo mundo inteiro, proclamai o Evangelho a toda criatura\u201d (Mc 16,15).<\/p>\n<p style=\"text-align: justify\">Esta miss\u00e3o do an\u00fancio \u00e9 assumida com amor e generosidade por muitos leigos e leigas em nossas comunidades. Por isso, quero manifestar, neste M\u00eas Vocacional, minha gratid\u00e3o aos leigos e leigas que participam ativamente na Igreja comunidade de f\u00e9. Em outras palavras, participam da Igreja, povo de Deus, assumindo, pelo testemunho do amor servi\u00e7o, os v\u00e1rios minist\u00e9rios que d\u00e3o vida e identidade de f\u00e9 \u00e0s comunidades.<\/p>\n<p style=\"text-align: justify\">O documento 105 da CNBB, que reflete sobre a participa\u00e7\u00e3o dos \u201cCrist\u00e3os leigos e leigas na Igreja e na sociedade\u201d, no n\u00ba 11 diz: \u201cComo crist\u00e3os, somos chamados a viver como disc\u00edpulos de Jesus Cristo em nosso dia a dia. A partir da sua voca\u00e7\u00e3o especifica, os crist\u00e3os leigos e leigas vivem o seguimento de Jesus na fam\u00edlia, na comunidade eclesial, no trabalho profissional, na multiforme participa\u00e7\u00e3o na sociedade civil, colaborando assim na constru\u00e7\u00e3o de uma sociedade justa, solid\u00e1ria e pac\u00edfica, que seja sinal do Reino de Deus inaugurado por Jesus de Nazar\u00e9\u201d.<\/p>\n<p style=\"text-align: justify\">Essa colabora\u00e7\u00e3o est\u00e1 aberta a todos e envolve desde os coroinhas que ajudam nas missas, os adolescentes, os jovens e todos aqueles e aquelas que atuam nas pastorais, as catequistas, zeladoras de capelinhas, membros dos conselhos e coordenadores dos movimentos e outros. Quanto mais os leigos estiverem inseridos e forem atuantes na Igreja, mais ela viver\u00e1 a sua miss\u00e3o no mundo.<\/p>\n<p style=\"text-align: justify\">Estamos vivendo um momento da hist\u00f3ria e na vida da Igreja em que precisamos romper com alguns paradigmas. Um deles \u00e9 pensar que a \u201cmiss\u00e3o\u201d \u00e9 de responsabilidade apenas dos padres, dos religiosos, das religiosas e n\u00e3o dos leigos. A participa\u00e7\u00e3o dos leigos e leigas na a\u00e7\u00e3o mission\u00e1ria pode dar um novo impulso ao trabalho de evangeliza\u00e7\u00e3o. Os jovens poder\u00e3o ser os grandes protagonistas da a\u00e7\u00e3o evangelizadora da Igreja neste terceiro mil\u00eanio, atrav\u00e9s de um \u201csim\u201d generoso a Deus, como fez Maria de Nazar\u00e9.<\/p>\n<p style=\"text-align: justify\">\n","protected":false},"excerpt":{"rendered":"<p>Dom Jos\u00e9 Gislon Administrador Apost\u00f3lico da Diocese de Erexim &nbsp; Estimados Diocesanos! Neste ano, na Igreja, nos preparamos para celebrar o M\u00eas Mission\u00e1rio Extraordin\u00e1rio. Ele ressalta que miss\u00e3o faz parte da vida do crist\u00e3o e da Igreja comunidade de f\u00e9. Sem ela, a Igreja deixa de viver o mandato de Cristo: \u201cIde pelo mundo inteiro, &hellip;<\/p>\n<p class=\"read-more\"> <a class=\"\" href=\"https:\/\/www.cnbb.org.br\/a-vocacao-dos-cristaos-leigos-e-leigas-na-vida-da-igreja-e-na-sociedade\/\"> <span class=\"screen-reader-text\">A voca\u00e7\u00e3o dos crist\u00e3os leigos e leigas na vida da Igreja e na sociedade!<\/span> Leia mais &raquo;<\/a><\/p>\n","protected":false},"author":20,"featured_media":0,"comment_status":"closed","ping_status":"open","sticky":false,"template":"","format":"standard","meta":{"site-sidebar-layout":"default","site-content-layout":"default","ast-global-header-display":"","ast-banner-title-visibility":"","ast-main-header-display":"","ast-hfb-above-header-display":"","ast-hfb-below-header-display":"","ast-hfb-mobile-header-display":"","site-post-title":"","ast-breadcrumbs-content":"","ast-featured-img":"","footer-sml-layout":"","theme-transparent-header-meta":"","adv-header-id-meta":"","stick-header-meta":"","header-above-stick-meta":"","header-main-stick-meta":"","header-below-stick-meta":""},"categories":[758],"tags":[],"acf":[],"_links":{"self":[{"href":"https:\/\/www.cnbb.org.br\/cnbb-app\/wp\/v2\/posts\/35035"}],"collection":[{"href":"https:\/\/www.cnbb.org.br\/cnbb-app\/wp\/v2\/posts"}],"about":[{"href":"https:\/\/www.cnbb.org.br\/cnbb-app\/wp\/v2\/types\/post"}],"author":[{"embeddable":true,"href":"https:\/\/www.cnbb.org.br\/cnbb-app\/wp\/v2\/users\/20"}],"replies":[{"embeddable":true,"href":"https:\/\/www.cnbb.org.br\/cnbb-app\/wp\/v2\/comments?post=35035"}],"version-history":[{"count":0,"href":"https:\/\/www.cnbb.org.br\/cnbb-app\/wp\/v2\/posts\/35035\/revisions"}],"wp:attachment":[{"href":"https:\/\/www.cnbb.org.br\/cnbb-app\/wp\/v2\/media?parent=35035"}],"wp:term":[{"taxonomy":"category","embeddable":true,"href":"https:\/\/www.cnbb.org.br\/cnbb-app\/wp\/v2\/categories?post=35035"},{"taxonomy":"post_tag","embeddable":true,"href":"https:\/\/www.cnbb.org.br\/cnbb-app\/wp\/v2\/tags?post=35035"}],"curies":[{"name":"wp","href":"https:\/\/api.w.org\/{rel}","templated":true}]}}