{"id":35036,"date":"2019-08-22T00:00:00","date_gmt":"2019-08-22T03:00:00","guid":{"rendered":"https:\/\/www.cnbb.org.br\/entrar-pela-porta-estreita\/"},"modified":"2019-08-22T00:00:00","modified_gmt":"2019-08-22T03:00:00","slug":"entrar-pela-porta-estreita","status":"publish","type":"post","link":"https:\/\/www.cnbb.org.br\/entrar-pela-porta-estreita\/","title":{"rendered":"Entrar pela porta estreita"},"content":{"rendered":"<p style=\"text-align: right\"><strong>Cardeal Orani Jo\u00e3o Tempesta<\/strong><br \/>\n<strong>Arcebispo do Rio de Janeiro<\/strong><\/p>\n<p>&nbsp;<\/p>\n<p style=\"text-align: justify\">Chegamos ao final do m\u00eas de agosto, m\u00eas em que refletimos e rezamos sobre a realidade das voca\u00e7\u00f5es na Igreja e intensificamos nossas ora\u00e7\u00f5es por elas, em suas mais diversas formas. Neste \u00faltimo domingo de agosto, nos dedicamos a rezar e a refletir sobre o a voca\u00e7\u00e3o e a miss\u00e3o dos fi\u00e9is leigos, a maioria do povo de Deus, e o papel fundamental que tem na vida da Igreja como protagonistas na a\u00e7\u00e3o evangelizadora. O \u00faltimo domingo de agosto \u00e9 tamb\u00e9m o dia nacional do catequista, miss\u00e3o t\u00e3o importante dado \u00e0queles que complementam a forma\u00e7\u00e3o na f\u00e9 ou tantas vezes d\u00e3o as bases do conhecimento na f\u00e9 a nossas crian\u00e7as, jovens e adultos:<\/p>\n<p style=\"text-align: justify\">O momento da catequese \u00e9 aquele que corresponde ao per\u00edodo em que se estrutura a convers\u00e3o a Jesus Cristo, oferecendo as bases para aquela primeira ades\u00e3o. Os convertidos, mediante um ensinamento e um aprendizado devidamente prolongado no decorrer de toda a vida crist\u00e3, s\u00e3o iniciados no mist\u00e9rio da salva\u00e7\u00e3o e num estilo de vida evang\u00e9lico. Trata-se, de fato, de inici\u00e1-los na plenitude da vida crist\u00e3 (Diret\u00f3rio Geral para a Catequese, 63).<br \/>\nDentro do m\u00eas vocacional recordamos o trabalho dos fi\u00e9is leigos que em nossas par\u00f3quias e comunidades eclesiais desempenham in\u00fameros trabalhos, em conselhos pastorais, administrativos, minist\u00e9rios extraordin\u00e1rios da comunh\u00e3o, das ex\u00e9quias, pastorais, movimentos, enfim os v\u00e1rios servi\u00e7os que s\u00e3o express\u00e3o da vitalidade da Igreja e da efic\u00e1cia da a\u00e7\u00e3o do Esp\u00edrito nela. Al\u00e9m de viver o chamado espec\u00edfico da voca\u00e7\u00e3o matrimonial ou o seu chamado \u00e0 vida de fam\u00edlia, abra\u00e7am com zelo a miss\u00e3o pr\u00f3pria e inerente da voca\u00e7\u00e3o batismal, fazendo do mundo e das realidades do dia a dia o grande altar onde oferecemos nossas vidas e nossas a\u00e7\u00f5es a Deus.<\/p>\n<p style=\"text-align: justify\">No \u00faltimo domingo do ano Lit\u00fargico, na solenidade de Cristo Rei, vamos tamb\u00e9m celebrar o dia do crist\u00e3o leigo, ressaltando o aspecto de sua viv\u00eancia crist\u00e3 no mundo, onde este tem a miss\u00e3o de santificar as realidades temporais, sendo fermento no meio da massa, sal da terra e luz no mundo. Embora o trabalho nas comunidades seja de grande import\u00e2ncia, a miss\u00e3o fundamental do leigo \u00e9 a miss\u00e3o no meio do mundo, junto \u00e0s v\u00e1rias situa\u00e7\u00f5es complexas que se nos apresentam hoje. Rezemos para que nossos fi\u00e9is leigos, em seus diversos trabalhos, sejam verdadeiro fermento na massa, fazendo crescer a civiliza\u00e7\u00e3o do amor. Rezemos tamb\u00e9m por nossos catequistas em sua importante tarefa de transmiss\u00e3o da f\u00e9 em nossas comunidades.<\/p>\n<p style=\"text-align: justify\">Celebrando o 21\u00ba domingo do Tempo Comum, a palavra de Deus fala da necessidade de aprendermos a olhar para al\u00e9m dos nossos contextos existenciais concretos e percebermos todos aqueles que precisam da a\u00e7\u00e3o renovadora do Evangelho. O Papa Francisco tem insistido muito na realidade de uma Igreja em sa\u00edda, uma Igreja que se faz presen\u00e7a viva do Senhor misericordioso em todos os lugares, principalmente nas periferias existenciais. N\u00e3o podemos ser uma Igreja escondida ou reduzida \u00e0 sacristia ou \u00e0s secretarias. Cristo, realidade sempre nova e onde se encontra escondida o mist\u00e9rio do homem, deve ser comunicado, j\u00e1 que todos os cora\u00e7\u00f5es t\u00eam desejo dessa presen\u00e7a. Nossa tarefa \u00e9 deixar que nossa vida transborde a f\u00e9 que professamos. Nossa viv\u00eancia da f\u00e9 deve ser algo t\u00e3o importante e marcante que testemunhar esta f\u00e9 seja algo quase que espont\u00e2neo para n\u00f3s. Respeitamos as pessoas ao nosso redor e sabemos reconhecer aquelas que s\u00e3o as Sementes do Verbo em outras manifesta\u00e7\u00f5es religiosas, mas n\u00e3o podemos deixar de falar de algo que \u00e9 e faz um bem a n\u00f3s, daquilo que vimos e ouvimos. Assim como os ap\u00f3stolos que n\u00e3o se curvaram \u00e0s proibi\u00e7\u00f5es da autoridade da \u00e9poca e seguiram anunciando, crendo que \u00e9 preciso obedecer a Deus antes que aos homens.<\/p>\n<p style=\"text-align: justify\">Al\u00e9m desta preocupa\u00e7\u00e3o pelo bem do outro, o Evangelho (Lc 13, 22-30) nos coloca um outro questionamento, ao apresentarem uma pergunta a Jesus: Naquele tempo: Jesus atravessava cidades e povoados, ensinando e prosseguindo o caminho para Jerusal\u00e9m. Algu\u00e9m lhe perguntou: &#8216;Senhor, \u00e9 verdade que s\u00e3o poucos os que se salvam?&#8217; Jesus respondeu: &#8216;Fazei todo esfor\u00e7o poss\u00edvel para entrar pela porta estreita. Porque eu vos digo que muitos tentar\u00e3o entrar e n\u00e3o conseguir\u00e3o. Uma vez que o dono da casa se levantar e fechar a porta, v\u00f3s, do lado de fora, come\u00e7areis a bater, dizendo: `Senhor, abre-nos a porta!&#8217; Ele responder\u00e1: `N\u00e3o sei de onde sois.&#8217; Ent\u00e3o come\u00e7areis a dizer: `N\u00f3s comemos e bebemos diante de ti, e tu ensinaste em nossas pra\u00e7as!&#8217; Ele, por\u00e9m, responder\u00e1: `N\u00e3o sei de onde sois. Afastai-vos de mim todos v\u00f3s que praticais a injusti\u00e7a!&#8217; Ali haver\u00e1 choro e ranger de dentes, quando virdes Abra\u00e3o, Isaac e Jac\u00f3, junto com todos os profetas no Reino de Deus, e v\u00f3s, por\u00e9m, sendo lan\u00e7ados fora. (Lc 13, 22-28).<\/p>\n<p style=\"text-align: justify\">S\u00e3o poucos os que se salvam? Tratava-se duma quest\u00e3o te\u00f3rica que se punha no juda\u00edsmo da \u00e9poca; Jesus deliberadamente n\u00e3o quer resolver uma quest\u00e3o te\u00f3rica, mas aproveita a situa\u00e7\u00e3o para transmitir um ensino verdadeiramente \u00fatil e pr\u00e1tico. Por um lado, declara o princ\u00edpio da universalidade da salva\u00e7\u00e3o: H\u00e3o de vir do Oriente e do Ocidente, do Norte e do Sul. Por outro lado, esclarece que n\u00e3o \u00e9 suficiente uma justifica\u00e7\u00e3o de tipo comunit\u00e1rio ou sociol\u00f3gico \u2013 comemos e bebemos contigo\u2026, pois n\u00e3o basta o fazer parte do povo, \u00e9 preciso lutar, levar uma vida exigente consigo mesmo esfor\u00e7ai-vos por entrar pela porta estreita, sem ter ilus\u00f5es quanto \u00e0s dificuldades que esperam aquele que quer salvar-se.<\/p>\n<p style=\"text-align: justify\">Primeiramente, devemos considerar que n\u00e3o bastam somente a\u00e7\u00f5es externas em nossa vida crist\u00e3. \u00c9 necess\u00e1rio o encontro com o Senhor que se manifesta em uma vida inteira de acordo com o Evangelho. Precisamos de a\u00e7\u00f5es exteriores, mas que sejam fruto de um intenso encontro com o Senhor, da transforma\u00e7\u00e3o da nossa vida. Aquilo que rezo e falo deve estar ligado ao que creio e \u00e0quilo que fa\u00e7o. Eis a\u00ed a grande miss\u00e3o e o grande Dom que o Esp\u00edrito Santo quer nos confiar: que n\u00f3s saibamos viver com coer\u00eancia.<\/p>\n<p style=\"text-align: justify\">O Evangelho continua e vai terminar dizendo o seguinte: Vir\u00e3o homens do oriente e do ocidente, do Norte e do Sul, e tomar\u00e3o lugar \u00e0 mesa no Reino de Deus. E assim h\u00e1 \u00faltimos que ser\u00e3o primeiros, e primeiros que ser\u00e3o \u00faltimos.&#8217; O chamado \u00e0 salva\u00e7\u00e3o n\u00e3o vai s\u00f3 para os judeus, mas todos s\u00e3o chamados a ela, como a Igreja vai vendo isso acontecer aos poucos, ao ser testemunha dos n\u00e3o judeus que aos poucos passam a acolher a salva\u00e7\u00e3o em Cristo Jesus. Assim, a Igreja em cada \u00e9poca da hist\u00f3ria, foi chamada a proclamar o Evangelho em novas frentes e em novas realidades, como aconteceu na \u00e9poca da chegada dos portugueses ao nosso pa\u00eds, lindado com novas realidades e novas situa\u00e7\u00f5es. A palavra do evangelho nos fala para que nos firmemos em nossa vida de f\u00e9 e em nossa coer\u00eancia da f\u00e9. Saibamos ser presen\u00e7a de Deus ante as novas realidades que v\u00e3o se apresentando diante de n\u00f3s.<\/p>\n<p style=\"text-align: justify\">Na primeira leitura (Is 66,18-21), Isa\u00edas j\u00e1 profetiza uma realidade apresentada no Evangelho: virei para reunir todos os povos e l\u00ednguas; eles vir\u00e3o e ver\u00e3o minha gl\u00f3ria. Porei no meio deles um sinal, e enviarei, dentre os que foram salvos, mensageiros para os povos (Is 66, 18-19). A leitura \u00e9 tirada da parte final do \u00faltimo cap\u00edtulo de Isa\u00edas. Aqui se anuncia a convers\u00e3o dos gentios e a universalidade da salva\u00e7\u00e3o, uma perspectiva que sem d\u00favida ultrapassa o tempo em que o escrito inspirado recebeu a sua forma definitiva. A palavra do Senhor que h\u00e1 de ser dirigida a todos os povos e Deus ainda promete suscitar aqueles que ser\u00e3o os anunciadores: para as terras distantes, e, para aquelas que ainda n\u00e3o ouviram falar em mim e n\u00e3o viram minha gl\u00f3ria. Esses enviados anunciar\u00e3o \u00e0s na\u00e7\u00f5es minha gl\u00f3ria, e reconduzir\u00e3o, de toda parte, at\u00e9 meu santo monte em Jerusal\u00e9m, como oferenda ao Senhor, irm\u00e3os vossos, a cavalo, em carros e liteiras, montados em mulas e dromed\u00e1rios, &#8211; diz o Senhor &#8211; e como os filhos de Israel, levar\u00e3o sua oferenda em vasos purificados para a casa do Senhor. Escolherei dentre eles alguns para serem sacerdotes e levitas, diz o Senhor.<\/p>\n<p style=\"text-align: justify\">Aquilo de que h\u00e3o de vir homens de todos os lados j\u00e1 est\u00e1 profetizado em Isa\u00edas. Isso se cumpre em Jesus Cristo e se cumpre na Igreja, que \u00e9 composta de gente de todos os povos e que tamb\u00e9m envia em miss\u00e3o a todos os povos. No pr\u00f3ximo m\u00eas de outubro, o Papa Francisco convocou para toda a Igreja o m\u00eas mission\u00e1rio extraordin\u00e1rio, pedindo uma grande reflex\u00e3o sobre a missionariedade da Igreja, mostrando mais uma vez que Cristo \u00e9 enviado a todos os homens, sem exce\u00e7\u00e3o. Faz parte do crist\u00e3o o estado permanente de miss\u00e3o, devendo estar mais presente em cada par\u00f3quia, em cada comunidade, pois quem encontrou Cristo deve ter alegria em comunic\u00e1-lo. H\u00e1 muitas regi\u00f5es de antiga tradi\u00e7\u00e3o cat\u00f3lica que precisam ser evangelizadas. Precisamos tamb\u00e9m ali sinais evangelizadores que contagiam todos os ambientes.<\/p>\n<p style=\"text-align: justify\">Ao mesmo tempo, vemos que a Carta aos Hebreus (Hb 12, 5-7.11-13) vais mais uma vez nos recordar que o Senhor vai nos conduzindo e vai tamb\u00e9m nos corrigindo em nossa peregrina\u00e7\u00e3o por esta terra. A leitura parece, \u00e0 primeira vista, apresentar um tema um tanto deslocado em rela\u00e7\u00e3o ao que nos \u00e9 proposto pelas outras duas leituras; no entanto, as ideias propostas s\u00e3o uma outra forma de abordar o aspecto da \u201cporta estreita\u201d: o crist\u00e3o enfrenta com coragem os sofrimentos e prova\u00e7\u00f5es, v\u00ea neles sinais do amor de Deus que, dessa forma, educa, corrige, mostra o sem sentido de certas op\u00e7\u00f5es e nos prepara para a vida nova do \u201cReino\u201d.<\/p>\n<p style=\"text-align: justify\">Irm\u00e3os: J\u00e1 esquecestes as palavras de encorajamento que vos foram dirigidas como a filhos: &#8216;Meu filho, n\u00e3o desprezes a educa\u00e7\u00e3o do Senhor, n\u00e3o te desanimes quando ele te repreende; pois o Senhor corrige a quem ele ama e castiga a quem aceita como filho&#8217;. \u00c9 para a vossa educa\u00e7\u00e3o que sofreis, e \u00e9 como filhos que Deus vos trata. Pois qual \u00e9 o filho a quem o pai n\u00e3o corrige? (Heb. 12, 5-7). O Senhor nos corrige para andarmos em uma vida de coer\u00eancia e fidelidade ao Evangelho. O Autor da Carta aos Hebreus faz um apelo \u00e0 nossa confian\u00e7a no Senhor. Deus repreende os que ama e prova os Seus filhos preferidos. As dificuldades da vida que nos oprimem podem ser vistas como sinais da benevol\u00eancia de Deus para conosco.<\/p>\n<p style=\"text-align: justify\">O Senhor vai nos mostrando a import\u00e2ncia do an\u00fancio, n\u00e3o como uma realidade extraordin\u00e1ria, mas como realidade constante do dia a dia do Crist\u00e3o. Que todos, bispos, padres, leigos, consagrados, religiosos, religiosas assim o fa\u00e7am. Agradecemos a Deus pela disponibilidade de tantos de nossos irm\u00e3os e irm\u00e3s que se entregam de maneira especial \u00e0 miss\u00e3o em especial os nosso catequistas. Para terminar, recordemos as palavras do papa Francisco em sua exorta\u00e7\u00e3o apost\u00f3lica Evangelii Gaudium, 121: \u201cCertamente todos somos chamados a crescer como evangelizadores. Devemos procurar simultaneamente uma melhor forma\u00e7\u00e3o, um aprofundamento do nosso amor e um testemunho mais claro do Evangelho. Neste sentido, todos devemos deixar que os outros nos evangelizem constantemente; isto n\u00e3o significa que devemos renunciar \u00e0 miss\u00e3o evangelizadora, mas encontrar o modo de comunicar Jesus que corresponda \u00e0 situa\u00e7\u00e3o em que vivemos. Seja como for, todos somos chamados a dar aos outros o testemunho expl\u00edcito do amor salv\u00edfico do Senhor, que, sem olhar \u00e0s nossas imperfei\u00e7\u00f5es, nos oferece a sua proximidade, a sua Palavra, a sua for\u00e7a, e d\u00e1 sentido \u00e0 nossa vida. O teu cora\u00e7\u00e3o sabe que a vida n\u00e3o \u00e9 a mesma coisa sem Ele; pois bem, aquilo que descobriste, o que te ajuda a viver e te d\u00e1 esperan\u00e7a, isso \u00e9 o que deves comunicar aos outros. A nossa imperfei\u00e7\u00e3o n\u00e3o deve ser desculpa; pelo contr\u00e1rio, a miss\u00e3o \u00e9 um est\u00edmulo constante para n\u00e3o nos acomodarmos na mediocridade, mas continuarmos a crescer. O testemunho de f\u00e9, que todo o crist\u00e3o \u00e9 chamado a oferecer, implica dizer como S\u00e3o Paulo: \u00abN\u00e3o que j\u00e1 o tenha alcan\u00e7ado ou j\u00e1 seja perfeito; mas corro para ver se o alcan\u00e7o, (\u2026) lan\u00e7ando-me para o que vem \u00e0 frente\u00bb (Fl 3, 12-13)\u201d. Que Deus nos aben\u00e7oe a todos!<\/p>\n<p>&nbsp;<\/p>\n","protected":false},"excerpt":{"rendered":"<p>Cardeal Orani Jo\u00e3o Tempesta Arcebispo do Rio de Janeiro &nbsp; Chegamos ao final do m\u00eas de agosto, m\u00eas em que refletimos e rezamos sobre a realidade das voca\u00e7\u00f5es na Igreja e intensificamos nossas ora\u00e7\u00f5es por elas, em suas mais diversas formas. Neste \u00faltimo domingo de agosto, nos dedicamos a rezar e a refletir sobre o &hellip;<\/p>\n<p class=\"read-more\"> <a class=\"\" href=\"https:\/\/www.cnbb.org.br\/entrar-pela-porta-estreita\/\"> <span class=\"screen-reader-text\">Entrar pela porta estreita<\/span> Leia mais &raquo;<\/a><\/p>\n","protected":false},"author":31,"featured_media":0,"comment_status":"closed","ping_status":"open","sticky":false,"template":"","format":"standard","meta":{"site-sidebar-layout":"default","site-content-layout":"default","ast-global-header-display":"","ast-banner-title-visibility":"","ast-main-header-display":"","ast-hfb-above-header-display":"","ast-hfb-below-header-display":"","ast-hfb-mobile-header-display":"","site-post-title":"","ast-breadcrumbs-content":"","ast-featured-img":"","footer-sml-layout":"","theme-transparent-header-meta":"","adv-header-id-meta":"","stick-header-meta":"","header-above-stick-meta":"","header-main-stick-meta":"","header-below-stick-meta":""},"categories":[758],"tags":[],"acf":[],"_links":{"self":[{"href":"https:\/\/www.cnbb.org.br\/cnbb-app\/wp\/v2\/posts\/35036"}],"collection":[{"href":"https:\/\/www.cnbb.org.br\/cnbb-app\/wp\/v2\/posts"}],"about":[{"href":"https:\/\/www.cnbb.org.br\/cnbb-app\/wp\/v2\/types\/post"}],"author":[{"embeddable":true,"href":"https:\/\/www.cnbb.org.br\/cnbb-app\/wp\/v2\/users\/31"}],"replies":[{"embeddable":true,"href":"https:\/\/www.cnbb.org.br\/cnbb-app\/wp\/v2\/comments?post=35036"}],"version-history":[{"count":0,"href":"https:\/\/www.cnbb.org.br\/cnbb-app\/wp\/v2\/posts\/35036\/revisions"}],"wp:attachment":[{"href":"https:\/\/www.cnbb.org.br\/cnbb-app\/wp\/v2\/media?parent=35036"}],"wp:term":[{"taxonomy":"category","embeddable":true,"href":"https:\/\/www.cnbb.org.br\/cnbb-app\/wp\/v2\/categories?post=35036"},{"taxonomy":"post_tag","embeddable":true,"href":"https:\/\/www.cnbb.org.br\/cnbb-app\/wp\/v2\/tags?post=35036"}],"curies":[{"name":"wp","href":"https:\/\/api.w.org\/{rel}","templated":true}]}}