{"id":35037,"date":"2019-08-22T00:00:00","date_gmt":"2019-08-22T03:00:00","guid":{"rendered":"https:\/\/www.cnbb.org.br\/cardeal-damasceno-e-eleito-moderador-do-conselho-latino-americano-de-lideres-religiosos\/"},"modified":"2020-03-11T16:39:45","modified_gmt":"2020-03-11T19:39:45","slug":"cardeal-damasceno-e-eleito-moderador-do-conselho-latino-americano-de-lideres-religiosos","status":"publish","type":"post","link":"https:\/\/www.cnbb.org.br\/cardeal-damasceno-e-eleito-moderador-do-conselho-latino-americano-de-lideres-religiosos\/","title":{"rendered":"Cardeal \u00e9 eleito moderador do Conselho Latino-americano de L\u00edderes Religiosos"},"content":{"rendered":"<p style=\"text-align: justify\">No \u00e2mbito da X Assembleia Mundial das Religi\u00f5es pela Paz, em andamento em Lindau (Alemanha), se reuniu o Conselho Latino-americano de L\u00edderes Religiosos, que renovou o seu comit\u00ea executivo. 800 l\u00edderes religiosos de 17 religi\u00f5es de mais de 100 pa\u00edses participam do encontro pela paz e por caminhos de reconcilia\u00e7\u00e3o.<\/p>\n<p style=\"text-align: justify\">O moderador ser\u00e1 o cardeal Raymundo Damasceno Assis, bispo em\u00e9rito de Aparecida. Dom Raymundo far\u00e1 parte do Conselho a t\u00edtulo pessoal, depois de ter representado at\u00e9 este ano o Conselho Episcopal Latino-americano (Celam).<\/p>\n<p>Os vice-moderadores ser\u00e3o Muhammad Yusuf Hallar, da Organiza\u00e7\u00e3o Isl\u00e2mica para a Am\u00e9rica Latina e o Caribe (Oipalc) e Claudio Epelman, do Congresso Judaico Latino-americano (Cjl).\u00a0O porta-voz ser\u00e1 Dom Miguel Cabrejos Vidarte, arcebispo de Trujillo (Peru) e presidente do Celam. El\u00edas Szczytnicki ser\u00e1 o secret\u00e1rio-geral.<\/p>\n<p>O Conselho Latino-americano de L\u00edderes Religiosos tem como finalidade promover as iniciativas de trabalho conjunto das Religi\u00f5es pela Paz no subcontinente, em sintonia com as decis\u00f5es da Assembleia Mundial.<\/p>\n<p>Com informa\u00e7\u00f5es do VaticanNews<\/p>\n","protected":false},"excerpt":{"rendered":"<p>O Conselho tem como finalidade promover iniciativas de trabalho conjunto das religi\u00f5es pela paz no subcontinente Latino-Americano<\/p>\n","protected":false},"author":83,"featured_media":2227,"comment_status":"closed","ping_status":"open","sticky":false,"template":"","format":"standard","meta":{"site-sidebar-layout":"default","site-content-layout":"default","ast-global-header-display":"","ast-banner-title-visibility":"","ast-main-header-display":"","ast-hfb-above-header-display":"","ast-hfb-below-header-display":"","ast-hfb-mobile-header-display":"","site-post-title":"","ast-breadcrumbs-content":"","ast-featured-img":"","footer-sml-layout":"","theme-transparent-header-meta":"","adv-header-id-meta":"","stick-header-meta":"","header-above-stick-meta":"","header-main-stick-meta":"","header-below-stick-meta":""},"categories":[1],"tags":[],"acf":[],"_links":{"self":[{"href":"https:\/\/www.cnbb.org.br\/cnbb-app\/wp\/v2\/posts\/35037"}],"collection":[{"href":"https:\/\/www.cnbb.org.br\/cnbb-app\/wp\/v2\/posts"}],"about":[{"href":"https:\/\/www.cnbb.org.br\/cnbb-app\/wp\/v2\/types\/post"}],"author":[{"embeddable":true,"href":"https:\/\/www.cnbb.org.br\/cnbb-app\/wp\/v2\/users\/83"}],"replies":[{"embeddable":true,"href":"https:\/\/www.cnbb.org.br\/cnbb-app\/wp\/v2\/comments?post=35037"}],"version-history":[{"count":0,"href":"https:\/\/www.cnbb.org.br\/cnbb-app\/wp\/v2\/posts\/35037\/revisions"}],"wp:featuredmedia":[{"embeddable":true,"href":"https:\/\/www.cnbb.org.br\/cnbb-app\/wp\/v2\/media\/2227"}],"wp:attachment":[{"href":"https:\/\/www.cnbb.org.br\/cnbb-app\/wp\/v2\/media?parent=35037"}],"wp:term":[{"taxonomy":"category","embeddable":true,"href":"https:\/\/www.cnbb.org.br\/cnbb-app\/wp\/v2\/categories?post=35037"},{"taxonomy":"post_tag","embeddable":true,"href":"https:\/\/www.cnbb.org.br\/cnbb-app\/wp\/v2\/tags?post=35037"}],"curies":[{"name":"wp","href":"https:\/\/api.w.org\/{rel}","templated":true}]}}