{"id":35039,"date":"2019-08-23T00:00:00","date_gmt":"2019-08-23T03:00:00","guid":{"rendered":"https:\/\/www.cnbb.org.br\/novos-assessores-das-comissoes-da-cnbb-se-reunem-pela-primeira-no-ga\/"},"modified":"2019-08-23T00:00:00","modified_gmt":"2019-08-23T03:00:00","slug":"novos-assessores-das-comissoes-da-cnbb-se-reunem-pela-primeira-no-ga","status":"publish","type":"post","link":"https:\/\/www.cnbb.org.br\/novos-assessores-das-comissoes-da-cnbb-se-reunem-pela-primeira-no-ga\/","title":{"rendered":"Novos assessores das Comiss\u00f5es da CNBB se re\u00fanem pela primeira vez no GA"},"content":{"rendered":"<p style=\"text-align: justify\">Termina nesta sexta-feira, 23 de agosto, a reuni\u00e3o ordin\u00e1ria do Grupo de Assessores (GA) da Confer\u00eancia Nacional dos Bispos do Brasil (CNBB). O encontro, que come\u00e7ou na quinta-feira (22), \u00e9 o primeiro que re\u00fane em Bras\u00edlia todos os assessores novos que passaram a comp\u00f4r Comiss\u00f5es Episcopais Pastorais da nova gest\u00e3o. O objetivo da reuni\u00e3o foi debater assuntos pertinentes \u00e0s suas tarefas espec\u00edficas e para conhecer como \u00e9 o funcionamento administrativo da Confer\u00eancia.<\/p>\n<figure id=\"attachment_224489\" aria-describedby=\"caption-attachment-224489\" style=\"width: 283px\" class=\"wp-caption alignleft\"><a href=\"https:\/\/www.cnbb.org.br\/?attachment_id=224489\" rel=\"attachment wp-att-224489\"><img decoding=\"async\" loading=\"lazy\" class=\"wp-image-224489 \" src=\"https:\/\/www.cnbb.org.br\/wp-content\/uploads\/2020\/03\/48599664736_bbf877fb07_z-e1566489162892-300x229.jpg\" alt=\"\" width=\"283\" height=\"216\" \/><\/a><figcaption id=\"caption-attachment-224489\" class=\"wp-caption-text\"><em>Dom Joel Portella, secret\u00e1rio-geral da CNBB. Foto: Assessoria de Comunica\u00e7\u00e3o CNBB\/Daniel Flores<\/em><\/figcaption><\/figure>\n<p style=\"text-align: justify\">A reuni\u00e3o foi presidida pelo secret\u00e1rio-geral da CNBB, dom Joel Portella. Na pauta, o eixo principal foi a apresenta\u00e7\u00e3o e o aprofundamento das Diretrizes Gerais da A\u00e7\u00e3o Evangelizadora da Igreja no Brasil 2019-2023 e como cada comiss\u00e3o pode ser multiplicadora desse documento.<\/p>\n<p style=\"text-align: justify\">\u201cA import\u00e2ncia dessa reuni\u00e3o \u00e9 criar comunh\u00e3o no trabalho, no relacionamento, mas tamb\u00e9m no cumprimento do objetivo das diretrizes\u201d, destaca dom Joel.<\/p>\n<figure id=\"attachment_224487\" aria-describedby=\"caption-attachment-224487\" style=\"width: 296px\" class=\"wp-caption alignright\"><a href=\"https:\/\/www.cnbb.org.br\/?attachment_id=224487\" rel=\"attachment wp-att-224487\"><img decoding=\"async\" loading=\"lazy\" class=\"wp-image-224487 \" src=\"https:\/\/www.cnbb.org.br\/wp-content\/uploads\/2020\/03\/48599666381_2f409b537c_z-e1566489013771-300x226.jpg\" alt=\"\" width=\"296\" height=\"223\" \/><\/a><figcaption id=\"caption-attachment-224487\" class=\"wp-caption-text\"><em>Padre Jo\u00e3o Paulo de Mendon\u00e7a Dantas. Foto: Assessoria de Comunica\u00e7\u00e3o CNBB\/Daniel Flores<\/em><\/figcaption><\/figure>\n<p style=\"text-align: justify\">Novato no grupo, o padre Jo\u00e3o Paulo de Mendon\u00e7a Dantas, assessor da Comiss\u00e3o Episcopal Pastoral para Doutrina da F\u00e9 disse estar surpreso com o clima de fam\u00edlia da reuni\u00e3o.<\/p>\n<p style=\"text-align: justify\">\u201cEu imaginava que o ambiente tivesse um clima mais institucional, mas frio. Um clima familiar, cordial com um bom acolhimento por parte daqueles que j\u00e1 est\u00e3o trabalhando nas comiss\u00f5es, nas equipes aqui da CNBB e daqueles que est\u00e3o chegando como eu\u201d, ressaltou.<\/p>\n<p style=\"text-align: justify\">Tamb\u00e9m rec\u00e9m-chegado \u00e0 CNBB, o assessor da Comiss\u00e3o Episcopal Pastoral para a Comunica\u00e7\u00e3o, padre Tiago Jos\u00e9 Sibula da Silva, ressalta que esse primeiro momento est\u00e1 sendo de compreender o trabalho.<\/p>\n<figure id=\"attachment_224492\" aria-describedby=\"caption-attachment-224492\" style=\"width: 230px\" class=\"wp-caption alignright\"><a href=\"https:\/\/www.cnbb.org.br\/?attachment_id=224492\" rel=\"attachment wp-att-224492\"><img decoding=\"async\" loading=\"lazy\" class=\"wp-image-224492 \" src=\"https:\/\/www.cnbb.org.br\/wp-content\/uploads\/2020\/03\/48599799962_eb2952b196_b-e1566489870289-268x300.jpg\" alt=\"\" width=\"230\" height=\"258\" \/><\/a><figcaption id=\"caption-attachment-224492\" class=\"wp-caption-text\"><em>Padre Marcus Barbosa, secret\u00e1rio-adjunto de pastoral da CNBB. Foto: Assessoria de Comunica\u00e7\u00e3o CNBB\/Daniel Flores<\/em><\/figcaption><\/figure>\n<p style=\"text-align: justify\">\u201cEstamos compreendendo todo o trabalho da CNBB, a incis\u00e3o que ela tem nas comunidades, desde as comunidades de base at\u00e9 as dioceses, regionais e poder agregar todos os organismos pastorais e nesse imenso Brasil poder levar a Palavra de Deus\u201d, disse.<\/p>\n<p style=\"text-align: justify\">De acordo com o secret\u00e1rio-adjunto de pastoral da CNBB, padre Marcus Barbosa, a pauta gira ainda em torno da acolhida da proposta das diretrizes gerais da a\u00e7\u00e3o evangelizadora na vida e organiza\u00e7\u00e3o das comiss\u00f5es e na prepara\u00e7\u00e3o do plano quadrienal das comiss\u00f5es, bem como do reflex\u00e3o sobre o papel do assessor \u00e0 entidade.<\/p>\n<p style=\"text-align: justify\">Ainda segundo o secret\u00e1rio-adjunto de pastoral, ser\u00e3o apresentados os regulamentos, normas e a rotina da sede da CNBB. Al\u00e9m de uma fala sobre o M\u00eas Mission\u00e1rio Extraordin\u00e1rio, que acontece em outubro deste ano.<\/p>\n","protected":false},"excerpt":{"rendered":"<p>Pauta incluiu a reflex\u00e3o sobre o papel dos assessores no servi\u00e7o \u00e0 CNBB<\/p>\n","protected":false},"author":83,"featured_media":35042,"comment_status":"closed","ping_status":"open","sticky":false,"template":"","format":"standard","meta":{"site-sidebar-layout":"default","site-content-layout":"default","ast-global-header-display":"","ast-banner-title-visibility":"","ast-main-header-display":"","ast-hfb-above-header-display":"","ast-hfb-below-header-display":"","ast-hfb-mobile-header-display":"","site-post-title":"","ast-breadcrumbs-content":"","ast-featured-img":"","footer-sml-layout":"","theme-transparent-header-meta":"","adv-header-id-meta":"","stick-header-meta":"","header-above-stick-meta":"","header-main-stick-meta":"","header-below-stick-meta":""},"categories":[744,820],"tags":[],"acf":[],"_links":{"self":[{"href":"https:\/\/www.cnbb.org.br\/cnbb-app\/wp\/v2\/posts\/35039"}],"collection":[{"href":"https:\/\/www.cnbb.org.br\/cnbb-app\/wp\/v2\/posts"}],"about":[{"href":"https:\/\/www.cnbb.org.br\/cnbb-app\/wp\/v2\/types\/post"}],"author":[{"embeddable":true,"href":"https:\/\/www.cnbb.org.br\/cnbb-app\/wp\/v2\/users\/83"}],"replies":[{"embeddable":true,"href":"https:\/\/www.cnbb.org.br\/cnbb-app\/wp\/v2\/comments?post=35039"}],"version-history":[{"count":0,"href":"https:\/\/www.cnbb.org.br\/cnbb-app\/wp\/v2\/posts\/35039\/revisions"}],"wp:featuredmedia":[{"embeddable":true,"href":"https:\/\/www.cnbb.org.br\/cnbb-app\/wp\/v2\/media\/35042"}],"wp:attachment":[{"href":"https:\/\/www.cnbb.org.br\/cnbb-app\/wp\/v2\/media?parent=35039"}],"wp:term":[{"taxonomy":"category","embeddable":true,"href":"https:\/\/www.cnbb.org.br\/cnbb-app\/wp\/v2\/categories?post=35039"},{"taxonomy":"post_tag","embeddable":true,"href":"https:\/\/www.cnbb.org.br\/cnbb-app\/wp\/v2\/tags?post=35039"}],"curies":[{"name":"wp","href":"https:\/\/api.w.org\/{rel}","templated":true}]}}