{"id":35057,"date":"2019-08-26T00:00:00","date_gmt":"2019-08-26T03:00:00","guid":{"rendered":"https:\/\/www.cnbb.org.br\/ccm-abre-inscricoes-para-2a-semana-de-formacao-para-diaconos-permanentes\/"},"modified":"2019-08-26T00:00:00","modified_gmt":"2019-08-26T03:00:00","slug":"ccm-abre-inscricoes-para-2a-semana-de-formacao-para-diaconos-permanentes","status":"publish","type":"post","link":"https:\/\/www.cnbb.org.br\/ccm-abre-inscricoes-para-2a-semana-de-formacao-para-diaconos-permanentes\/","title":{"rendered":"CCM abre inscri\u00e7\u00f5es para 2\u00aa Semana de Forma\u00e7\u00e3o para Di\u00e1conos Permanentes"},"content":{"rendered":"<p style=\"text-align: justify\">Di\u00e1conos de diversas dioceses do pa\u00eds v\u00e3o estar em Bras\u00edlia, de 09 a 13 de setembro, para participar da 2\u00aa Semana de Forma\u00e7\u00e3o para Di\u00e1conos Permanentes. O encontro vai ser realizado pelo Centro Cultural Mission\u00e1rio (CCM), um dos organismos da Confer\u00eancia Nacional dos Bispos do Brasil (CNBB). As inscri\u00e7\u00f5es j\u00e1 est\u00e3o abertas.<\/p>\n<p style=\"text-align: justify\">Com o tema: <em><strong>&#8220;Batizados e enviados: A Igreja de Cristo em miss\u00e3o no mundo&#8221;<\/strong><\/em>, em sintonia com o M\u00eas Mission\u00e1rio Extraordin\u00e1rio de Outubro de 2019, a experi\u00eancia tem como objetivo de refletir sobre a identidade, voca\u00e7\u00e3o e miss\u00e3o do Di\u00e1cono Permanente a partir da sua dimens\u00e3o pneumatol\u00f3gica para uma Igreja em sa\u00edda mission\u00e1ria.<\/p>\n<p style=\"text-align: justify\">\u201cO di\u00e1cono \u00e9 o guarda do servi\u00e7o na Igreja. [\u2026] V\u00f3s sois os guardas do servi\u00e7o na Igreja: o servi\u00e7o \u00e0 palavra, o servi\u00e7o no altar, o servi\u00e7o aos pobres. E a vossa miss\u00e3o, a miss\u00e3o do di\u00e1cono, e o seu contributo consistem nisto: em recordar a todos n\u00f3s que a f\u00e9, nas suas diversas express\u00f5es \u2014 a liturgia comunit\u00e1ria, a ora\u00e7\u00e3o pessoal, as diversas formas de caridade \u2014 e nos seus v\u00e1rios estados de vida \u2014 laical, clerical, familiar \u2014 possui uma dimens\u00e3o essencial de servi\u00e7o: o servi\u00e7o a Deus e aos irm\u00e3os\u201d, papa Francisco, em 25 de mar\u00e7o de 2017.<\/p>\n<p style=\"text-align: justify\"><a href=\"https:\/\/www.cnbb.org.br\/grupo-de-trabalho-para-o-mes-extaordinario-missionario-de-2019-se-reune-em-brasilia\/odelir-2\/\" rel=\"attachment wp-att-198333\"><img decoding=\"async\" loading=\"lazy\" class=\"size-medium wp-image-198333 alignleft\" src=\"https:\/\/www.cnbb.org.br\/wp-content\/uploads\/2020\/02\/odelir.jpg\" alt=\"\" width=\"300\" height=\"225\" \/><\/a>De acordo com o bispo de Chapec\u00f3 (SC) e presidente da Comiss\u00e3o Episcopal Pastoral para a A\u00e7\u00e3o Mission\u00e1ria e Coopera\u00e7\u00e3o Intereclesial e diretor do CCM, dom Odelir Jos\u00e9 Magri, <strong><em>\u201co curso pretende desenvolver uma reflex\u00e3o sobre a diaconia e o diaconato no ser e na miss\u00e3o da Igreja apresentando os elementos da pneumatologia no minist\u00e9rio diaconal (sacramentalidade do diaconato) aprofundando o apelo de convers\u00e3o pessoal e pastoral da Confer\u00eancia de Aparecida e do magist\u00e9rio do papa Francisco para uma Igreja em sa\u00edda mission\u00e1ria, com \u00eanfase no minist\u00e9rio do Di\u00e1cono Permanente\u201d, destaca.<\/em><\/strong><\/p>\n<p style=\"text-align: justify\">O encontro \u00e9 destinado aos Di\u00e1conos Permanentes j\u00e1 ordenados e contar\u00e1 com a assessoria do Di\u00e1cono Luciano Santana, da Arquidiocese de Vit\u00f3ria da Conquista (BA), onde atualmente \u00e9 coordenador arquidiocesano de pastoral.<\/p>\n<p style=\"text-align: justify\">De acordo com as Diretrizes para o Diaconato Permanente da Igreja no Brasil (n\u00ba 48), as fun\u00e7\u00f5es dos di\u00e1conos s\u00e3o marcadas pelo \u201ccar\u00e1ter de sacramento da caridade de Cristo preferencialmente aos pobres e exclu\u00eddos\u201d.<\/p>\n<p style=\"text-align: justify\">Um outro trecho das Diretrizes (n\u00ba 58), \u201cA primeira miss\u00e3o do di\u00e1cono \u00e9 a caridade: Ele \u00e9 ap\u00f3stolo da caridade com os pobres, envolvido com a conquista de sua dignidade e de seus direitos econ\u00f4micos, pol\u00edticos e sociais. Est\u00e1 pr\u00f3ximo da dor do mundo. Deixa-se tocar e sensibilizar pela mis\u00e9ria e pelas prova\u00e7\u00f5es da vida\u201d.<\/p>\n<p style=\"text-align: justify\">As inscri\u00e7\u00f5es para o curso podem ser feitas no site do <a href=\"http:\/\/www.ccm.org.br\/curso-diaconos\/\" target=\"_blank\" rel=\"noopener\"><em><strong>CCM<\/strong><\/em><\/a><\/p>\n","protected":false},"excerpt":{"rendered":"<p>O encontro vai ocorrer de 09 a 13 de setembro, em Bras\u00edlia (DF), e ter\u00e1 como tema: &#8220;Batizados e enviados: A Igreja de Cristo em miss\u00e3o no mundo&#8221;<\/p>\n","protected":false},"author":83,"featured_media":2240,"comment_status":"closed","ping_status":"open","sticky":false,"template":"","format":"standard","meta":{"site-sidebar-layout":"default","site-content-layout":"default","ast-global-header-display":"","ast-banner-title-visibility":"","ast-main-header-display":"","ast-hfb-above-header-display":"","ast-hfb-below-header-display":"","ast-hfb-mobile-header-display":"","site-post-title":"","ast-breadcrumbs-content":"","ast-featured-img":"","footer-sml-layout":"","theme-transparent-header-meta":"","adv-header-id-meta":"","stick-header-meta":"","header-above-stick-meta":"","header-main-stick-meta":"","header-below-stick-meta":""},"categories":[871,762],"tags":[],"acf":[],"_links":{"self":[{"href":"https:\/\/www.cnbb.org.br\/cnbb-app\/wp\/v2\/posts\/35057"}],"collection":[{"href":"https:\/\/www.cnbb.org.br\/cnbb-app\/wp\/v2\/posts"}],"about":[{"href":"https:\/\/www.cnbb.org.br\/cnbb-app\/wp\/v2\/types\/post"}],"author":[{"embeddable":true,"href":"https:\/\/www.cnbb.org.br\/cnbb-app\/wp\/v2\/users\/83"}],"replies":[{"embeddable":true,"href":"https:\/\/www.cnbb.org.br\/cnbb-app\/wp\/v2\/comments?post=35057"}],"version-history":[{"count":0,"href":"https:\/\/www.cnbb.org.br\/cnbb-app\/wp\/v2\/posts\/35057\/revisions"}],"wp:featuredmedia":[{"embeddable":true,"href":"https:\/\/www.cnbb.org.br\/cnbb-app\/wp\/v2\/media\/2240"}],"wp:attachment":[{"href":"https:\/\/www.cnbb.org.br\/cnbb-app\/wp\/v2\/media?parent=35057"}],"wp:term":[{"taxonomy":"category","embeddable":true,"href":"https:\/\/www.cnbb.org.br\/cnbb-app\/wp\/v2\/categories?post=35057"},{"taxonomy":"post_tag","embeddable":true,"href":"https:\/\/www.cnbb.org.br\/cnbb-app\/wp\/v2\/tags?post=35057"}],"curies":[{"name":"wp","href":"https:\/\/api.w.org\/{rel}","templated":true}]}}