{"id":35079,"date":"2019-07-17T00:00:00","date_gmt":"2019-07-17T03:00:00","guid":{"rendered":"https:\/\/www.cnbb.org.br\/familia-entre-o-ideal-e-o-real\/"},"modified":"2019-07-17T00:00:00","modified_gmt":"2019-07-17T03:00:00","slug":"familia-entre-o-ideal-e-o-real","status":"publish","type":"post","link":"https:\/\/www.cnbb.org.br\/familia-entre-o-ideal-e-o-real\/","title":{"rendered":"Fam\u00edlia, entre o ideal e o real"},"content":{"rendered":"<p style=\"text-align: right\"><strong><em>Jo\u00e3o Justino de Medeiros Silva<br \/>\n<\/em><em>Arcebispo Metropolitano de Montes Claros<\/em><\/strong><\/p>\n<p style=\"text-align: justify\">Toda pessoa, de uma forma ou de outra, tem sua experi\u00eancia de fam\u00edlia, por vezes maravilhosa e em alguns casos traum\u00e1tica. Quando o tema \u00e9 fam\u00edlia, evoca-se grande vari\u00e1vel de sentimentos e pensamentos. De um lado, h\u00e1 discursos excessivamente idealizados sobre fam\u00edlia, que a descrevem de um tal modo harm\u00f4nico que faz muitos se sentirem estranhos e exclu\u00eddos de modelos quase perfeitos. De outro lado, h\u00e1 discursos que desfiguram o sentido da fam\u00edlia e apostam mais no seu desfazimento, desestimulando jovens a contrair matrim\u00f4nio.<\/p>\n<p style=\"text-align: justify\">Curiosamente, quando lemos a b\u00edblia encontramos uma perspectiva realista. Ali n\u00e3o faltam exemplos de variadas situa\u00e7\u00f5es humanas a indicar o complexo quadro das rela\u00e7\u00f5es familiares. Nesse sentido, a palavra de Deus apresenta a boa not\u00edcia da fam\u00edlia, mas sem esconder as contradi\u00e7\u00f5es e conflitos t\u00e3o inerentes \u00e0 conviv\u00eancia entre os membros de uma mesma casa.<\/p>\n<p style=\"text-align: justify\">Determinada vez, participei de uma apresenta\u00e7\u00e3o de pesquisa sobre \u201ca fam\u00edlia no ensinamento da Igreja\u201d, que acabou por gerar uma grave crise num jovem que estava presente. Sua conclus\u00e3o foi dolorosa, ao reconhecer que, segundo a pesquisa apresentada, ele n\u00e3o tinha fam\u00edlia. Isso se deveu a uma compreens\u00e3o demasiadamente conceitual por parte da pesquisa, que falhava por desconsiderar o ambiente vital das fam\u00edlias. Infelizmente, isso pode ocorrer nas institui\u00e7\u00f5es e nos discursos que, prezando a fam\u00edlia, acabam por insistir, unilateralmente, no ideal e desprezar o real.<\/p>\n<p style=\"text-align: justify\">Na Igreja, quando se pensa a fam\u00edlia, tem-se como ponto de refer\u00eancia a uni\u00e3o conjugal est\u00e1vel entre homem e mulher e a b\u00ean\u00e7\u00e3o dos filhos. Sabe-se, no entanto, que significativa parte das fam\u00edlias n\u00e3o tem essa configura\u00e7\u00e3o. A pr\u00f3pria Pastoral Familiar definiu um setor de sua atua\u00e7\u00e3o como o de \u201ccasos especiais\u201d. Nesse sentido, ao compreendermos que a a\u00e7\u00e3o pastoral tem como objetivo cuidar de todas as ovelhas, as comunidades precisar\u00e3o estar atentas para anunciar o evangelho da fam\u00edlia \u2013 o ideal, e, ao mesmo tempo, acolher e acompanhar cada fam\u00edlia segundo sua hist\u00f3ria, o real.<\/p>\n<p style=\"text-align: justify\">Ciente dos desafios do mundo familiar, Papa Francisco intitulou o cap\u00edtulo VIII da Exorta\u00e7\u00e3o Apost\u00f3lica P\u00f3s-sinodal <em>Amoris laetitia<\/em> de modo interessante: \u201cAcompanhar, discernir e integrar a fragilidade\u201d. Dessa forma, o Santo Padre abre uma perspectiva eminentemente pastoral que respeita o processo de matura\u00e7\u00e3o das pessoas e exige dos pastores e dos agentes da Pastoral Familiar esmerada aten\u00e7\u00e3o e zelo no acompanhamento das fam\u00edlias. Aqui, tamb\u00e9m, \u00e9 preciso tomar cuidado para n\u00e3o idealizar a capacidade dos pastores e da Pastoral Familiar, pois nesse caminho somos todos aprendizes. E n\u00e3o h\u00e1 melhor escola para o acompanhamento, o discernimento e a integra\u00e7\u00e3o na fragilidade do que dispor-se a escutar o outro, cada c\u00f4njuge, o casal. Um pr\u00e9-requisito de grande valia n\u00e3o pode ser esquecido: ningu\u00e9m escutar\u00e1 com liberdade, amor e miseric\u00f3rdia a hist\u00f3ria da fam\u00edlia do outro, se n\u00e3o se dispuser a escutar a sua hist\u00f3ria pessoal e familiar. O primeiro universo real da fam\u00edlia \u00e9 o da fam\u00edlia de cada um. Sem essa escuta n\u00e3o se vai muito longe.<\/p>\n","protected":false},"excerpt":{"rendered":"<p>Jo\u00e3o Justino de Medeiros Silva Arcebispo Metropolitano de Montes Claros Toda pessoa, de uma forma ou de outra, tem sua experi\u00eancia de fam\u00edlia, por vezes maravilhosa e em alguns casos traum\u00e1tica. Quando o tema \u00e9 fam\u00edlia, evoca-se grande vari\u00e1vel de sentimentos e pensamentos. De um lado, h\u00e1 discursos excessivamente idealizados sobre fam\u00edlia, que a descrevem &hellip;<\/p>\n<p class=\"read-more\"> <a class=\"\" href=\"https:\/\/www.cnbb.org.br\/familia-entre-o-ideal-e-o-real\/\"> <span class=\"screen-reader-text\">Fam\u00edlia, entre o ideal e o real<\/span> Leia mais &raquo;<\/a><\/p>\n","protected":false},"author":64,"featured_media":0,"comment_status":"closed","ping_status":"open","sticky":false,"template":"","format":"standard","meta":{"site-sidebar-layout":"default","site-content-layout":"default","ast-global-header-display":"","ast-banner-title-visibility":"","ast-main-header-display":"","ast-hfb-above-header-display":"","ast-hfb-below-header-display":"","ast-hfb-mobile-header-display":"","site-post-title":"","ast-breadcrumbs-content":"","ast-featured-img":"","footer-sml-layout":"","theme-transparent-header-meta":"","adv-header-id-meta":"","stick-header-meta":"","header-above-stick-meta":"","header-main-stick-meta":"","header-below-stick-meta":""},"categories":[758],"tags":[],"acf":[],"_links":{"self":[{"href":"https:\/\/www.cnbb.org.br\/cnbb-app\/wp\/v2\/posts\/35079"}],"collection":[{"href":"https:\/\/www.cnbb.org.br\/cnbb-app\/wp\/v2\/posts"}],"about":[{"href":"https:\/\/www.cnbb.org.br\/cnbb-app\/wp\/v2\/types\/post"}],"author":[{"embeddable":true,"href":"https:\/\/www.cnbb.org.br\/cnbb-app\/wp\/v2\/users\/64"}],"replies":[{"embeddable":true,"href":"https:\/\/www.cnbb.org.br\/cnbb-app\/wp\/v2\/comments?post=35079"}],"version-history":[{"count":0,"href":"https:\/\/www.cnbb.org.br\/cnbb-app\/wp\/v2\/posts\/35079\/revisions"}],"wp:attachment":[{"href":"https:\/\/www.cnbb.org.br\/cnbb-app\/wp\/v2\/media?parent=35079"}],"wp:term":[{"taxonomy":"category","embeddable":true,"href":"https:\/\/www.cnbb.org.br\/cnbb-app\/wp\/v2\/categories?post=35079"},{"taxonomy":"post_tag","embeddable":true,"href":"https:\/\/www.cnbb.org.br\/cnbb-app\/wp\/v2\/tags?post=35079"}],"curies":[{"name":"wp","href":"https:\/\/api.w.org\/{rel}","templated":true}]}}